{"id":11985,"date":"2026-03-31T19:01:28","date_gmt":"2026-03-31T22:01:28","guid":{"rendered":"https:\/\/maetinganoticias.com\/?p=11985"},"modified":"2026-03-31T19:01:29","modified_gmt":"2026-03-31T22:01:29","slug":"prefeito-renatinho-da-inicio-a-obra-do-cemiterio-do-distrito-de-vila-mariana-e-atende-demanda-historica-da-comunidade","status":"publish","type":"post","link":"https:\/\/maetinganoticias.com\/index.php\/2026\/03\/31\/prefeito-renatinho-da-inicio-a-obra-do-cemiterio-do-distrito-de-vila-mariana-e-atende-demanda-historica-da-comunidade\/","title":{"rendered":"Prefeito Renatinho d\u00e1 in\u00edcio \u00e0 obra do cemit\u00e9rio do distrito de Vila Mariana e atende demanda hist\u00f3rica da comunidade"},"content":{"rendered":"\n<p>O prefeito Renatinho autorizou o in\u00edcio das obras do cemit\u00e9rio da <strong>comunidade de Vila Mariana, em Cara\u00edbas<\/strong>, atendendo a uma antiga reivindica\u00e7\u00e3o dos moradores da localidade.<\/p>\n\n\n\n<p>A constru\u00e7\u00e3o do espa\u00e7o era aguardada h\u00e1 mais de uma d\u00e9cada. O terreno destinado ao cemit\u00e9rio foi doado pela fam\u00edlia de Vanderluce h\u00e1 cerca de 12 anos, mas, at\u00e9 ent\u00e3o, o projeto n\u00e3o havia avan\u00e7ado em gest\u00f5es anteriores.<\/p>\n\n\n\n<p>Com a retomada da iniciativa, os servi\u00e7os j\u00e1 est\u00e3o em andamento e contam com equipes trabalhando no local. A visita t\u00e9cnica foi acompanhada por um representante da comunidade, refor\u00e7ando a participa\u00e7\u00e3o popular no acompanhamento das a\u00e7\u00f5es do poder p\u00fablico.<\/p>\n\n\n\n<p>De acordo com a gest\u00e3o municipal, a obra representa um passo importante para atender \u00e0s necessidades da popula\u00e7\u00e3o da Vila Mariana, garantindo mais dignidade \u00e0s fam\u00edlias. A administra\u00e7\u00e3o destacou ainda que seguir\u00e1 empenhada em tirar projetos do papel e dar continuidade a demandas hist\u00f3ricas do munic\u00edpio.<\/p>\n","protected":false},"excerpt":{"rendered":"<p>O prefeito Renatinho autorizou o in\u00edcio das obras do cemit\u00e9rio da comunidade de Vila Mariana, em Cara\u00edbas, atendendo a uma antiga reivindica\u00e7\u00e3o dos moradores da localidade. A constru\u00e7\u00e3o do espa\u00e7o era aguardada h\u00e1 mais de uma d\u00e9cada. O terreno destinado ao cemit\u00e9rio foi doado pela fam\u00edlia de Vanderluce h\u00e1 cerca de 12 anos, mas, at\u00e9 [&hellip;]<\/p>\n","protected":false},"author":1,"featured_media":11986,"comment_status":"open","ping_status":"open","sticky":false,"template":"","format":"standard","meta":{"om_disable_all_campaigns":false,"_monsterinsights_skip_tracking":false,"_monsterinsights_sitenote_active":false,"_monsterinsights_sitenote_note":"","_monsterinsights_sitenote_category":0,"_uf_show_specific_survey":0,"_uf_disable_surveys":false,"footnotes":""},"categories":[189],"tags":[],"class_list":{"0":"post-11985","1":"post","2":"type-post","3":"status-publish","4":"format-standard","5":"has-post-thumbnail","7":"category-caraibas"},"yoast_head":"<!-- This site is optimized with the Yoast SEO plugin v27.4 - https:\/\/yoast.com\/product\/yoast-seo-wordpress\/ -->\n<title>Prefeito Renatinho d\u00e1 in\u00edcio \u00e0 obra do cemit\u00e9rio do distrito de Vila Mariana e atende demanda hist\u00f3rica da comunidade - Maetinga Not\u00edcias<\/title>\n<meta name=\"robots\" content=\"index, follow, max-snippet:-1, max-image-preview:large, max-video-preview:-1\" \/>\n<link rel=\"canonical\" href=\"https:\/\/maetinganoticias.com\/index.php\/2026\/03\/31\/prefeito-renatinho-da-inicio-a-obra-do-cemiterio-do-distrito-de-vila-mariana-e-atende-demanda-historica-da-comunidade\/\" \/>\n<meta property=\"og:locale\" content=\"pt_BR\" \/>\n<meta property=\"og:type\" content=\"article\" \/>\n<meta property=\"og:title\" content=\"Prefeito Renatinho d\u00e1 in\u00edcio \u00e0 obra do cemit\u00e9rio do distrito de Vila Mariana e atende demanda hist\u00f3rica da comunidade - Maetinga Not\u00edcias\" \/>\n<meta property=\"og:description\" content=\"O prefeito Renatinho autorizou o in\u00edcio das obras do cemit\u00e9rio da comunidade de Vila Mariana, em Cara\u00edbas, atendendo a uma antiga reivindica\u00e7\u00e3o dos moradores da localidade. A constru\u00e7\u00e3o do espa\u00e7o era aguardada h\u00e1 mais de uma d\u00e9cada. O terreno destinado ao cemit\u00e9rio foi doado pela fam\u00edlia de Vanderluce h\u00e1 cerca de 12 anos, mas, at\u00e9 [&hellip;]\" \/>\n<meta property=\"og:url\" content=\"https:\/\/maetinganoticias.com\/index.php\/2026\/03\/31\/prefeito-renatinho-da-inicio-a-obra-do-cemiterio-do-distrito-de-vila-mariana-e-atende-demanda-historica-da-comunidade\/\" \/>\n<meta property=\"og:site_name\" content=\"Maetinga Not\u00edcias\" \/>\n<meta property=\"article:published_time\" content=\"2026-03-31T22:01:28+00:00\" \/>\n<meta property=\"article:modified_time\" content=\"2026-03-31T22:01:29+00:00\" \/>\n<meta property=\"og:image\" content=\"https:\/\/maetinganoticias.com\/wp-content\/uploads\/2026\/03\/3fce7781-d625-4bb0-9b5a-17faa65154c8-1024x683.png\" \/>\n\t<meta property=\"og:image:width\" content=\"1024\" \/>\n\t<meta property=\"og:image:height\" content=\"683\" \/>\n\t<meta property=\"og:image:type\" content=\"image\/png\" \/>\n<meta name=\"author\" content=\"Maetinga Not\u00edcias\" \/>\n<meta name=\"twitter:card\" content=\"summary_large_image\" \/>\n<meta name=\"twitter:label1\" content=\"Escrito por\" \/>\n\t<meta name=\"twitter:data1\" content=\"Maetinga Not\u00edcias\" \/>\n\t<meta name=\"twitter:label2\" content=\"Est. tempo de leitura\" \/>\n\t<meta name=\"twitter:data2\" content=\"2 minutos\" \/>\n<script type=\"application\/ld+json\" class=\"yoast-schema-graph\">{\"@context\":\"https:\\\/\\\/schema.org\",\"@graph\":[{\"@type\":[\"Article\",\"BlogPosting\"],\"@id\":\"https:\\\/\\\/maetinganoticias.com\\\/index.php\\\/2026\\\/03\\\/31\\\/prefeito-renatinho-da-inicio-a-obra-do-cemiterio-do-distrito-de-vila-mariana-e-atende-demanda-historica-da-comunidade\\\/#article\",\"isPartOf\":{\"@id\":\"https:\\\/\\\/maetinganoticias.com\\\/index.php\\\/2026\\\/03\\\/31\\\/prefeito-renatinho-da-inicio-a-obra-do-cemiterio-do-distrito-de-vila-mariana-e-atende-demanda-historica-da-comunidade\\\/\"},\"author\":{\"name\":\"Maetinga Not\u00edcias\",\"@id\":\"https:\\\/\\\/maetinganoticias.com\\\/#\\\/schema\\\/person\\\/968cf95e67a6810fc7fb35bbc9016962\"},\"headline\":\"Prefeito Renatinho d\u00e1 in\u00edcio \u00e0 obra do cemit\u00e9rio do distrito de Vila Mariana e atende demanda hist\u00f3rica da comunidade\",\"datePublished\":\"2026-03-31T22:01:28+00:00\",\"dateModified\":\"2026-03-31T22:01:29+00:00\",\"mainEntityOfPage\":{\"@id\":\"https:\\\/\\\/maetinganoticias.com\\\/index.php\\\/2026\\\/03\\\/31\\\/prefeito-renatinho-da-inicio-a-obra-do-cemiterio-do-distrito-de-vila-mariana-e-atende-demanda-historica-da-comunidade\\\/\"},\"wordCount\":195,\"commentCount\":0,\"publisher\":{\"@id\":\"https:\\\/\\\/maetinganoticias.com\\\/#organization\"},\"image\":{\"@id\":\"https:\\\/\\\/maetinganoticias.com\\\/index.php\\\/2026\\\/03\\\/31\\\/prefeito-renatinho-da-inicio-a-obra-do-cemiterio-do-distrito-de-vila-mariana-e-atende-demanda-historica-da-comunidade\\\/#primaryimage\"},\"thumbnailUrl\":\"https:\\\/\\\/maetinganoticias.com\\\/wp-content\\\/uploads\\\/2026\\\/03\\\/3fce7781-d625-4bb0-9b5a-17faa65154c8.png\",\"articleSection\":[\"Cara\u00edbas\"],\"inLanguage\":\"pt-BR\",\"potentialAction\":[{\"@type\":\"CommentAction\",\"name\":\"Comment\",\"target\":[\"https:\\\/\\\/maetinganoticias.com\\\/index.php\\\/2026\\\/03\\\/31\\\/prefeito-renatinho-da-inicio-a-obra-do-cemiterio-do-distrito-de-vila-mariana-e-atende-demanda-historica-da-comunidade\\\/#respond\"]}]},{\"@type\":\"WebPage\",\"@id\":\"https:\\\/\\\/maetinganoticias.com\\\/index.php\\\/2026\\\/03\\\/31\\\/prefeito-renatinho-da-inicio-a-obra-do-cemiterio-do-distrito-de-vila-mariana-e-atende-demanda-historica-da-comunidade\\\/\",\"url\":\"https:\\\/\\\/maetinganoticias.com\\\/index.php\\\/2026\\\/03\\\/31\\\/prefeito-renatinho-da-inicio-a-obra-do-cemiterio-do-distrito-de-vila-mariana-e-atende-demanda-historica-da-comunidade\\\/\",\"name\":\"Prefeito Renatinho d\u00e1 in\u00edcio \u00e0 obra do cemit\u00e9rio do distrito de Vila Mariana e atende demanda hist\u00f3rica da comunidade - Maetinga Not\u00edcias\",\"isPartOf\":{\"@id\":\"https:\\\/\\\/maetinganoticias.com\\\/#website\"},\"primaryImageOfPage\":{\"@id\":\"https:\\\/\\\/maetinganoticias.com\\\/index.php\\\/2026\\\/03\\\/31\\\/prefeito-renatinho-da-inicio-a-obra-do-cemiterio-do-distrito-de-vila-mariana-e-atende-demanda-historica-da-comunidade\\\/#primaryimage\"},\"image\":{\"@id\":\"https:\\\/\\\/maetinganoticias.com\\\/index.php\\\/2026\\\/03\\\/31\\\/prefeito-renatinho-da-inicio-a-obra-do-cemiterio-do-distrito-de-vila-mariana-e-atende-demanda-historica-da-comunidade\\\/#primaryimage\"},\"thumbnailUrl\":\"https:\\\/\\\/maetinganoticias.com\\\/wp-content\\\/uploads\\\/2026\\\/03\\\/3fce7781-d625-4bb0-9b5a-17faa65154c8.png\",\"datePublished\":\"2026-03-31T22:01:28+00:00\",\"dateModified\":\"2026-03-31T22:01:29+00:00\",\"breadcrumb\":{\"@id\":\"https:\\\/\\\/maetinganoticias.com\\\/index.php\\\/2026\\\/03\\\/31\\\/prefeito-renatinho-da-inicio-a-obra-do-cemiterio-do-distrito-de-vila-mariana-e-atende-demanda-historica-da-comunidade\\\/#breadcrumb\"},\"inLanguage\":\"pt-BR\",\"potentialAction\":[{\"@type\":\"ReadAction\",\"target\":[\"https:\\\/\\\/maetinganoticias.com\\\/index.php\\\/2026\\\/03\\\/31\\\/prefeito-renatinho-da-inicio-a-obra-do-cemiterio-do-distrito-de-vila-mariana-e-atende-demanda-historica-da-comunidade\\\/\"]}]},{\"@type\":\"ImageObject\",\"inLanguage\":\"pt-BR\",\"@id\":\"https:\\\/\\\/maetinganoticias.com\\\/index.php\\\/2026\\\/03\\\/31\\\/prefeito-renatinho-da-inicio-a-obra-do-cemiterio-do-distrito-de-vila-mariana-e-atende-demanda-historica-da-comunidade\\\/#primaryimage\",\"url\":\"https:\\\/\\\/maetinganoticias.com\\\/wp-content\\\/uploads\\\/2026\\\/03\\\/3fce7781-d625-4bb0-9b5a-17faa65154c8.png\",\"contentUrl\":\"https:\\\/\\\/maetinganoticias.com\\\/wp-content\\\/uploads\\\/2026\\\/03\\\/3fce7781-d625-4bb0-9b5a-17faa65154c8.png\",\"width\":1536,\"height\":1024},{\"@type\":\"BreadcrumbList\",\"@id\":\"https:\\\/\\\/maetinganoticias.com\\\/index.php\\\/2026\\\/03\\\/31\\\/prefeito-renatinho-da-inicio-a-obra-do-cemiterio-do-distrito-de-vila-mariana-e-atende-demanda-historica-da-comunidade\\\/#breadcrumb\",\"itemListElement\":[{\"@type\":\"ListItem\",\"position\":1,\"name\":\"In\u00edcio\",\"item\":\"https:\\\/\\\/maetinganoticias.com\\\/\"},{\"@type\":\"ListItem\",\"position\":2,\"name\":\"Prefeito Renatinho d\u00e1 in\u00edcio \u00e0 obra do cemit\u00e9rio do distrito de Vila Mariana e atende demanda hist\u00f3rica da comunidade\"}]},{\"@type\":\"WebSite\",\"@id\":\"https:\\\/\\\/maetinganoticias.com\\\/#website\",\"url\":\"https:\\\/\\\/maetinganoticias.com\\\/\",\"name\":\"Maetinga Not\u00edcias\",\"description\":\"A Voz do Interior Baiano!\",\"publisher\":{\"@id\":\"https:\\\/\\\/maetinganoticias.com\\\/#organization\"},\"potentialAction\":[{\"@type\":\"SearchAction\",\"target\":{\"@type\":\"EntryPoint\",\"urlTemplate\":\"https:\\\/\\\/maetinganoticias.com\\\/?s={search_term_string}\"},\"query-input\":{\"@type\":\"PropertyValueSpecification\",\"valueRequired\":true,\"valueName\":\"search_term_string\"}}],\"inLanguage\":\"pt-BR\"},{\"@type\":\"Organization\",\"@id\":\"https:\\\/\\\/maetinganoticias.com\\\/#organization\",\"name\":\"Maetinga Not\u00edcias\",\"url\":\"https:\\\/\\\/maetinganoticias.com\\\/\",\"logo\":{\"@type\":\"ImageObject\",\"inLanguage\":\"pt-BR\",\"@id\":\"https:\\\/\\\/maetinganoticias.com\\\/#\\\/schema\\\/logo\\\/image\\\/\",\"url\":\"https:\\\/\\\/maetinganoticias.com\\\/wp-content\\\/uploads\\\/2023\\\/07\\\/cropped-cropped-cropped-cropped-BUSINESS-3-42-1.png\",\"contentUrl\":\"https:\\\/\\\/maetinganoticias.com\\\/wp-content\\\/uploads\\\/2023\\\/07\\\/cropped-cropped-cropped-cropped-BUSINESS-3-42-1.png\",\"width\":485,\"height\":109,\"caption\":\"Maetinga Not\u00edcias\"},\"image\":{\"@id\":\"https:\\\/\\\/maetinganoticias.com\\\/#\\\/schema\\\/logo\\\/image\\\/\"}},{\"@type\":\"Person\",\"@id\":\"https:\\\/\\\/maetinganoticias.com\\\/#\\\/schema\\\/person\\\/968cf95e67a6810fc7fb35bbc9016962\",\"name\":\"Maetinga Not\u00edcias\",\"image\":{\"@type\":\"ImageObject\",\"inLanguage\":\"pt-BR\",\"@id\":\"https:\\\/\\\/secure.gravatar.com\\\/avatar\\\/32e078313a5ca37a6c8d44e716ed4f9e87ecfde7222d2b88a1424bd49654f187?s=96&d=mm&r=g\",\"url\":\"https:\\\/\\\/secure.gravatar.com\\\/avatar\\\/32e078313a5ca37a6c8d44e716ed4f9e87ecfde7222d2b88a1424bd49654f187?s=96&d=mm&r=g\",\"contentUrl\":\"https:\\\/\\\/secure.gravatar.com\\\/avatar\\\/32e078313a5ca37a6c8d44e716ed4f9e87ecfde7222d2b88a1424bd49654f187?s=96&d=mm&r=g\",\"caption\":\"Maetinga Not\u00edcias\"},\"description\":\"A voz do Interior Baiano!\",\"sameAs\":[\"https:\\\/\\\/maetinganoticias.com\",\"https:\\\/\\\/www.instagram.com\\\/blogmaetinganoticias\\\/\"],\"url\":\"https:\\\/\\\/maetinganoticias.com\\\/index.php\\\/author\\\/carlosvianna13\\\/\"}]}<\/script>\n<!-- \/ Yoast SEO plugin. -->","yoast_head_json":{"title":"Prefeito Renatinho d\u00e1 in\u00edcio \u00e0 obra do cemit\u00e9rio do distrito de Vila Mariana e atende demanda hist\u00f3rica da comunidade - Maetinga Not\u00edcias","robots":{"index":"index","follow":"follow","max-snippet":"max-snippet:-1","max-image-preview":"max-image-preview:large","max-video-preview":"max-video-preview:-1"},"canonical":"https:\/\/maetinganoticias.com\/index.php\/2026\/03\/31\/prefeito-renatinho-da-inicio-a-obra-do-cemiterio-do-distrito-de-vila-mariana-e-atende-demanda-historica-da-comunidade\/","og_locale":"pt_BR","og_type":"article","og_title":"Prefeito Renatinho d\u00e1 in\u00edcio \u00e0 obra do cemit\u00e9rio do distrito de Vila Mariana e atende demanda hist\u00f3rica da comunidade - Maetinga Not\u00edcias","og_description":"O prefeito Renatinho autorizou o in\u00edcio das obras do cemit\u00e9rio da comunidade de Vila Mariana, em Cara\u00edbas, atendendo a uma antiga reivindica\u00e7\u00e3o dos moradores da localidade. A constru\u00e7\u00e3o do espa\u00e7o era aguardada h\u00e1 mais de uma d\u00e9cada. O terreno destinado ao cemit\u00e9rio foi doado pela fam\u00edlia de Vanderluce h\u00e1 cerca de 12 anos, mas, at\u00e9 [&hellip;]","og_url":"https:\/\/maetinganoticias.com\/index.php\/2026\/03\/31\/prefeito-renatinho-da-inicio-a-obra-do-cemiterio-do-distrito-de-vila-mariana-e-atende-demanda-historica-da-comunidade\/","og_site_name":"Maetinga Not\u00edcias","article_published_time":"2026-03-31T22:01:28+00:00","article_modified_time":"2026-03-31T22:01:29+00:00","og_image":[{"width":1024,"height":683,"url":"https:\/\/maetinganoticias.com\/wp-content\/uploads\/2026\/03\/3fce7781-d625-4bb0-9b5a-17faa65154c8-1024x683.png","type":"image\/png"}],"author":"Maetinga Not\u00edcias","twitter_card":"summary_large_image","twitter_misc":{"Escrito por":"Maetinga Not\u00edcias","Est. tempo de leitura":"2 minutos"},"schema":{"@context":"https:\/\/schema.org","@graph":[{"@type":["Article","BlogPosting"],"@id":"https:\/\/maetinganoticias.com\/index.php\/2026\/03\/31\/prefeito-renatinho-da-inicio-a-obra-do-cemiterio-do-distrito-de-vila-mariana-e-atende-demanda-historica-da-comunidade\/#article","isPartOf":{"@id":"https:\/\/maetinganoticias.com\/index.php\/2026\/03\/31\/prefeito-renatinho-da-inicio-a-obra-do-cemiterio-do-distrito-de-vila-mariana-e-atende-demanda-historica-da-comunidade\/"},"author":{"name":"Maetinga Not\u00edcias","@id":"https:\/\/maetinganoticias.com\/#\/schema\/person\/968cf95e67a6810fc7fb35bbc9016962"},"headline":"Prefeito Renatinho d\u00e1 in\u00edcio \u00e0 obra do cemit\u00e9rio do distrito de Vila Mariana e atende demanda hist\u00f3rica da comunidade","datePublished":"2026-03-31T22:01:28+00:00","dateModified":"2026-03-31T22:01:29+00:00","mainEntityOfPage":{"@id":"https:\/\/maetinganoticias.com\/index.php\/2026\/03\/31\/prefeito-renatinho-da-inicio-a-obra-do-cemiterio-do-distrito-de-vila-mariana-e-atende-demanda-historica-da-comunidade\/"},"wordCount":195,"commentCount":0,"publisher":{"@id":"https:\/\/maetinganoticias.com\/#organization"},"image":{"@id":"https:\/\/maetinganoticias.com\/index.php\/2026\/03\/31\/prefeito-renatinho-da-inicio-a-obra-do-cemiterio-do-distrito-de-vila-mariana-e-atende-demanda-historica-da-comunidade\/#primaryimage"},"thumbnailUrl":"https:\/\/maetinganoticias.com\/wp-content\/uploads\/2026\/03\/3fce7781-d625-4bb0-9b5a-17faa65154c8.png","articleSection":["Cara\u00edbas"],"inLanguage":"pt-BR","potentialAction":[{"@type":"CommentAction","name":"Comment","target":["https:\/\/maetinganoticias.com\/index.php\/2026\/03\/31\/prefeito-renatinho-da-inicio-a-obra-do-cemiterio-do-distrito-de-vila-mariana-e-atende-demanda-historica-da-comunidade\/#respond"]}]},{"@type":"WebPage","@id":"https:\/\/maetinganoticias.com\/index.php\/2026\/03\/31\/prefeito-renatinho-da-inicio-a-obra-do-cemiterio-do-distrito-de-vila-mariana-e-atende-demanda-historica-da-comunidade\/","url":"https:\/\/maetinganoticias.com\/index.php\/2026\/03\/31\/prefeito-renatinho-da-inicio-a-obra-do-cemiterio-do-distrito-de-vila-mariana-e-atende-demanda-historica-da-comunidade\/","name":"Prefeito Renatinho d\u00e1 in\u00edcio \u00e0 obra do cemit\u00e9rio do distrito de Vila Mariana e atende demanda hist\u00f3rica da comunidade - Maetinga Not\u00edcias","isPartOf":{"@id":"https:\/\/maetinganoticias.com\/#website"},"primaryImageOfPage":{"@id":"https:\/\/maetinganoticias.com\/index.php\/2026\/03\/31\/prefeito-renatinho-da-inicio-a-obra-do-cemiterio-do-distrito-de-vila-mariana-e-atende-demanda-historica-da-comunidade\/#primaryimage"},"image":{"@id":"https:\/\/maetinganoticias.com\/index.php\/2026\/03\/31\/prefeito-renatinho-da-inicio-a-obra-do-cemiterio-do-distrito-de-vila-mariana-e-atende-demanda-historica-da-comunidade\/#primaryimage"},"thumbnailUrl":"https:\/\/maetinganoticias.com\/wp-content\/uploads\/2026\/03\/3fce7781-d625-4bb0-9b5a-17faa65154c8.png","datePublished":"2026-03-31T22:01:28+00:00","dateModified":"2026-03-31T22:01:29+00:00","breadcrumb":{"@id":"https:\/\/maetinganoticias.com\/index.php\/2026\/03\/31\/prefeito-renatinho-da-inicio-a-obra-do-cemiterio-do-distrito-de-vila-mariana-e-atende-demanda-historica-da-comunidade\/#breadcrumb"},"inLanguage":"pt-BR","potentialAction":[{"@type":"ReadAction","target":["https:\/\/maetinganoticias.com\/index.php\/2026\/03\/31\/prefeito-renatinho-da-inicio-a-obra-do-cemiterio-do-distrito-de-vila-mariana-e-atende-demanda-historica-da-comunidade\/"]}]},{"@type":"ImageObject","inLanguage":"pt-BR","@id":"https:\/\/maetinganoticias.com\/index.php\/2026\/03\/31\/prefeito-renatinho-da-inicio-a-obra-do-cemiterio-do-distrito-de-vila-mariana-e-atende-demanda-historica-da-comunidade\/#primaryimage","url":"https:\/\/maetinganoticias.com\/wp-content\/uploads\/2026\/03\/3fce7781-d625-4bb0-9b5a-17faa65154c8.png","contentUrl":"https:\/\/maetinganoticias.com\/wp-content\/uploads\/2026\/03\/3fce7781-d625-4bb0-9b5a-17faa65154c8.png","width":1536,"height":1024},{"@type":"BreadcrumbList","@id":"https:\/\/maetinganoticias.com\/index.php\/2026\/03\/31\/prefeito-renatinho-da-inicio-a-obra-do-cemiterio-do-distrito-de-vila-mariana-e-atende-demanda-historica-da-comunidade\/#breadcrumb","itemListElement":[{"@type":"ListItem","position":1,"name":"In\u00edcio","item":"https:\/\/maetinganoticias.com\/"},{"@type":"ListItem","position":2,"name":"Prefeito Renatinho d\u00e1 in\u00edcio \u00e0 obra do cemit\u00e9rio do distrito de Vila Mariana e atende demanda hist\u00f3rica da comunidade"}]},{"@type":"WebSite","@id":"https:\/\/maetinganoticias.com\/#website","url":"https:\/\/maetinganoticias.com\/","name":"Maetinga Not\u00edcias","description":"A Voz do Interior Baiano!","publisher":{"@id":"https:\/\/maetinganoticias.com\/#organization"},"potentialAction":[{"@type":"SearchAction","target":{"@type":"EntryPoint","urlTemplate":"https:\/\/maetinganoticias.com\/?s={search_term_string}"},"query-input":{"@type":"PropertyValueSpecification","valueRequired":true,"valueName":"search_term_string"}}],"inLanguage":"pt-BR"},{"@type":"Organization","@id":"https:\/\/maetinganoticias.com\/#organization","name":"Maetinga Not\u00edcias","url":"https:\/\/maetinganoticias.com\/","logo":{"@type":"ImageObject","inLanguage":"pt-BR","@id":"https:\/\/maetinganoticias.com\/#\/schema\/logo\/image\/","url":"https:\/\/maetinganoticias.com\/wp-content\/uploads\/2023\/07\/cropped-cropped-cropped-cropped-BUSINESS-3-42-1.png","contentUrl":"https:\/\/maetinganoticias.com\/wp-content\/uploads\/2023\/07\/cropped-cropped-cropped-cropped-BUSINESS-3-42-1.png","width":485,"height":109,"caption":"Maetinga Not\u00edcias"},"image":{"@id":"https:\/\/maetinganoticias.com\/#\/schema\/logo\/image\/"}},{"@type":"Person","@id":"https:\/\/maetinganoticias.com\/#\/schema\/person\/968cf95e67a6810fc7fb35bbc9016962","name":"Maetinga Not\u00edcias","image":{"@type":"ImageObject","inLanguage":"pt-BR","@id":"https:\/\/secure.gravatar.com\/avatar\/32e078313a5ca37a6c8d44e716ed4f9e87ecfde7222d2b88a1424bd49654f187?s=96&d=mm&r=g","url":"https:\/\/secure.gravatar.com\/avatar\/32e078313a5ca37a6c8d44e716ed4f9e87ecfde7222d2b88a1424bd49654f187?s=96&d=mm&r=g","contentUrl":"https:\/\/secure.gravatar.com\/avatar\/32e078313a5ca37a6c8d44e716ed4f9e87ecfde7222d2b88a1424bd49654f187?s=96&d=mm&r=g","caption":"Maetinga Not\u00edcias"},"description":"A voz do Interior Baiano!","sameAs":["https:\/\/maetinganoticias.com","https:\/\/www.instagram.com\/blogmaetinganoticias\/"],"url":"https:\/\/maetinganoticias.com\/index.php\/author\/carlosvianna13\/"}]}},"_links":{"self":[{"href":"https:\/\/maetinganoticias.com\/index.php\/wp-json\/wp\/v2\/posts\/11985","targetHints":{"allow":["GET"]}}],"collection":[{"href":"https:\/\/maetinganoticias.com\/index.php\/wp-json\/wp\/v2\/posts"}],"about":[{"href":"https:\/\/maetinganoticias.com\/index.php\/wp-json\/wp\/v2\/types\/post"}],"author":[{"embeddable":true,"href":"https:\/\/maetinganoticias.com\/index.php\/wp-json\/wp\/v2\/users\/1"}],"replies":[{"embeddable":true,"href":"https:\/\/maetinganoticias.com\/index.php\/wp-json\/wp\/v2\/comments?post=11985"}],"version-history":[{"count":1,"href":"https:\/\/maetinganoticias.com\/index.php\/wp-json\/wp\/v2\/posts\/11985\/revisions"}],"predecessor-version":[{"id":11987,"href":"https:\/\/maetinganoticias.com\/index.php\/wp-json\/wp\/v2\/posts\/11985\/revisions\/11987"}],"wp:featuredmedia":[{"embeddable":true,"href":"https:\/\/maetinganoticias.com\/index.php\/wp-json\/wp\/v2\/media\/11986"}],"wp:attachment":[{"href":"https:\/\/maetinganoticias.com\/index.php\/wp-json\/wp\/v2\/media?parent=11985"}],"wp:term":[{"taxonomy":"category","embeddable":true,"href":"https:\/\/maetinganoticias.com\/index.php\/wp-json\/wp\/v2\/categories?post=11985"},{"taxonomy":"post_tag","embeddable":true,"href":"https:\/\/maetinganoticias.com\/index.php\/wp-json\/wp\/v2\/tags?post=11985"}],"curies":[{"name":"wp","href":"https:\/\/api.w.org\/{rel}","templated":true}]}}