{"id":11982,"date":"2026-03-31T18:48:44","date_gmt":"2026-03-31T21:48:44","guid":{"rendered":"https:\/\/maetinganoticias.com\/?p=11982"},"modified":"2026-03-31T18:48:45","modified_gmt":"2026-03-31T21:48:45","slug":"lula-confirma-alckmin-como-vice-na-chapa-para-a-disputa-eleitoral-de-2026","status":"publish","type":"post","link":"https:\/\/maetinganoticias.com\/index.php\/2026\/03\/31\/lula-confirma-alckmin-como-vice-na-chapa-para-a-disputa-eleitoral-de-2026\/","title":{"rendered":"Lula confirma Alckmin como vice na chapa para a disputa eleitoral de 2026"},"content":{"rendered":"\n<p>O presidente Luiz In\u00e1cio Lula da Silva confirmou nesta ter\u00e7a-feira (31) que o atual vice-presidente, Geraldo Alckmin, seguir\u00e1 como seu companheiro de chapa na corrida pela reelei\u00e7\u00e3o em 2026.<\/p>\n\n\n\n<p>A declara\u00e7\u00e3o foi feita durante um encontro no Pal\u00e1cio do Planalto, que reuniu integrantes do governo federal. A ocasi\u00e3o tamb\u00e9m marcou um momento de avalia\u00e7\u00e3o das a\u00e7\u00f5es da atual gest\u00e3o, al\u00e9m de servir como despedida de ministros que deixar\u00e3o seus cargos para concorrer a fun\u00e7\u00f5es eletivas no pr\u00f3ximo pleito.<\/p>\n\n\n\n<p>A manuten\u00e7\u00e3o da chapa indica a continuidade da alian\u00e7a pol\u00edtica formada nas elei\u00e7\u00f5es anteriores, refor\u00e7ando a estrat\u00e9gia do grupo para a disputa presidencial.<\/p>\n","protected":false},"excerpt":{"rendered":"<p>O presidente Luiz In\u00e1cio Lula da Silva confirmou nesta ter\u00e7a-feira (31) que o atual vice-presidente, Geraldo Alckmin, seguir\u00e1 como seu companheiro de chapa na corrida pela reelei\u00e7\u00e3o em 2026. A declara\u00e7\u00e3o foi feita durante um encontro no Pal\u00e1cio do Planalto, que reuniu integrantes do governo federal. A ocasi\u00e3o tamb\u00e9m marcou um momento de avalia\u00e7\u00e3o das [&hellip;]<\/p>\n","protected":false},"author":1,"featured_media":11983,"comment_status":"open","ping_status":"open","sticky":false,"template":"","format":"standard","meta":{"om_disable_all_campaigns":false,"_monsterinsights_skip_tracking":false,"_monsterinsights_sitenote_active":false,"_monsterinsights_sitenote_note":"","_monsterinsights_sitenote_category":0,"_uf_show_specific_survey":0,"_uf_disable_surveys":false,"footnotes":""},"categories":[1535],"tags":[],"class_list":{"0":"post-11982","1":"post","2":"type-post","3":"status-publish","4":"format-standard","5":"has-post-thumbnail","7":"category-eleicoes-2026-2"},"yoast_head":"<!-- This site is optimized with the Yoast SEO plugin v27.4 - https:\/\/yoast.com\/product\/yoast-seo-wordpress\/ -->\n<title>Lula confirma Alckmin como vice na chapa para a disputa eleitoral de 2026 - Maetinga Not\u00edcias<\/title>\n<meta name=\"robots\" content=\"index, follow, max-snippet:-1, max-image-preview:large, max-video-preview:-1\" \/>\n<link rel=\"canonical\" href=\"https:\/\/maetinganoticias.com\/index.php\/2026\/03\/31\/lula-confirma-alckmin-como-vice-na-chapa-para-a-disputa-eleitoral-de-2026\/\" \/>\n<meta property=\"og:locale\" content=\"pt_BR\" \/>\n<meta property=\"og:type\" content=\"article\" \/>\n<meta property=\"og:title\" content=\"Lula confirma Alckmin como vice na chapa para a disputa eleitoral de 2026 - Maetinga Not\u00edcias\" \/>\n<meta property=\"og:description\" content=\"O presidente Luiz In\u00e1cio Lula da Silva confirmou nesta ter\u00e7a-feira (31) que o atual vice-presidente, Geraldo Alckmin, seguir\u00e1 como seu companheiro de chapa na corrida pela reelei\u00e7\u00e3o em 2026. A declara\u00e7\u00e3o foi feita durante um encontro no Pal\u00e1cio do Planalto, que reuniu integrantes do governo federal. A ocasi\u00e3o tamb\u00e9m marcou um momento de avalia\u00e7\u00e3o das [&hellip;]\" \/>\n<meta property=\"og:url\" content=\"https:\/\/maetinganoticias.com\/index.php\/2026\/03\/31\/lula-confirma-alckmin-como-vice-na-chapa-para-a-disputa-eleitoral-de-2026\/\" \/>\n<meta property=\"og:site_name\" content=\"Maetinga Not\u00edcias\" \/>\n<meta property=\"article:published_time\" content=\"2026-03-31T21:48:44+00:00\" \/>\n<meta property=\"article:modified_time\" content=\"2026-03-31T21:48:45+00:00\" \/>\n<meta name=\"author\" content=\"Maetinga Not\u00edcias\" \/>\n<meta name=\"twitter:card\" content=\"summary_large_image\" \/>\n<meta name=\"twitter:label1\" content=\"Escrito por\" \/>\n\t<meta name=\"twitter:data1\" content=\"Maetinga Not\u00edcias\" \/>\n\t<meta name=\"twitter:label2\" content=\"Est. tempo de leitura\" \/>\n\t<meta name=\"twitter:data2\" content=\"1 minuto\" \/>\n<script type=\"application\/ld+json\" class=\"yoast-schema-graph\">{\"@context\":\"https:\\\/\\\/schema.org\",\"@graph\":[{\"@type\":[\"Article\",\"BlogPosting\"],\"@id\":\"https:\\\/\\\/maetinganoticias.com\\\/index.php\\\/2026\\\/03\\\/31\\\/lula-confirma-alckmin-como-vice-na-chapa-para-a-disputa-eleitoral-de-2026\\\/#article\",\"isPartOf\":{\"@id\":\"https:\\\/\\\/maetinganoticias.com\\\/index.php\\\/2026\\\/03\\\/31\\\/lula-confirma-alckmin-como-vice-na-chapa-para-a-disputa-eleitoral-de-2026\\\/\"},\"author\":{\"name\":\"Maetinga Not\u00edcias\",\"@id\":\"https:\\\/\\\/maetinganoticias.com\\\/#\\\/schema\\\/person\\\/968cf95e67a6810fc7fb35bbc9016962\"},\"headline\":\"Lula confirma Alckmin como vice na chapa para a disputa eleitoral de 2026\",\"datePublished\":\"2026-03-31T21:48:44+00:00\",\"dateModified\":\"2026-03-31T21:48:45+00:00\",\"mainEntityOfPage\":{\"@id\":\"https:\\\/\\\/maetinganoticias.com\\\/index.php\\\/2026\\\/03\\\/31\\\/lula-confirma-alckmin-como-vice-na-chapa-para-a-disputa-eleitoral-de-2026\\\/\"},\"wordCount\":131,\"commentCount\":1,\"publisher\":{\"@id\":\"https:\\\/\\\/maetinganoticias.com\\\/#organization\"},\"image\":{\"@id\":\"https:\\\/\\\/maetinganoticias.com\\\/index.php\\\/2026\\\/03\\\/31\\\/lula-confirma-alckmin-como-vice-na-chapa-para-a-disputa-eleitoral-de-2026\\\/#primaryimage\"},\"thumbnailUrl\":\"https:\\\/\\\/maetinganoticias.com\\\/wp-content\\\/uploads\\\/2026\\\/03\\\/55086544102-a382fe342d-k.avif\",\"articleSection\":[\"ELEI\u00c7\u00d5ES 2026\"],\"inLanguage\":\"pt-BR\",\"potentialAction\":[{\"@type\":\"CommentAction\",\"name\":\"Comment\",\"target\":[\"https:\\\/\\\/maetinganoticias.com\\\/index.php\\\/2026\\\/03\\\/31\\\/lula-confirma-alckmin-como-vice-na-chapa-para-a-disputa-eleitoral-de-2026\\\/#respond\"]}]},{\"@type\":\"WebPage\",\"@id\":\"https:\\\/\\\/maetinganoticias.com\\\/index.php\\\/2026\\\/03\\\/31\\\/lula-confirma-alckmin-como-vice-na-chapa-para-a-disputa-eleitoral-de-2026\\\/\",\"url\":\"https:\\\/\\\/maetinganoticias.com\\\/index.php\\\/2026\\\/03\\\/31\\\/lula-confirma-alckmin-como-vice-na-chapa-para-a-disputa-eleitoral-de-2026\\\/\",\"name\":\"Lula confirma Alckmin como vice na chapa para a disputa eleitoral de 2026 - Maetinga Not\u00edcias\",\"isPartOf\":{\"@id\":\"https:\\\/\\\/maetinganoticias.com\\\/#website\"},\"primaryImageOfPage\":{\"@id\":\"https:\\\/\\\/maetinganoticias.com\\\/index.php\\\/2026\\\/03\\\/31\\\/lula-confirma-alckmin-como-vice-na-chapa-para-a-disputa-eleitoral-de-2026\\\/#primaryimage\"},\"image\":{\"@id\":\"https:\\\/\\\/maetinganoticias.com\\\/index.php\\\/2026\\\/03\\\/31\\\/lula-confirma-alckmin-como-vice-na-chapa-para-a-disputa-eleitoral-de-2026\\\/#primaryimage\"},\"thumbnailUrl\":\"https:\\\/\\\/maetinganoticias.com\\\/wp-content\\\/uploads\\\/2026\\\/03\\\/55086544102-a382fe342d-k.avif\",\"datePublished\":\"2026-03-31T21:48:44+00:00\",\"dateModified\":\"2026-03-31T21:48:45+00:00\",\"breadcrumb\":{\"@id\":\"https:\\\/\\\/maetinganoticias.com\\\/index.php\\\/2026\\\/03\\\/31\\\/lula-confirma-alckmin-como-vice-na-chapa-para-a-disputa-eleitoral-de-2026\\\/#breadcrumb\"},\"inLanguage\":\"pt-BR\",\"potentialAction\":[{\"@type\":\"ReadAction\",\"target\":[\"https:\\\/\\\/maetinganoticias.com\\\/index.php\\\/2026\\\/03\\\/31\\\/lula-confirma-alckmin-como-vice-na-chapa-para-a-disputa-eleitoral-de-2026\\\/\"]}]},{\"@type\":\"ImageObject\",\"inLanguage\":\"pt-BR\",\"@id\":\"https:\\\/\\\/maetinganoticias.com\\\/index.php\\\/2026\\\/03\\\/31\\\/lula-confirma-alckmin-como-vice-na-chapa-para-a-disputa-eleitoral-de-2026\\\/#primaryimage\",\"url\":\"https:\\\/\\\/maetinganoticias.com\\\/wp-content\\\/uploads\\\/2026\\\/03\\\/55086544102-a382fe342d-k.avif\",\"contentUrl\":\"https:\\\/\\\/maetinganoticias.com\\\/wp-content\\\/uploads\\\/2026\\\/03\\\/55086544102-a382fe342d-k.avif\",\"width\":984,\"height\":656,\"caption\":\"Foto: Ricardo Stuckert\\\/PR\"},{\"@type\":\"BreadcrumbList\",\"@id\":\"https:\\\/\\\/maetinganoticias.com\\\/index.php\\\/2026\\\/03\\\/31\\\/lula-confirma-alckmin-como-vice-na-chapa-para-a-disputa-eleitoral-de-2026\\\/#breadcrumb\",\"itemListElement\":[{\"@type\":\"ListItem\",\"position\":1,\"name\":\"In\u00edcio\",\"item\":\"https:\\\/\\\/maetinganoticias.com\\\/\"},{\"@type\":\"ListItem\",\"position\":2,\"name\":\"Lula confirma Alckmin como vice na chapa para a disputa eleitoral de 2026\"}]},{\"@type\":\"WebSite\",\"@id\":\"https:\\\/\\\/maetinganoticias.com\\\/#website\",\"url\":\"https:\\\/\\\/maetinganoticias.com\\\/\",\"name\":\"Maetinga Not\u00edcias\",\"description\":\"A Voz do Interior Baiano!\",\"publisher\":{\"@id\":\"https:\\\/\\\/maetinganoticias.com\\\/#organization\"},\"potentialAction\":[{\"@type\":\"SearchAction\",\"target\":{\"@type\":\"EntryPoint\",\"urlTemplate\":\"https:\\\/\\\/maetinganoticias.com\\\/?s={search_term_string}\"},\"query-input\":{\"@type\":\"PropertyValueSpecification\",\"valueRequired\":true,\"valueName\":\"search_term_string\"}}],\"inLanguage\":\"pt-BR\"},{\"@type\":\"Organization\",\"@id\":\"https:\\\/\\\/maetinganoticias.com\\\/#organization\",\"name\":\"Maetinga Not\u00edcias\",\"url\":\"https:\\\/\\\/maetinganoticias.com\\\/\",\"logo\":{\"@type\":\"ImageObject\",\"inLanguage\":\"pt-BR\",\"@id\":\"https:\\\/\\\/maetinganoticias.com\\\/#\\\/schema\\\/logo\\\/image\\\/\",\"url\":\"https:\\\/\\\/maetinganoticias.com\\\/wp-content\\\/uploads\\\/2023\\\/07\\\/cropped-cropped-cropped-cropped-BUSINESS-3-42-1.png\",\"contentUrl\":\"https:\\\/\\\/maetinganoticias.com\\\/wp-content\\\/uploads\\\/2023\\\/07\\\/cropped-cropped-cropped-cropped-BUSINESS-3-42-1.png\",\"width\":485,\"height\":109,\"caption\":\"Maetinga Not\u00edcias\"},\"image\":{\"@id\":\"https:\\\/\\\/maetinganoticias.com\\\/#\\\/schema\\\/logo\\\/image\\\/\"}},{\"@type\":\"Person\",\"@id\":\"https:\\\/\\\/maetinganoticias.com\\\/#\\\/schema\\\/person\\\/968cf95e67a6810fc7fb35bbc9016962\",\"name\":\"Maetinga Not\u00edcias\",\"image\":{\"@type\":\"ImageObject\",\"inLanguage\":\"pt-BR\",\"@id\":\"https:\\\/\\\/secure.gravatar.com\\\/avatar\\\/32e078313a5ca37a6c8d44e716ed4f9e87ecfde7222d2b88a1424bd49654f187?s=96&d=mm&r=g\",\"url\":\"https:\\\/\\\/secure.gravatar.com\\\/avatar\\\/32e078313a5ca37a6c8d44e716ed4f9e87ecfde7222d2b88a1424bd49654f187?s=96&d=mm&r=g\",\"contentUrl\":\"https:\\\/\\\/secure.gravatar.com\\\/avatar\\\/32e078313a5ca37a6c8d44e716ed4f9e87ecfde7222d2b88a1424bd49654f187?s=96&d=mm&r=g\",\"caption\":\"Maetinga Not\u00edcias\"},\"description\":\"A voz do Interior Baiano!\",\"sameAs\":[\"https:\\\/\\\/maetinganoticias.com\",\"https:\\\/\\\/www.instagram.com\\\/blogmaetinganoticias\\\/\"],\"url\":\"https:\\\/\\\/maetinganoticias.com\\\/index.php\\\/author\\\/carlosvianna13\\\/\"}]}<\/script>\n<!-- \/ Yoast SEO plugin. -->","yoast_head_json":{"title":"Lula confirma Alckmin como vice na chapa para a disputa eleitoral de 2026 - Maetinga Not\u00edcias","robots":{"index":"index","follow":"follow","max-snippet":"max-snippet:-1","max-image-preview":"max-image-preview:large","max-video-preview":"max-video-preview:-1"},"canonical":"https:\/\/maetinganoticias.com\/index.php\/2026\/03\/31\/lula-confirma-alckmin-como-vice-na-chapa-para-a-disputa-eleitoral-de-2026\/","og_locale":"pt_BR","og_type":"article","og_title":"Lula confirma Alckmin como vice na chapa para a disputa eleitoral de 2026 - Maetinga Not\u00edcias","og_description":"O presidente Luiz In\u00e1cio Lula da Silva confirmou nesta ter\u00e7a-feira (31) que o atual vice-presidente, Geraldo Alckmin, seguir\u00e1 como seu companheiro de chapa na corrida pela reelei\u00e7\u00e3o em 2026. A declara\u00e7\u00e3o foi feita durante um encontro no Pal\u00e1cio do Planalto, que reuniu integrantes do governo federal. A ocasi\u00e3o tamb\u00e9m marcou um momento de avalia\u00e7\u00e3o das [&hellip;]","og_url":"https:\/\/maetinganoticias.com\/index.php\/2026\/03\/31\/lula-confirma-alckmin-como-vice-na-chapa-para-a-disputa-eleitoral-de-2026\/","og_site_name":"Maetinga Not\u00edcias","article_published_time":"2026-03-31T21:48:44+00:00","article_modified_time":"2026-03-31T21:48:45+00:00","author":"Maetinga Not\u00edcias","twitter_card":"summary_large_image","twitter_misc":{"Escrito por":"Maetinga Not\u00edcias","Est. tempo de leitura":"1 minuto"},"schema":{"@context":"https:\/\/schema.org","@graph":[{"@type":["Article","BlogPosting"],"@id":"https:\/\/maetinganoticias.com\/index.php\/2026\/03\/31\/lula-confirma-alckmin-como-vice-na-chapa-para-a-disputa-eleitoral-de-2026\/#article","isPartOf":{"@id":"https:\/\/maetinganoticias.com\/index.php\/2026\/03\/31\/lula-confirma-alckmin-como-vice-na-chapa-para-a-disputa-eleitoral-de-2026\/"},"author":{"name":"Maetinga Not\u00edcias","@id":"https:\/\/maetinganoticias.com\/#\/schema\/person\/968cf95e67a6810fc7fb35bbc9016962"},"headline":"Lula confirma Alckmin como vice na chapa para a disputa eleitoral de 2026","datePublished":"2026-03-31T21:48:44+00:00","dateModified":"2026-03-31T21:48:45+00:00","mainEntityOfPage":{"@id":"https:\/\/maetinganoticias.com\/index.php\/2026\/03\/31\/lula-confirma-alckmin-como-vice-na-chapa-para-a-disputa-eleitoral-de-2026\/"},"wordCount":131,"commentCount":1,"publisher":{"@id":"https:\/\/maetinganoticias.com\/#organization"},"image":{"@id":"https:\/\/maetinganoticias.com\/index.php\/2026\/03\/31\/lula-confirma-alckmin-como-vice-na-chapa-para-a-disputa-eleitoral-de-2026\/#primaryimage"},"thumbnailUrl":"https:\/\/maetinganoticias.com\/wp-content\/uploads\/2026\/03\/55086544102-a382fe342d-k.avif","articleSection":["ELEI\u00c7\u00d5ES 2026"],"inLanguage":"pt-BR","potentialAction":[{"@type":"CommentAction","name":"Comment","target":["https:\/\/maetinganoticias.com\/index.php\/2026\/03\/31\/lula-confirma-alckmin-como-vice-na-chapa-para-a-disputa-eleitoral-de-2026\/#respond"]}]},{"@type":"WebPage","@id":"https:\/\/maetinganoticias.com\/index.php\/2026\/03\/31\/lula-confirma-alckmin-como-vice-na-chapa-para-a-disputa-eleitoral-de-2026\/","url":"https:\/\/maetinganoticias.com\/index.php\/2026\/03\/31\/lula-confirma-alckmin-como-vice-na-chapa-para-a-disputa-eleitoral-de-2026\/","name":"Lula confirma Alckmin como vice na chapa para a disputa eleitoral de 2026 - Maetinga Not\u00edcias","isPartOf":{"@id":"https:\/\/maetinganoticias.com\/#website"},"primaryImageOfPage":{"@id":"https:\/\/maetinganoticias.com\/index.php\/2026\/03\/31\/lula-confirma-alckmin-como-vice-na-chapa-para-a-disputa-eleitoral-de-2026\/#primaryimage"},"image":{"@id":"https:\/\/maetinganoticias.com\/index.php\/2026\/03\/31\/lula-confirma-alckmin-como-vice-na-chapa-para-a-disputa-eleitoral-de-2026\/#primaryimage"},"thumbnailUrl":"https:\/\/maetinganoticias.com\/wp-content\/uploads\/2026\/03\/55086544102-a382fe342d-k.avif","datePublished":"2026-03-31T21:48:44+00:00","dateModified":"2026-03-31T21:48:45+00:00","breadcrumb":{"@id":"https:\/\/maetinganoticias.com\/index.php\/2026\/03\/31\/lula-confirma-alckmin-como-vice-na-chapa-para-a-disputa-eleitoral-de-2026\/#breadcrumb"},"inLanguage":"pt-BR","potentialAction":[{"@type":"ReadAction","target":["https:\/\/maetinganoticias.com\/index.php\/2026\/03\/31\/lula-confirma-alckmin-como-vice-na-chapa-para-a-disputa-eleitoral-de-2026\/"]}]},{"@type":"ImageObject","inLanguage":"pt-BR","@id":"https:\/\/maetinganoticias.com\/index.php\/2026\/03\/31\/lula-confirma-alckmin-como-vice-na-chapa-para-a-disputa-eleitoral-de-2026\/#primaryimage","url":"https:\/\/maetinganoticias.com\/wp-content\/uploads\/2026\/03\/55086544102-a382fe342d-k.avif","contentUrl":"https:\/\/maetinganoticias.com\/wp-content\/uploads\/2026\/03\/55086544102-a382fe342d-k.avif","width":984,"height":656,"caption":"Foto: Ricardo Stuckert\/PR"},{"@type":"BreadcrumbList","@id":"https:\/\/maetinganoticias.com\/index.php\/2026\/03\/31\/lula-confirma-alckmin-como-vice-na-chapa-para-a-disputa-eleitoral-de-2026\/#breadcrumb","itemListElement":[{"@type":"ListItem","position":1,"name":"In\u00edcio","item":"https:\/\/maetinganoticias.com\/"},{"@type":"ListItem","position":2,"name":"Lula confirma Alckmin como vice na chapa para a disputa eleitoral de 2026"}]},{"@type":"WebSite","@id":"https:\/\/maetinganoticias.com\/#website","url":"https:\/\/maetinganoticias.com\/","name":"Maetinga Not\u00edcias","description":"A Voz do Interior Baiano!","publisher":{"@id":"https:\/\/maetinganoticias.com\/#organization"},"potentialAction":[{"@type":"SearchAction","target":{"@type":"EntryPoint","urlTemplate":"https:\/\/maetinganoticias.com\/?s={search_term_string}"},"query-input":{"@type":"PropertyValueSpecification","valueRequired":true,"valueName":"search_term_string"}}],"inLanguage":"pt-BR"},{"@type":"Organization","@id":"https:\/\/maetinganoticias.com\/#organization","name":"Maetinga Not\u00edcias","url":"https:\/\/maetinganoticias.com\/","logo":{"@type":"ImageObject","inLanguage":"pt-BR","@id":"https:\/\/maetinganoticias.com\/#\/schema\/logo\/image\/","url":"https:\/\/maetinganoticias.com\/wp-content\/uploads\/2023\/07\/cropped-cropped-cropped-cropped-BUSINESS-3-42-1.png","contentUrl":"https:\/\/maetinganoticias.com\/wp-content\/uploads\/2023\/07\/cropped-cropped-cropped-cropped-BUSINESS-3-42-1.png","width":485,"height":109,"caption":"Maetinga Not\u00edcias"},"image":{"@id":"https:\/\/maetinganoticias.com\/#\/schema\/logo\/image\/"}},{"@type":"Person","@id":"https:\/\/maetinganoticias.com\/#\/schema\/person\/968cf95e67a6810fc7fb35bbc9016962","name":"Maetinga Not\u00edcias","image":{"@type":"ImageObject","inLanguage":"pt-BR","@id":"https:\/\/secure.gravatar.com\/avatar\/32e078313a5ca37a6c8d44e716ed4f9e87ecfde7222d2b88a1424bd49654f187?s=96&d=mm&r=g","url":"https:\/\/secure.gravatar.com\/avatar\/32e078313a5ca37a6c8d44e716ed4f9e87ecfde7222d2b88a1424bd49654f187?s=96&d=mm&r=g","contentUrl":"https:\/\/secure.gravatar.com\/avatar\/32e078313a5ca37a6c8d44e716ed4f9e87ecfde7222d2b88a1424bd49654f187?s=96&d=mm&r=g","caption":"Maetinga Not\u00edcias"},"description":"A voz do Interior Baiano!","sameAs":["https:\/\/maetinganoticias.com","https:\/\/www.instagram.com\/blogmaetinganoticias\/"],"url":"https:\/\/maetinganoticias.com\/index.php\/author\/carlosvianna13\/"}]}},"_links":{"self":[{"href":"https:\/\/maetinganoticias.com\/index.php\/wp-json\/wp\/v2\/posts\/11982","targetHints":{"allow":["GET"]}}],"collection":[{"href":"https:\/\/maetinganoticias.com\/index.php\/wp-json\/wp\/v2\/posts"}],"about":[{"href":"https:\/\/maetinganoticias.com\/index.php\/wp-json\/wp\/v2\/types\/post"}],"author":[{"embeddable":true,"href":"https:\/\/maetinganoticias.com\/index.php\/wp-json\/wp\/v2\/users\/1"}],"replies":[{"embeddable":true,"href":"https:\/\/maetinganoticias.com\/index.php\/wp-json\/wp\/v2\/comments?post=11982"}],"version-history":[{"count":1,"href":"https:\/\/maetinganoticias.com\/index.php\/wp-json\/wp\/v2\/posts\/11982\/revisions"}],"predecessor-version":[{"id":11984,"href":"https:\/\/maetinganoticias.com\/index.php\/wp-json\/wp\/v2\/posts\/11982\/revisions\/11984"}],"wp:featuredmedia":[{"embeddable":true,"href":"https:\/\/maetinganoticias.com\/index.php\/wp-json\/wp\/v2\/media\/11983"}],"wp:attachment":[{"href":"https:\/\/maetinganoticias.com\/index.php\/wp-json\/wp\/v2\/media?parent=11982"}],"wp:term":[{"taxonomy":"category","embeddable":true,"href":"https:\/\/maetinganoticias.com\/index.php\/wp-json\/wp\/v2\/categories?post=11982"},{"taxonomy":"post_tag","embeddable":true,"href":"https:\/\/maetinganoticias.com\/index.php\/wp-json\/wp\/v2\/tags?post=11982"}],"curies":[{"name":"wp","href":"https:\/\/api.w.org\/{rel}","templated":true}]}}