{"id":11844,"date":"2026-03-24T09:41:28","date_gmt":"2026-03-24T12:41:28","guid":{"rendered":"https:\/\/maetinganoticias.com\/?p=11844"},"modified":"2026-03-24T09:41:29","modified_gmt":"2026-03-24T12:41:29","slug":"prefeito-renatinho-vice-arnaldo-e-secretaria-patricia-lima-cumprem-agenda-em-salvador-e-articula-investimentos-em-saude-e-educacao-para-caraibas","status":"publish","type":"post","link":"https:\/\/maetinganoticias.com\/index.php\/2026\/03\/24\/prefeito-renatinho-vice-arnaldo-e-secretaria-patricia-lima-cumprem-agenda-em-salvador-e-articula-investimentos-em-saude-e-educacao-para-caraibas\/","title":{"rendered":"Prefeito Renatinho, vice Arnaldo e secret\u00e1ria Patricia Lima cumprem agenda em Salvador e articula investimentos em sa\u00fade e educa\u00e7\u00e3o para Cara\u00edbas"},"content":{"rendered":"\n<p>O prefeito de Cara\u00edbas, Renatinho, esteve em Salvador ao lado do vice-prefeito Arnaldo e da Secret\u00e1ria de Administra\u00e7\u00e3o Patr\u00edcia Lima, cumprindo uma s\u00e9rie de compromissos institucionais voltados \u00e0 capta\u00e7\u00e3o de investimentos e ao fortalecimento de pol\u00edticas p\u00fablicas no munic\u00edpio. A agenda contou com a participa\u00e7\u00e3o da deputada estadual Jusmari Oliveira, que tamb\u00e9m atua como secret\u00e1ria de Desenvolvimento Urbano da Bahia.<\/p>\n\n\n\n<p>Durante os encontros, foram debatidas a\u00e7\u00f5es priorit\u00e1rias para a \u00e1rea da sa\u00fade, com foco na melhoria da infraestrutura das unidades existentes e na aquisi\u00e7\u00e3o de novos equipamentos. A proposta \u00e9 modernizar os servi\u00e7os e garantir um atendimento mais eficiente e humanizado \u00e0 popula\u00e7\u00e3o de Cara\u00edbas.<\/p>\n\n\n\n<p>A comitiva tamb\u00e9m esteve na Secretaria de Sa\u00fade do Estado, onde participou de uma reuni\u00e3o t\u00e9cnica considerada estrat\u00e9gica. Na ocasi\u00e3o, foram alinhadas demandas urgentes do munic\u00edpio e discutidas solu\u00e7\u00f5es concretas para ampliar a qualidade dos servi\u00e7os ofertados. A iniciativa refor\u00e7a a parceria entre a gest\u00e3o municipal e o Governo do Estado na busca por avan\u00e7os na \u00e1rea.<\/p>\n\n\n\n<p>Al\u00e9m da sa\u00fade, a educa\u00e7\u00e3o tamb\u00e9m esteve no centro das discuss\u00f5es. Segundo o prefeito Renatinho, o objetivo \u00e9 garantir a constru\u00e7\u00e3o e manuten\u00e7\u00e3o de um col\u00e9gio moderno e bem estruturado, seguindo o padr\u00e3o de qualidade adotado pelo Governo da Bahia. <em><strong>\u201cNosso foco \u00e9 oferecer um ambiente escolar digno, que contribua diretamente para a forma\u00e7\u00e3o dos nossos jovens e para o futuro da nossa cidade\u201d<\/strong><\/em>, destacou.<\/p>\n\n\n\n<p>A deputada Jusmari Oliveira ressaltou a import\u00e2ncia da integra\u00e7\u00e3o entre desenvolvimento urbano e educa\u00e7\u00e3o, destacando o compromisso do Estado em atender \u00e0s demandas do interior. A secret\u00e1ria tamb\u00e9m reconheceu o empenho da gest\u00e3o municipal em buscar melhorias cont\u00ednuas para Cara\u00edbas.<\/p>\n\n\n\n<p>A agenda em Salvador evidencia a atua\u00e7\u00e3o ativa da administra\u00e7\u00e3o municipal na constru\u00e7\u00e3o de parcerias e na busca por investimentos que impactem diretamente a qualidade de vida da popula\u00e7\u00e3o. Segundo Renatinho, o trabalho segue em ritmo intenso, com o objetivo de transformar demandas em resultados concretos para o munic\u00edpio.<\/p>\n\n\n\n<figure class=\"wp-block-gallery has-nested-images columns-default is-cropped wp-block-gallery-1 is-layout-flex wp-block-gallery-is-layout-flex\">\n<figure class=\"wp-block-image size-large\"><img loading=\"lazy\" decoding=\"async\" width=\"1024\" height=\"683\" data-id=\"11846\" src=\"https:\/\/maetinganoticias.com\/wp-content\/uploads\/2026\/03\/WhatsApp-Image-2026-03-23-at-21.01.16-1024x683.jpeg\" alt=\"\" class=\"wp-image-11846\" srcset=\"https:\/\/maetinganoticias.com\/wp-content\/uploads\/2026\/03\/WhatsApp-Image-2026-03-23-at-21.01.16-1024x683.jpeg 1024w, https:\/\/maetinganoticias.com\/wp-content\/uploads\/2026\/03\/WhatsApp-Image-2026-03-23-at-21.01.16-300x200.jpeg 300w, https:\/\/maetinganoticias.com\/wp-content\/uploads\/2026\/03\/WhatsApp-Image-2026-03-23-at-21.01.16-768x512.jpeg 768w, https:\/\/maetinganoticias.com\/wp-content\/uploads\/2026\/03\/WhatsApp-Image-2026-03-23-at-21.01.16-630x420.jpeg 630w, https:\/\/maetinganoticias.com\/wp-content\/uploads\/2026\/03\/WhatsApp-Image-2026-03-23-at-21.01.16-150x100.jpeg 150w, https:\/\/maetinganoticias.com\/wp-content\/uploads\/2026\/03\/WhatsApp-Image-2026-03-23-at-21.01.16-696x464.jpeg 696w, https:\/\/maetinganoticias.com\/wp-content\/uploads\/2026\/03\/WhatsApp-Image-2026-03-23-at-21.01.16-1068x713.jpeg 1068w, https:\/\/maetinganoticias.com\/wp-content\/uploads\/2026\/03\/WhatsApp-Image-2026-03-23-at-21.01.16.jpeg 1280w\" sizes=\"auto, (max-width: 1024px) 100vw, 1024px\" \/><\/figure>\n\n\n\n<figure class=\"wp-block-image size-large\"><img loading=\"lazy\" decoding=\"async\" width=\"1024\" height=\"683\" data-id=\"11847\" src=\"https:\/\/maetinganoticias.com\/wp-content\/uploads\/2026\/03\/WhatsApp-Image-2026-03-23-at-21.01.15-1024x683.jpeg\" alt=\"\" class=\"wp-image-11847\" srcset=\"https:\/\/maetinganoticias.com\/wp-content\/uploads\/2026\/03\/WhatsApp-Image-2026-03-23-at-21.01.15-1024x683.jpeg 1024w, https:\/\/maetinganoticias.com\/wp-content\/uploads\/2026\/03\/WhatsApp-Image-2026-03-23-at-21.01.15-300x200.jpeg 300w, https:\/\/maetinganoticias.com\/wp-content\/uploads\/2026\/03\/WhatsApp-Image-2026-03-23-at-21.01.15-768x512.jpeg 768w, https:\/\/maetinganoticias.com\/wp-content\/uploads\/2026\/03\/WhatsApp-Image-2026-03-23-at-21.01.15-630x420.jpeg 630w, https:\/\/maetinganoticias.com\/wp-content\/uploads\/2026\/03\/WhatsApp-Image-2026-03-23-at-21.01.15-150x100.jpeg 150w, https:\/\/maetinganoticias.com\/wp-content\/uploads\/2026\/03\/WhatsApp-Image-2026-03-23-at-21.01.15-696x464.jpeg 696w, https:\/\/maetinganoticias.com\/wp-content\/uploads\/2026\/03\/WhatsApp-Image-2026-03-23-at-21.01.15-1068x713.jpeg 1068w, https:\/\/maetinganoticias.com\/wp-content\/uploads\/2026\/03\/WhatsApp-Image-2026-03-23-at-21.01.15.jpeg 1280w\" sizes=\"auto, (max-width: 1024px) 100vw, 1024px\" \/><\/figure>\n<\/figure>\n\n\n\n<figure class=\"wp-block-gallery has-nested-images columns-default is-cropped wp-block-gallery-2 is-layout-flex wp-block-gallery-is-layout-flex\">\n<figure class=\"wp-block-image size-large\"><img loading=\"lazy\" decoding=\"async\" width=\"1024\" height=\"683\" data-id=\"11848\" src=\"https:\/\/maetinganoticias.com\/wp-content\/uploads\/2026\/03\/WhatsApp-Image-2026-03-23-at-21.01.10-1024x683.jpeg\" alt=\"\" class=\"wp-image-11848\" srcset=\"https:\/\/maetinganoticias.com\/wp-content\/uploads\/2026\/03\/WhatsApp-Image-2026-03-23-at-21.01.10-1024x683.jpeg 1024w, https:\/\/maetinganoticias.com\/wp-content\/uploads\/2026\/03\/WhatsApp-Image-2026-03-23-at-21.01.10-300x200.jpeg 300w, https:\/\/maetinganoticias.com\/wp-content\/uploads\/2026\/03\/WhatsApp-Image-2026-03-23-at-21.01.10-768x512.jpeg 768w, https:\/\/maetinganoticias.com\/wp-content\/uploads\/2026\/03\/WhatsApp-Image-2026-03-23-at-21.01.10-630x420.jpeg 630w, https:\/\/maetinganoticias.com\/wp-content\/uploads\/2026\/03\/WhatsApp-Image-2026-03-23-at-21.01.10-150x100.jpeg 150w, https:\/\/maetinganoticias.com\/wp-content\/uploads\/2026\/03\/WhatsApp-Image-2026-03-23-at-21.01.10-696x464.jpeg 696w, https:\/\/maetinganoticias.com\/wp-content\/uploads\/2026\/03\/WhatsApp-Image-2026-03-23-at-21.01.10-1068x713.jpeg 1068w, https:\/\/maetinganoticias.com\/wp-content\/uploads\/2026\/03\/WhatsApp-Image-2026-03-23-at-21.01.10.jpeg 1280w\" sizes=\"auto, (max-width: 1024px) 100vw, 1024px\" \/><\/figure>\n\n\n\n<figure class=\"wp-block-image size-large\"><img loading=\"lazy\" decoding=\"async\" width=\"1024\" height=\"683\" data-id=\"11849\" src=\"https:\/\/maetinganoticias.com\/wp-content\/uploads\/2026\/03\/WhatsApp-Image-2026-03-23-at-21.01.09-2-1024x683.jpeg\" alt=\"\" class=\"wp-image-11849\" srcset=\"https:\/\/maetinganoticias.com\/wp-content\/uploads\/2026\/03\/WhatsApp-Image-2026-03-23-at-21.01.09-2-1024x683.jpeg 1024w, https:\/\/maetinganoticias.com\/wp-content\/uploads\/2026\/03\/WhatsApp-Image-2026-03-23-at-21.01.09-2-300x200.jpeg 300w, https:\/\/maetinganoticias.com\/wp-content\/uploads\/2026\/03\/WhatsApp-Image-2026-03-23-at-21.01.09-2-768x512.jpeg 768w, https:\/\/maetinganoticias.com\/wp-content\/uploads\/2026\/03\/WhatsApp-Image-2026-03-23-at-21.01.09-2-630x420.jpeg 630w, https:\/\/maetinganoticias.com\/wp-content\/uploads\/2026\/03\/WhatsApp-Image-2026-03-23-at-21.01.09-2-150x100.jpeg 150w, https:\/\/maetinganoticias.com\/wp-content\/uploads\/2026\/03\/WhatsApp-Image-2026-03-23-at-21.01.09-2-696x464.jpeg 696w, https:\/\/maetinganoticias.com\/wp-content\/uploads\/2026\/03\/WhatsApp-Image-2026-03-23-at-21.01.09-2-1068x713.jpeg 1068w, https:\/\/maetinganoticias.com\/wp-content\/uploads\/2026\/03\/WhatsApp-Image-2026-03-23-at-21.01.09-2.jpeg 1280w\" sizes=\"auto, (max-width: 1024px) 100vw, 1024px\" \/><\/figure>\n<\/figure>\n\n\n\n<figure class=\"wp-block-gallery has-nested-images columns-default is-cropped wp-block-gallery-3 is-layout-flex wp-block-gallery-is-layout-flex\">\n<figure class=\"wp-block-image size-large\"><img loading=\"lazy\" decoding=\"async\" width=\"1024\" height=\"683\" data-id=\"11850\" src=\"https:\/\/maetinganoticias.com\/wp-content\/uploads\/2026\/03\/WhatsApp-Image-2026-03-23-at-21.01.09-1-1024x683.jpeg\" alt=\"\" class=\"wp-image-11850\" srcset=\"https:\/\/maetinganoticias.com\/wp-content\/uploads\/2026\/03\/WhatsApp-Image-2026-03-23-at-21.01.09-1-1024x683.jpeg 1024w, https:\/\/maetinganoticias.com\/wp-content\/uploads\/2026\/03\/WhatsApp-Image-2026-03-23-at-21.01.09-1-300x200.jpeg 300w, https:\/\/maetinganoticias.com\/wp-content\/uploads\/2026\/03\/WhatsApp-Image-2026-03-23-at-21.01.09-1-768x512.jpeg 768w, https:\/\/maetinganoticias.com\/wp-content\/uploads\/2026\/03\/WhatsApp-Image-2026-03-23-at-21.01.09-1-630x420.jpeg 630w, https:\/\/maetinganoticias.com\/wp-content\/uploads\/2026\/03\/WhatsApp-Image-2026-03-23-at-21.01.09-1-150x100.jpeg 150w, https:\/\/maetinganoticias.com\/wp-content\/uploads\/2026\/03\/WhatsApp-Image-2026-03-23-at-21.01.09-1-696x464.jpeg 696w, https:\/\/maetinganoticias.com\/wp-content\/uploads\/2026\/03\/WhatsApp-Image-2026-03-23-at-21.01.09-1-1068x713.jpeg 1068w, https:\/\/maetinganoticias.com\/wp-content\/uploads\/2026\/03\/WhatsApp-Image-2026-03-23-at-21.01.09-1.jpeg 1280w\" sizes=\"auto, (max-width: 1024px) 100vw, 1024px\" \/><\/figure>\n\n\n\n<figure class=\"wp-block-image size-large\"><img loading=\"lazy\" decoding=\"async\" width=\"1024\" height=\"683\" data-id=\"11851\" src=\"https:\/\/maetinganoticias.com\/wp-content\/uploads\/2026\/03\/WhatsApp-Image-2026-03-23-at-21.01.09-1024x683.jpeg\" alt=\"\" class=\"wp-image-11851\" srcset=\"https:\/\/maetinganoticias.com\/wp-content\/uploads\/2026\/03\/WhatsApp-Image-2026-03-23-at-21.01.09-1024x683.jpeg 1024w, https:\/\/maetinganoticias.com\/wp-content\/uploads\/2026\/03\/WhatsApp-Image-2026-03-23-at-21.01.09-300x200.jpeg 300w, https:\/\/maetinganoticias.com\/wp-content\/uploads\/2026\/03\/WhatsApp-Image-2026-03-23-at-21.01.09-768x512.jpeg 768w, https:\/\/maetinganoticias.com\/wp-content\/uploads\/2026\/03\/WhatsApp-Image-2026-03-23-at-21.01.09-630x420.jpeg 630w, https:\/\/maetinganoticias.com\/wp-content\/uploads\/2026\/03\/WhatsApp-Image-2026-03-23-at-21.01.09-150x100.jpeg 150w, https:\/\/maetinganoticias.com\/wp-content\/uploads\/2026\/03\/WhatsApp-Image-2026-03-23-at-21.01.09-696x464.jpeg 696w, https:\/\/maetinganoticias.com\/wp-content\/uploads\/2026\/03\/WhatsApp-Image-2026-03-23-at-21.01.09-1068x713.jpeg 1068w, https:\/\/maetinganoticias.com\/wp-content\/uploads\/2026\/03\/WhatsApp-Image-2026-03-23-at-21.01.09.jpeg 1280w\" sizes=\"auto, (max-width: 1024px) 100vw, 1024px\" \/><\/figure>\n<\/figure>\n","protected":false},"excerpt":{"rendered":"<p>O prefeito de Cara\u00edbas, Renatinho, esteve em Salvador ao lado do vice-prefeito Arnaldo e da Secret\u00e1ria de Administra\u00e7\u00e3o Patr\u00edcia Lima, cumprindo uma s\u00e9rie de compromissos institucionais voltados \u00e0 capta\u00e7\u00e3o de investimentos e ao fortalecimento de pol\u00edticas p\u00fablicas no munic\u00edpio. A agenda contou com a participa\u00e7\u00e3o da deputada estadual Jusmari Oliveira, que tamb\u00e9m atua como secret\u00e1ria [&hellip;]<\/p>\n","protected":false},"author":1,"featured_media":11845,"comment_status":"open","ping_status":"open","sticky":false,"template":"","format":"standard","meta":{"om_disable_all_campaigns":false,"_monsterinsights_skip_tracking":false,"_monsterinsights_sitenote_active":false,"_monsterinsights_sitenote_note":"","_monsterinsights_sitenote_category":0,"_uf_show_specific_survey":0,"_uf_disable_surveys":false,"footnotes":""},"categories":[189],"tags":[],"class_list":{"0":"post-11844","1":"post","2":"type-post","3":"status-publish","4":"format-standard","5":"has-post-thumbnail","7":"category-caraibas"},"yoast_head":"<!-- This site is optimized with the Yoast SEO plugin v27.4 - https:\/\/yoast.com\/product\/yoast-seo-wordpress\/ -->\n<title>Prefeito Renatinho, vice Arnaldo e secret\u00e1ria Patricia Lima cumprem agenda em Salvador e articula investimentos em sa\u00fade e educa\u00e7\u00e3o para Cara\u00edbas - Maetinga Not\u00edcias<\/title>\n<meta name=\"robots\" content=\"index, follow, max-snippet:-1, max-image-preview:large, max-video-preview:-1\" \/>\n<link rel=\"canonical\" href=\"https:\/\/maetinganoticias.com\/index.php\/2026\/03\/24\/prefeito-renatinho-vice-arnaldo-e-secretaria-patricia-lima-cumprem-agenda-em-salvador-e-articula-investimentos-em-saude-e-educacao-para-caraibas\/\" \/>\n<meta property=\"og:locale\" content=\"pt_BR\" \/>\n<meta property=\"og:type\" content=\"article\" \/>\n<meta property=\"og:title\" content=\"Prefeito Renatinho, vice Arnaldo e secret\u00e1ria Patricia Lima cumprem agenda em Salvador e articula investimentos em sa\u00fade e educa\u00e7\u00e3o para Cara\u00edbas - Maetinga Not\u00edcias\" \/>\n<meta property=\"og:description\" content=\"O prefeito de Cara\u00edbas, Renatinho, esteve em Salvador ao lado do vice-prefeito Arnaldo e da Secret\u00e1ria de Administra\u00e7\u00e3o Patr\u00edcia Lima, cumprindo uma s\u00e9rie de compromissos institucionais voltados \u00e0 capta\u00e7\u00e3o de investimentos e ao fortalecimento de pol\u00edticas p\u00fablicas no munic\u00edpio. A agenda contou com a participa\u00e7\u00e3o da deputada estadual Jusmari Oliveira, que tamb\u00e9m atua como secret\u00e1ria [&hellip;]\" \/>\n<meta property=\"og:url\" content=\"https:\/\/maetinganoticias.com\/index.php\/2026\/03\/24\/prefeito-renatinho-vice-arnaldo-e-secretaria-patricia-lima-cumprem-agenda-em-salvador-e-articula-investimentos-em-saude-e-educacao-para-caraibas\/\" \/>\n<meta property=\"og:site_name\" content=\"Maetinga Not\u00edcias\" \/>\n<meta property=\"article:published_time\" content=\"2026-03-24T12:41:28+00:00\" \/>\n<meta property=\"article:modified_time\" content=\"2026-03-24T12:41:29+00:00\" \/>\n<meta property=\"og:image\" content=\"https:\/\/maetinganoticias.com\/wp-content\/uploads\/2026\/03\/WhatsApp-Image-2026-03-23-at-21.01.08.jpeg\" \/>\n\t<meta property=\"og:image:width\" content=\"1280\" \/>\n\t<meta property=\"og:image:height\" content=\"854\" \/>\n\t<meta property=\"og:image:type\" content=\"image\/jpeg\" \/>\n<meta name=\"author\" content=\"Maetinga Not\u00edcias\" \/>\n<meta name=\"twitter:card\" content=\"summary_large_image\" \/>\n<meta name=\"twitter:label1\" content=\"Escrito por\" \/>\n\t<meta name=\"twitter:data1\" content=\"Maetinga Not\u00edcias\" \/>\n\t<meta name=\"twitter:label2\" content=\"Est. tempo de leitura\" \/>\n\t<meta name=\"twitter:data2\" content=\"4 minutos\" \/>\n<script type=\"application\/ld+json\" class=\"yoast-schema-graph\">{\"@context\":\"https:\\\/\\\/schema.org\",\"@graph\":[{\"@type\":[\"Article\",\"BlogPosting\"],\"@id\":\"https:\\\/\\\/maetinganoticias.com\\\/index.php\\\/2026\\\/03\\\/24\\\/prefeito-renatinho-vice-arnaldo-e-secretaria-patricia-lima-cumprem-agenda-em-salvador-e-articula-investimentos-em-saude-e-educacao-para-caraibas\\\/#article\",\"isPartOf\":{\"@id\":\"https:\\\/\\\/maetinganoticias.com\\\/index.php\\\/2026\\\/03\\\/24\\\/prefeito-renatinho-vice-arnaldo-e-secretaria-patricia-lima-cumprem-agenda-em-salvador-e-articula-investimentos-em-saude-e-educacao-para-caraibas\\\/\"},\"author\":{\"name\":\"Maetinga Not\u00edcias\",\"@id\":\"https:\\\/\\\/maetinganoticias.com\\\/#\\\/schema\\\/person\\\/968cf95e67a6810fc7fb35bbc9016962\"},\"headline\":\"Prefeito Renatinho, vice Arnaldo e secret\u00e1ria Patricia Lima cumprem agenda em Salvador e articula investimentos em sa\u00fade e educa\u00e7\u00e3o para Cara\u00edbas\",\"datePublished\":\"2026-03-24T12:41:28+00:00\",\"dateModified\":\"2026-03-24T12:41:29+00:00\",\"mainEntityOfPage\":{\"@id\":\"https:\\\/\\\/maetinganoticias.com\\\/index.php\\\/2026\\\/03\\\/24\\\/prefeito-renatinho-vice-arnaldo-e-secretaria-patricia-lima-cumprem-agenda-em-salvador-e-articula-investimentos-em-saude-e-educacao-para-caraibas\\\/\"},\"wordCount\":390,\"commentCount\":0,\"publisher\":{\"@id\":\"https:\\\/\\\/maetinganoticias.com\\\/#organization\"},\"image\":{\"@id\":\"https:\\\/\\\/maetinganoticias.com\\\/index.php\\\/2026\\\/03\\\/24\\\/prefeito-renatinho-vice-arnaldo-e-secretaria-patricia-lima-cumprem-agenda-em-salvador-e-articula-investimentos-em-saude-e-educacao-para-caraibas\\\/#primaryimage\"},\"thumbnailUrl\":\"https:\\\/\\\/maetinganoticias.com\\\/wp-content\\\/uploads\\\/2026\\\/03\\\/WhatsApp-Image-2026-03-23-at-21.01.08.jpeg\",\"articleSection\":[\"Cara\u00edbas\"],\"inLanguage\":\"pt-BR\",\"potentialAction\":[{\"@type\":\"CommentAction\",\"name\":\"Comment\",\"target\":[\"https:\\\/\\\/maetinganoticias.com\\\/index.php\\\/2026\\\/03\\\/24\\\/prefeito-renatinho-vice-arnaldo-e-secretaria-patricia-lima-cumprem-agenda-em-salvador-e-articula-investimentos-em-saude-e-educacao-para-caraibas\\\/#respond\"]}]},{\"@type\":\"WebPage\",\"@id\":\"https:\\\/\\\/maetinganoticias.com\\\/index.php\\\/2026\\\/03\\\/24\\\/prefeito-renatinho-vice-arnaldo-e-secretaria-patricia-lima-cumprem-agenda-em-salvador-e-articula-investimentos-em-saude-e-educacao-para-caraibas\\\/\",\"url\":\"https:\\\/\\\/maetinganoticias.com\\\/index.php\\\/2026\\\/03\\\/24\\\/prefeito-renatinho-vice-arnaldo-e-secretaria-patricia-lima-cumprem-agenda-em-salvador-e-articula-investimentos-em-saude-e-educacao-para-caraibas\\\/\",\"name\":\"Prefeito Renatinho, vice Arnaldo e secret\u00e1ria Patricia Lima cumprem agenda em Salvador e articula investimentos em sa\u00fade e educa\u00e7\u00e3o para Cara\u00edbas - Maetinga Not\u00edcias\",\"isPartOf\":{\"@id\":\"https:\\\/\\\/maetinganoticias.com\\\/#website\"},\"primaryImageOfPage\":{\"@id\":\"https:\\\/\\\/maetinganoticias.com\\\/index.php\\\/2026\\\/03\\\/24\\\/prefeito-renatinho-vice-arnaldo-e-secretaria-patricia-lima-cumprem-agenda-em-salvador-e-articula-investimentos-em-saude-e-educacao-para-caraibas\\\/#primaryimage\"},\"image\":{\"@id\":\"https:\\\/\\\/maetinganoticias.com\\\/index.php\\\/2026\\\/03\\\/24\\\/prefeito-renatinho-vice-arnaldo-e-secretaria-patricia-lima-cumprem-agenda-em-salvador-e-articula-investimentos-em-saude-e-educacao-para-caraibas\\\/#primaryimage\"},\"thumbnailUrl\":\"https:\\\/\\\/maetinganoticias.com\\\/wp-content\\\/uploads\\\/2026\\\/03\\\/WhatsApp-Image-2026-03-23-at-21.01.08.jpeg\",\"datePublished\":\"2026-03-24T12:41:28+00:00\",\"dateModified\":\"2026-03-24T12:41:29+00:00\",\"breadcrumb\":{\"@id\":\"https:\\\/\\\/maetinganoticias.com\\\/index.php\\\/2026\\\/03\\\/24\\\/prefeito-renatinho-vice-arnaldo-e-secretaria-patricia-lima-cumprem-agenda-em-salvador-e-articula-investimentos-em-saude-e-educacao-para-caraibas\\\/#breadcrumb\"},\"inLanguage\":\"pt-BR\",\"potentialAction\":[{\"@type\":\"ReadAction\",\"target\":[\"https:\\\/\\\/maetinganoticias.com\\\/index.php\\\/2026\\\/03\\\/24\\\/prefeito-renatinho-vice-arnaldo-e-secretaria-patricia-lima-cumprem-agenda-em-salvador-e-articula-investimentos-em-saude-e-educacao-para-caraibas\\\/\"]}]},{\"@type\":\"ImageObject\",\"inLanguage\":\"pt-BR\",\"@id\":\"https:\\\/\\\/maetinganoticias.com\\\/index.php\\\/2026\\\/03\\\/24\\\/prefeito-renatinho-vice-arnaldo-e-secretaria-patricia-lima-cumprem-agenda-em-salvador-e-articula-investimentos-em-saude-e-educacao-para-caraibas\\\/#primaryimage\",\"url\":\"https:\\\/\\\/maetinganoticias.com\\\/wp-content\\\/uploads\\\/2026\\\/03\\\/WhatsApp-Image-2026-03-23-at-21.01.08.jpeg\",\"contentUrl\":\"https:\\\/\\\/maetinganoticias.com\\\/wp-content\\\/uploads\\\/2026\\\/03\\\/WhatsApp-Image-2026-03-23-at-21.01.08.jpeg\",\"width\":1280,\"height\":854},{\"@type\":\"BreadcrumbList\",\"@id\":\"https:\\\/\\\/maetinganoticias.com\\\/index.php\\\/2026\\\/03\\\/24\\\/prefeito-renatinho-vice-arnaldo-e-secretaria-patricia-lima-cumprem-agenda-em-salvador-e-articula-investimentos-em-saude-e-educacao-para-caraibas\\\/#breadcrumb\",\"itemListElement\":[{\"@type\":\"ListItem\",\"position\":1,\"name\":\"In\u00edcio\",\"item\":\"https:\\\/\\\/maetinganoticias.com\\\/\"},{\"@type\":\"ListItem\",\"position\":2,\"name\":\"Prefeito Renatinho, vice Arnaldo e secret\u00e1ria Patricia Lima cumprem agenda em Salvador e articula investimentos em sa\u00fade e educa\u00e7\u00e3o para Cara\u00edbas\"}]},{\"@type\":\"WebSite\",\"@id\":\"https:\\\/\\\/maetinganoticias.com\\\/#website\",\"url\":\"https:\\\/\\\/maetinganoticias.com\\\/\",\"name\":\"Maetinga Not\u00edcias\",\"description\":\"A Voz do Interior Baiano!\",\"publisher\":{\"@id\":\"https:\\\/\\\/maetinganoticias.com\\\/#organization\"},\"potentialAction\":[{\"@type\":\"SearchAction\",\"target\":{\"@type\":\"EntryPoint\",\"urlTemplate\":\"https:\\\/\\\/maetinganoticias.com\\\/?s={search_term_string}\"},\"query-input\":{\"@type\":\"PropertyValueSpecification\",\"valueRequired\":true,\"valueName\":\"search_term_string\"}}],\"inLanguage\":\"pt-BR\"},{\"@type\":\"Organization\",\"@id\":\"https:\\\/\\\/maetinganoticias.com\\\/#organization\",\"name\":\"Maetinga Not\u00edcias\",\"url\":\"https:\\\/\\\/maetinganoticias.com\\\/\",\"logo\":{\"@type\":\"ImageObject\",\"inLanguage\":\"pt-BR\",\"@id\":\"https:\\\/\\\/maetinganoticias.com\\\/#\\\/schema\\\/logo\\\/image\\\/\",\"url\":\"https:\\\/\\\/maetinganoticias.com\\\/wp-content\\\/uploads\\\/2023\\\/07\\\/cropped-cropped-cropped-cropped-BUSINESS-3-42-1.png\",\"contentUrl\":\"https:\\\/\\\/maetinganoticias.com\\\/wp-content\\\/uploads\\\/2023\\\/07\\\/cropped-cropped-cropped-cropped-BUSINESS-3-42-1.png\",\"width\":485,\"height\":109,\"caption\":\"Maetinga Not\u00edcias\"},\"image\":{\"@id\":\"https:\\\/\\\/maetinganoticias.com\\\/#\\\/schema\\\/logo\\\/image\\\/\"}},{\"@type\":\"Person\",\"@id\":\"https:\\\/\\\/maetinganoticias.com\\\/#\\\/schema\\\/person\\\/968cf95e67a6810fc7fb35bbc9016962\",\"name\":\"Maetinga Not\u00edcias\",\"image\":{\"@type\":\"ImageObject\",\"inLanguage\":\"pt-BR\",\"@id\":\"https:\\\/\\\/secure.gravatar.com\\\/avatar\\\/32e078313a5ca37a6c8d44e716ed4f9e87ecfde7222d2b88a1424bd49654f187?s=96&d=mm&r=g\",\"url\":\"https:\\\/\\\/secure.gravatar.com\\\/avatar\\\/32e078313a5ca37a6c8d44e716ed4f9e87ecfde7222d2b88a1424bd49654f187?s=96&d=mm&r=g\",\"contentUrl\":\"https:\\\/\\\/secure.gravatar.com\\\/avatar\\\/32e078313a5ca37a6c8d44e716ed4f9e87ecfde7222d2b88a1424bd49654f187?s=96&d=mm&r=g\",\"caption\":\"Maetinga Not\u00edcias\"},\"description\":\"A voz do Interior Baiano!\",\"sameAs\":[\"https:\\\/\\\/maetinganoticias.com\",\"https:\\\/\\\/www.instagram.com\\\/blogmaetinganoticias\\\/\"],\"url\":\"https:\\\/\\\/maetinganoticias.com\\\/index.php\\\/author\\\/carlosvianna13\\\/\"}]}<\/script>\n<!-- \/ Yoast SEO plugin. -->","yoast_head_json":{"title":"Prefeito Renatinho, vice Arnaldo e secret\u00e1ria Patricia Lima cumprem agenda em Salvador e articula investimentos em sa\u00fade e educa\u00e7\u00e3o para Cara\u00edbas - Maetinga Not\u00edcias","robots":{"index":"index","follow":"follow","max-snippet":"max-snippet:-1","max-image-preview":"max-image-preview:large","max-video-preview":"max-video-preview:-1"},"canonical":"https:\/\/maetinganoticias.com\/index.php\/2026\/03\/24\/prefeito-renatinho-vice-arnaldo-e-secretaria-patricia-lima-cumprem-agenda-em-salvador-e-articula-investimentos-em-saude-e-educacao-para-caraibas\/","og_locale":"pt_BR","og_type":"article","og_title":"Prefeito Renatinho, vice Arnaldo e secret\u00e1ria Patricia Lima cumprem agenda em Salvador e articula investimentos em sa\u00fade e educa\u00e7\u00e3o para Cara\u00edbas - Maetinga Not\u00edcias","og_description":"O prefeito de Cara\u00edbas, Renatinho, esteve em Salvador ao lado do vice-prefeito Arnaldo e da Secret\u00e1ria de Administra\u00e7\u00e3o Patr\u00edcia Lima, cumprindo uma s\u00e9rie de compromissos institucionais voltados \u00e0 capta\u00e7\u00e3o de investimentos e ao fortalecimento de pol\u00edticas p\u00fablicas no munic\u00edpio. A agenda contou com a participa\u00e7\u00e3o da deputada estadual Jusmari Oliveira, que tamb\u00e9m atua como secret\u00e1ria [&hellip;]","og_url":"https:\/\/maetinganoticias.com\/index.php\/2026\/03\/24\/prefeito-renatinho-vice-arnaldo-e-secretaria-patricia-lima-cumprem-agenda-em-salvador-e-articula-investimentos-em-saude-e-educacao-para-caraibas\/","og_site_name":"Maetinga Not\u00edcias","article_published_time":"2026-03-24T12:41:28+00:00","article_modified_time":"2026-03-24T12:41:29+00:00","og_image":[{"width":1280,"height":854,"url":"https:\/\/maetinganoticias.com\/wp-content\/uploads\/2026\/03\/WhatsApp-Image-2026-03-23-at-21.01.08.jpeg","type":"image\/jpeg"}],"author":"Maetinga Not\u00edcias","twitter_card":"summary_large_image","twitter_misc":{"Escrito por":"Maetinga Not\u00edcias","Est. tempo de leitura":"4 minutos"},"schema":{"@context":"https:\/\/schema.org","@graph":[{"@type":["Article","BlogPosting"],"@id":"https:\/\/maetinganoticias.com\/index.php\/2026\/03\/24\/prefeito-renatinho-vice-arnaldo-e-secretaria-patricia-lima-cumprem-agenda-em-salvador-e-articula-investimentos-em-saude-e-educacao-para-caraibas\/#article","isPartOf":{"@id":"https:\/\/maetinganoticias.com\/index.php\/2026\/03\/24\/prefeito-renatinho-vice-arnaldo-e-secretaria-patricia-lima-cumprem-agenda-em-salvador-e-articula-investimentos-em-saude-e-educacao-para-caraibas\/"},"author":{"name":"Maetinga Not\u00edcias","@id":"https:\/\/maetinganoticias.com\/#\/schema\/person\/968cf95e67a6810fc7fb35bbc9016962"},"headline":"Prefeito Renatinho, vice Arnaldo e secret\u00e1ria Patricia Lima cumprem agenda em Salvador e articula investimentos em sa\u00fade e educa\u00e7\u00e3o para Cara\u00edbas","datePublished":"2026-03-24T12:41:28+00:00","dateModified":"2026-03-24T12:41:29+00:00","mainEntityOfPage":{"@id":"https:\/\/maetinganoticias.com\/index.php\/2026\/03\/24\/prefeito-renatinho-vice-arnaldo-e-secretaria-patricia-lima-cumprem-agenda-em-salvador-e-articula-investimentos-em-saude-e-educacao-para-caraibas\/"},"wordCount":390,"commentCount":0,"publisher":{"@id":"https:\/\/maetinganoticias.com\/#organization"},"image":{"@id":"https:\/\/maetinganoticias.com\/index.php\/2026\/03\/24\/prefeito-renatinho-vice-arnaldo-e-secretaria-patricia-lima-cumprem-agenda-em-salvador-e-articula-investimentos-em-saude-e-educacao-para-caraibas\/#primaryimage"},"thumbnailUrl":"https:\/\/maetinganoticias.com\/wp-content\/uploads\/2026\/03\/WhatsApp-Image-2026-03-23-at-21.01.08.jpeg","articleSection":["Cara\u00edbas"],"inLanguage":"pt-BR","potentialAction":[{"@type":"CommentAction","name":"Comment","target":["https:\/\/maetinganoticias.com\/index.php\/2026\/03\/24\/prefeito-renatinho-vice-arnaldo-e-secretaria-patricia-lima-cumprem-agenda-em-salvador-e-articula-investimentos-em-saude-e-educacao-para-caraibas\/#respond"]}]},{"@type":"WebPage","@id":"https:\/\/maetinganoticias.com\/index.php\/2026\/03\/24\/prefeito-renatinho-vice-arnaldo-e-secretaria-patricia-lima-cumprem-agenda-em-salvador-e-articula-investimentos-em-saude-e-educacao-para-caraibas\/","url":"https:\/\/maetinganoticias.com\/index.php\/2026\/03\/24\/prefeito-renatinho-vice-arnaldo-e-secretaria-patricia-lima-cumprem-agenda-em-salvador-e-articula-investimentos-em-saude-e-educacao-para-caraibas\/","name":"Prefeito Renatinho, vice Arnaldo e secret\u00e1ria Patricia Lima cumprem agenda em Salvador e articula investimentos em sa\u00fade e educa\u00e7\u00e3o para Cara\u00edbas - Maetinga Not\u00edcias","isPartOf":{"@id":"https:\/\/maetinganoticias.com\/#website"},"primaryImageOfPage":{"@id":"https:\/\/maetinganoticias.com\/index.php\/2026\/03\/24\/prefeito-renatinho-vice-arnaldo-e-secretaria-patricia-lima-cumprem-agenda-em-salvador-e-articula-investimentos-em-saude-e-educacao-para-caraibas\/#primaryimage"},"image":{"@id":"https:\/\/maetinganoticias.com\/index.php\/2026\/03\/24\/prefeito-renatinho-vice-arnaldo-e-secretaria-patricia-lima-cumprem-agenda-em-salvador-e-articula-investimentos-em-saude-e-educacao-para-caraibas\/#primaryimage"},"thumbnailUrl":"https:\/\/maetinganoticias.com\/wp-content\/uploads\/2026\/03\/WhatsApp-Image-2026-03-23-at-21.01.08.jpeg","datePublished":"2026-03-24T12:41:28+00:00","dateModified":"2026-03-24T12:41:29+00:00","breadcrumb":{"@id":"https:\/\/maetinganoticias.com\/index.php\/2026\/03\/24\/prefeito-renatinho-vice-arnaldo-e-secretaria-patricia-lima-cumprem-agenda-em-salvador-e-articula-investimentos-em-saude-e-educacao-para-caraibas\/#breadcrumb"},"inLanguage":"pt-BR","potentialAction":[{"@type":"ReadAction","target":["https:\/\/maetinganoticias.com\/index.php\/2026\/03\/24\/prefeito-renatinho-vice-arnaldo-e-secretaria-patricia-lima-cumprem-agenda-em-salvador-e-articula-investimentos-em-saude-e-educacao-para-caraibas\/"]}]},{"@type":"ImageObject","inLanguage":"pt-BR","@id":"https:\/\/maetinganoticias.com\/index.php\/2026\/03\/24\/prefeito-renatinho-vice-arnaldo-e-secretaria-patricia-lima-cumprem-agenda-em-salvador-e-articula-investimentos-em-saude-e-educacao-para-caraibas\/#primaryimage","url":"https:\/\/maetinganoticias.com\/wp-content\/uploads\/2026\/03\/WhatsApp-Image-2026-03-23-at-21.01.08.jpeg","contentUrl":"https:\/\/maetinganoticias.com\/wp-content\/uploads\/2026\/03\/WhatsApp-Image-2026-03-23-at-21.01.08.jpeg","width":1280,"height":854},{"@type":"BreadcrumbList","@id":"https:\/\/maetinganoticias.com\/index.php\/2026\/03\/24\/prefeito-renatinho-vice-arnaldo-e-secretaria-patricia-lima-cumprem-agenda-em-salvador-e-articula-investimentos-em-saude-e-educacao-para-caraibas\/#breadcrumb","itemListElement":[{"@type":"ListItem","position":1,"name":"In\u00edcio","item":"https:\/\/maetinganoticias.com\/"},{"@type":"ListItem","position":2,"name":"Prefeito Renatinho, vice Arnaldo e secret\u00e1ria Patricia Lima cumprem agenda em Salvador e articula investimentos em sa\u00fade e educa\u00e7\u00e3o para Cara\u00edbas"}]},{"@type":"WebSite","@id":"https:\/\/maetinganoticias.com\/#website","url":"https:\/\/maetinganoticias.com\/","name":"Maetinga Not\u00edcias","description":"A Voz do Interior Baiano!","publisher":{"@id":"https:\/\/maetinganoticias.com\/#organization"},"potentialAction":[{"@type":"SearchAction","target":{"@type":"EntryPoint","urlTemplate":"https:\/\/maetinganoticias.com\/?s={search_term_string}"},"query-input":{"@type":"PropertyValueSpecification","valueRequired":true,"valueName":"search_term_string"}}],"inLanguage":"pt-BR"},{"@type":"Organization","@id":"https:\/\/maetinganoticias.com\/#organization","name":"Maetinga Not\u00edcias","url":"https:\/\/maetinganoticias.com\/","logo":{"@type":"ImageObject","inLanguage":"pt-BR","@id":"https:\/\/maetinganoticias.com\/#\/schema\/logo\/image\/","url":"https:\/\/maetinganoticias.com\/wp-content\/uploads\/2023\/07\/cropped-cropped-cropped-cropped-BUSINESS-3-42-1.png","contentUrl":"https:\/\/maetinganoticias.com\/wp-content\/uploads\/2023\/07\/cropped-cropped-cropped-cropped-BUSINESS-3-42-1.png","width":485,"height":109,"caption":"Maetinga Not\u00edcias"},"image":{"@id":"https:\/\/maetinganoticias.com\/#\/schema\/logo\/image\/"}},{"@type":"Person","@id":"https:\/\/maetinganoticias.com\/#\/schema\/person\/968cf95e67a6810fc7fb35bbc9016962","name":"Maetinga Not\u00edcias","image":{"@type":"ImageObject","inLanguage":"pt-BR","@id":"https:\/\/secure.gravatar.com\/avatar\/32e078313a5ca37a6c8d44e716ed4f9e87ecfde7222d2b88a1424bd49654f187?s=96&d=mm&r=g","url":"https:\/\/secure.gravatar.com\/avatar\/32e078313a5ca37a6c8d44e716ed4f9e87ecfde7222d2b88a1424bd49654f187?s=96&d=mm&r=g","contentUrl":"https:\/\/secure.gravatar.com\/avatar\/32e078313a5ca37a6c8d44e716ed4f9e87ecfde7222d2b88a1424bd49654f187?s=96&d=mm&r=g","caption":"Maetinga Not\u00edcias"},"description":"A voz do Interior Baiano!","sameAs":["https:\/\/maetinganoticias.com","https:\/\/www.instagram.com\/blogmaetinganoticias\/"],"url":"https:\/\/maetinganoticias.com\/index.php\/author\/carlosvianna13\/"}]}},"_links":{"self":[{"href":"https:\/\/maetinganoticias.com\/index.php\/wp-json\/wp\/v2\/posts\/11844","targetHints":{"allow":["GET"]}}],"collection":[{"href":"https:\/\/maetinganoticias.com\/index.php\/wp-json\/wp\/v2\/posts"}],"about":[{"href":"https:\/\/maetinganoticias.com\/index.php\/wp-json\/wp\/v2\/types\/post"}],"author":[{"embeddable":true,"href":"https:\/\/maetinganoticias.com\/index.php\/wp-json\/wp\/v2\/users\/1"}],"replies":[{"embeddable":true,"href":"https:\/\/maetinganoticias.com\/index.php\/wp-json\/wp\/v2\/comments?post=11844"}],"version-history":[{"count":1,"href":"https:\/\/maetinganoticias.com\/index.php\/wp-json\/wp\/v2\/posts\/11844\/revisions"}],"predecessor-version":[{"id":11852,"href":"https:\/\/maetinganoticias.com\/index.php\/wp-json\/wp\/v2\/posts\/11844\/revisions\/11852"}],"wp:featuredmedia":[{"embeddable":true,"href":"https:\/\/maetinganoticias.com\/index.php\/wp-json\/wp\/v2\/media\/11845"}],"wp:attachment":[{"href":"https:\/\/maetinganoticias.com\/index.php\/wp-json\/wp\/v2\/media?parent=11844"}],"wp:term":[{"taxonomy":"category","embeddable":true,"href":"https:\/\/maetinganoticias.com\/index.php\/wp-json\/wp\/v2\/categories?post=11844"},{"taxonomy":"post_tag","embeddable":true,"href":"https:\/\/maetinganoticias.com\/index.php\/wp-json\/wp\/v2\/tags?post=11844"}],"curies":[{"name":"wp","href":"https:\/\/api.w.org\/{rel}","templated":true}]}}