{"id":11714,"date":"2026-03-12T19:01:10","date_gmt":"2026-03-12T22:01:10","guid":{"rendered":"https:\/\/maetinganoticias.com\/?p=11714"},"modified":"2026-03-12T19:01:43","modified_gmt":"2026-03-12T22:01:43","slug":"fabricio-abrantes-destaca-atendimento-do-sac-movel-em-bruamdo-mais-de-mil-carteiras-de-identidade-foram-emitidas","status":"publish","type":"post","link":"https:\/\/maetinganoticias.com\/index.php\/2026\/03\/12\/fabricio-abrantes-destaca-atendimento-do-sac-movel-em-bruamdo-mais-de-mil-carteiras-de-identidade-foram-emitidas\/","title":{"rendered":"Fabr\u00edcio Abrantes destaca atendimento do SAC M\u00f3vel em Brumado; mais de mil Carteiras de Identidade foram emitidas"},"content":{"rendered":"\n<p>O prefeito Fabr\u00edcio Abrantes destacou a passagem do SAC M\u00f3vel por Brumado, que realizou uma grande mobiliza\u00e7\u00e3o de servi\u00e7os p\u00fablicos entre os dias 4 e 9 de mar\u00e7o. Durante o per\u00edodo, mais de 1.000 Carteiras de Identidade Nacional (CIN) foram emitidas, al\u00e9m de diversos atendimentos voltados \u00e0 cidadania da popula\u00e7\u00e3o.<\/p>\n\n\n\n<p>De acordo com o gerente do SAC M\u00f3vel, Jorge Carlos, a unidade realizou 1.021 atendimentos apenas para emiss\u00e3o da nova carteira de identidade, refor\u00e7ando a import\u00e2ncia do servi\u00e7o itinerante em cidades com grande demanda por documentos.<\/p>\n\n\n\n<p>Al\u00e9m da emiss\u00e3o de identidades, a estrutura tamb\u00e9m ofereceu servi\u00e7os como certid\u00e3o de antecedentes criminais, atendimento da Ouvidoria Geral do Estado, Planserv e Servi\u00e7o de Prote\u00e7\u00e3o \u00e0 Mulher (SPM).<\/p>\n\n\n\n<p>A iniciativa teve como objetivo desafogar a unidade fixa do SAC em Brumado e facilitar o acesso da popula\u00e7\u00e3o a servi\u00e7os essenciais, garantindo mais rapidez e comodidade nos atendimentos.<\/p>\n\n\n\n<p>Segundo Fabr\u00edcio, a\u00e7\u00f5es como essa fortalecem o acesso da popula\u00e7\u00e3o do interior a servi\u00e7os p\u00fablicos, levando cidadania e documenta\u00e7\u00e3o para quem mais precisa.<\/p>\n","protected":false},"excerpt":{"rendered":"<p>O prefeito Fabr\u00edcio Abrantes destacou a passagem do SAC M\u00f3vel por Brumado, que realizou uma grande mobiliza\u00e7\u00e3o de servi\u00e7os p\u00fablicos entre os dias 4 e 9 de mar\u00e7o. Durante o per\u00edodo, mais de 1.000 Carteiras de Identidade Nacional (CIN) foram emitidas, al\u00e9m de diversos atendimentos voltados \u00e0 cidadania da popula\u00e7\u00e3o. De acordo com o gerente [&hellip;]<\/p>\n","protected":false},"author":1,"featured_media":11715,"comment_status":"open","ping_status":"open","sticky":false,"template":"","format":"standard","meta":{"om_disable_all_campaigns":false,"_monsterinsights_skip_tracking":false,"_monsterinsights_sitenote_active":false,"_monsterinsights_sitenote_note":"","_monsterinsights_sitenote_category":0,"_uf_show_specific_survey":0,"_uf_disable_surveys":false,"footnotes":""},"categories":[42],"tags":[],"class_list":{"0":"post-11714","1":"post","2":"type-post","3":"status-publish","4":"format-standard","5":"has-post-thumbnail","7":"category-brumado"},"yoast_head":"<!-- This site is optimized with the Yoast SEO plugin v27.4 - https:\/\/yoast.com\/product\/yoast-seo-wordpress\/ -->\n<title>Fabr\u00edcio Abrantes destaca atendimento do SAC M\u00f3vel em Brumado; mais de mil Carteiras de Identidade foram emitidas - Maetinga Not\u00edcias<\/title>\n<meta name=\"robots\" content=\"index, follow, max-snippet:-1, max-image-preview:large, max-video-preview:-1\" \/>\n<link rel=\"canonical\" href=\"https:\/\/maetinganoticias.com\/index.php\/2026\/03\/12\/fabricio-abrantes-destaca-atendimento-do-sac-movel-em-bruamdo-mais-de-mil-carteiras-de-identidade-foram-emitidas\/\" \/>\n<meta property=\"og:locale\" content=\"pt_BR\" \/>\n<meta property=\"og:type\" content=\"article\" \/>\n<meta property=\"og:title\" content=\"Fabr\u00edcio Abrantes destaca atendimento do SAC M\u00f3vel em Brumado; mais de mil Carteiras de Identidade foram emitidas - Maetinga Not\u00edcias\" \/>\n<meta property=\"og:description\" content=\"O prefeito Fabr\u00edcio Abrantes destacou a passagem do SAC M\u00f3vel por Brumado, que realizou uma grande mobiliza\u00e7\u00e3o de servi\u00e7os p\u00fablicos entre os dias 4 e 9 de mar\u00e7o. Durante o per\u00edodo, mais de 1.000 Carteiras de Identidade Nacional (CIN) foram emitidas, al\u00e9m de diversos atendimentos voltados \u00e0 cidadania da popula\u00e7\u00e3o. De acordo com o gerente [&hellip;]\" \/>\n<meta property=\"og:url\" content=\"https:\/\/maetinganoticias.com\/index.php\/2026\/03\/12\/fabricio-abrantes-destaca-atendimento-do-sac-movel-em-bruamdo-mais-de-mil-carteiras-de-identidade-foram-emitidas\/\" \/>\n<meta property=\"og:site_name\" content=\"Maetinga Not\u00edcias\" \/>\n<meta property=\"article:published_time\" content=\"2026-03-12T22:01:10+00:00\" \/>\n<meta property=\"article:modified_time\" content=\"2026-03-12T22:01:43+00:00\" \/>\n<meta property=\"og:image\" content=\"https:\/\/maetinganoticias.com\/wp-content\/uploads\/2026\/03\/WhatsApp-Image-2026-03-12-at-19.00.16.jpeg\" \/>\n\t<meta property=\"og:image:width\" content=\"780\" \/>\n\t<meta property=\"og:image:height\" content=\"563\" \/>\n\t<meta property=\"og:image:type\" content=\"image\/jpeg\" \/>\n<meta name=\"author\" content=\"Maetinga Not\u00edcias\" \/>\n<meta name=\"twitter:card\" content=\"summary_large_image\" \/>\n<meta name=\"twitter:label1\" content=\"Escrito por\" \/>\n\t<meta name=\"twitter:data1\" content=\"Maetinga Not\u00edcias\" \/>\n\t<meta name=\"twitter:label2\" content=\"Est. tempo de leitura\" \/>\n\t<meta name=\"twitter:data2\" content=\"2 minutos\" \/>\n<script type=\"application\/ld+json\" class=\"yoast-schema-graph\">{\"@context\":\"https:\\\/\\\/schema.org\",\"@graph\":[{\"@type\":[\"Article\",\"BlogPosting\"],\"@id\":\"https:\\\/\\\/maetinganoticias.com\\\/index.php\\\/2026\\\/03\\\/12\\\/fabricio-abrantes-destaca-atendimento-do-sac-movel-em-bruamdo-mais-de-mil-carteiras-de-identidade-foram-emitidas\\\/#article\",\"isPartOf\":{\"@id\":\"https:\\\/\\\/maetinganoticias.com\\\/index.php\\\/2026\\\/03\\\/12\\\/fabricio-abrantes-destaca-atendimento-do-sac-movel-em-bruamdo-mais-de-mil-carteiras-de-identidade-foram-emitidas\\\/\"},\"author\":{\"name\":\"Maetinga Not\u00edcias\",\"@id\":\"https:\\\/\\\/maetinganoticias.com\\\/#\\\/schema\\\/person\\\/968cf95e67a6810fc7fb35bbc9016962\"},\"headline\":\"Fabr\u00edcio Abrantes destaca atendimento do SAC M\u00f3vel em Brumado; mais de mil Carteiras de Identidade foram emitidas\",\"datePublished\":\"2026-03-12T22:01:10+00:00\",\"dateModified\":\"2026-03-12T22:01:43+00:00\",\"mainEntityOfPage\":{\"@id\":\"https:\\\/\\\/maetinganoticias.com\\\/index.php\\\/2026\\\/03\\\/12\\\/fabricio-abrantes-destaca-atendimento-do-sac-movel-em-bruamdo-mais-de-mil-carteiras-de-identidade-foram-emitidas\\\/\"},\"wordCount\":209,\"commentCount\":0,\"publisher\":{\"@id\":\"https:\\\/\\\/maetinganoticias.com\\\/#organization\"},\"image\":{\"@id\":\"https:\\\/\\\/maetinganoticias.com\\\/index.php\\\/2026\\\/03\\\/12\\\/fabricio-abrantes-destaca-atendimento-do-sac-movel-em-bruamdo-mais-de-mil-carteiras-de-identidade-foram-emitidas\\\/#primaryimage\"},\"thumbnailUrl\":\"https:\\\/\\\/maetinganoticias.com\\\/wp-content\\\/uploads\\\/2026\\\/03\\\/WhatsApp-Image-2026-03-12-at-19.00.16.jpeg\",\"articleSection\":[\"Brumado\"],\"inLanguage\":\"pt-BR\",\"potentialAction\":[{\"@type\":\"CommentAction\",\"name\":\"Comment\",\"target\":[\"https:\\\/\\\/maetinganoticias.com\\\/index.php\\\/2026\\\/03\\\/12\\\/fabricio-abrantes-destaca-atendimento-do-sac-movel-em-bruamdo-mais-de-mil-carteiras-de-identidade-foram-emitidas\\\/#respond\"]}]},{\"@type\":\"WebPage\",\"@id\":\"https:\\\/\\\/maetinganoticias.com\\\/index.php\\\/2026\\\/03\\\/12\\\/fabricio-abrantes-destaca-atendimento-do-sac-movel-em-bruamdo-mais-de-mil-carteiras-de-identidade-foram-emitidas\\\/\",\"url\":\"https:\\\/\\\/maetinganoticias.com\\\/index.php\\\/2026\\\/03\\\/12\\\/fabricio-abrantes-destaca-atendimento-do-sac-movel-em-bruamdo-mais-de-mil-carteiras-de-identidade-foram-emitidas\\\/\",\"name\":\"Fabr\u00edcio Abrantes destaca atendimento do SAC M\u00f3vel em Brumado; mais de mil Carteiras de Identidade foram emitidas - Maetinga Not\u00edcias\",\"isPartOf\":{\"@id\":\"https:\\\/\\\/maetinganoticias.com\\\/#website\"},\"primaryImageOfPage\":{\"@id\":\"https:\\\/\\\/maetinganoticias.com\\\/index.php\\\/2026\\\/03\\\/12\\\/fabricio-abrantes-destaca-atendimento-do-sac-movel-em-bruamdo-mais-de-mil-carteiras-de-identidade-foram-emitidas\\\/#primaryimage\"},\"image\":{\"@id\":\"https:\\\/\\\/maetinganoticias.com\\\/index.php\\\/2026\\\/03\\\/12\\\/fabricio-abrantes-destaca-atendimento-do-sac-movel-em-bruamdo-mais-de-mil-carteiras-de-identidade-foram-emitidas\\\/#primaryimage\"},\"thumbnailUrl\":\"https:\\\/\\\/maetinganoticias.com\\\/wp-content\\\/uploads\\\/2026\\\/03\\\/WhatsApp-Image-2026-03-12-at-19.00.16.jpeg\",\"datePublished\":\"2026-03-12T22:01:10+00:00\",\"dateModified\":\"2026-03-12T22:01:43+00:00\",\"breadcrumb\":{\"@id\":\"https:\\\/\\\/maetinganoticias.com\\\/index.php\\\/2026\\\/03\\\/12\\\/fabricio-abrantes-destaca-atendimento-do-sac-movel-em-bruamdo-mais-de-mil-carteiras-de-identidade-foram-emitidas\\\/#breadcrumb\"},\"inLanguage\":\"pt-BR\",\"potentialAction\":[{\"@type\":\"ReadAction\",\"target\":[\"https:\\\/\\\/maetinganoticias.com\\\/index.php\\\/2026\\\/03\\\/12\\\/fabricio-abrantes-destaca-atendimento-do-sac-movel-em-bruamdo-mais-de-mil-carteiras-de-identidade-foram-emitidas\\\/\"]}]},{\"@type\":\"ImageObject\",\"inLanguage\":\"pt-BR\",\"@id\":\"https:\\\/\\\/maetinganoticias.com\\\/index.php\\\/2026\\\/03\\\/12\\\/fabricio-abrantes-destaca-atendimento-do-sac-movel-em-bruamdo-mais-de-mil-carteiras-de-identidade-foram-emitidas\\\/#primaryimage\",\"url\":\"https:\\\/\\\/maetinganoticias.com\\\/wp-content\\\/uploads\\\/2026\\\/03\\\/WhatsApp-Image-2026-03-12-at-19.00.16.jpeg\",\"contentUrl\":\"https:\\\/\\\/maetinganoticias.com\\\/wp-content\\\/uploads\\\/2026\\\/03\\\/WhatsApp-Image-2026-03-12-at-19.00.16.jpeg\",\"width\":780,\"height\":563},{\"@type\":\"BreadcrumbList\",\"@id\":\"https:\\\/\\\/maetinganoticias.com\\\/index.php\\\/2026\\\/03\\\/12\\\/fabricio-abrantes-destaca-atendimento-do-sac-movel-em-bruamdo-mais-de-mil-carteiras-de-identidade-foram-emitidas\\\/#breadcrumb\",\"itemListElement\":[{\"@type\":\"ListItem\",\"position\":1,\"name\":\"In\u00edcio\",\"item\":\"https:\\\/\\\/maetinganoticias.com\\\/\"},{\"@type\":\"ListItem\",\"position\":2,\"name\":\"Fabr\u00edcio Abrantes destaca atendimento do SAC M\u00f3vel em Brumado; mais de mil Carteiras de Identidade foram emitidas\"}]},{\"@type\":\"WebSite\",\"@id\":\"https:\\\/\\\/maetinganoticias.com\\\/#website\",\"url\":\"https:\\\/\\\/maetinganoticias.com\\\/\",\"name\":\"Maetinga Not\u00edcias\",\"description\":\"A Voz do Interior Baiano!\",\"publisher\":{\"@id\":\"https:\\\/\\\/maetinganoticias.com\\\/#organization\"},\"potentialAction\":[{\"@type\":\"SearchAction\",\"target\":{\"@type\":\"EntryPoint\",\"urlTemplate\":\"https:\\\/\\\/maetinganoticias.com\\\/?s={search_term_string}\"},\"query-input\":{\"@type\":\"PropertyValueSpecification\",\"valueRequired\":true,\"valueName\":\"search_term_string\"}}],\"inLanguage\":\"pt-BR\"},{\"@type\":\"Organization\",\"@id\":\"https:\\\/\\\/maetinganoticias.com\\\/#organization\",\"name\":\"Maetinga Not\u00edcias\",\"url\":\"https:\\\/\\\/maetinganoticias.com\\\/\",\"logo\":{\"@type\":\"ImageObject\",\"inLanguage\":\"pt-BR\",\"@id\":\"https:\\\/\\\/maetinganoticias.com\\\/#\\\/schema\\\/logo\\\/image\\\/\",\"url\":\"https:\\\/\\\/maetinganoticias.com\\\/wp-content\\\/uploads\\\/2023\\\/07\\\/cropped-cropped-cropped-cropped-BUSINESS-3-42-1.png\",\"contentUrl\":\"https:\\\/\\\/maetinganoticias.com\\\/wp-content\\\/uploads\\\/2023\\\/07\\\/cropped-cropped-cropped-cropped-BUSINESS-3-42-1.png\",\"width\":485,\"height\":109,\"caption\":\"Maetinga Not\u00edcias\"},\"image\":{\"@id\":\"https:\\\/\\\/maetinganoticias.com\\\/#\\\/schema\\\/logo\\\/image\\\/\"}},{\"@type\":\"Person\",\"@id\":\"https:\\\/\\\/maetinganoticias.com\\\/#\\\/schema\\\/person\\\/968cf95e67a6810fc7fb35bbc9016962\",\"name\":\"Maetinga Not\u00edcias\",\"image\":{\"@type\":\"ImageObject\",\"inLanguage\":\"pt-BR\",\"@id\":\"https:\\\/\\\/secure.gravatar.com\\\/avatar\\\/32e078313a5ca37a6c8d44e716ed4f9e87ecfde7222d2b88a1424bd49654f187?s=96&d=mm&r=g\",\"url\":\"https:\\\/\\\/secure.gravatar.com\\\/avatar\\\/32e078313a5ca37a6c8d44e716ed4f9e87ecfde7222d2b88a1424bd49654f187?s=96&d=mm&r=g\",\"contentUrl\":\"https:\\\/\\\/secure.gravatar.com\\\/avatar\\\/32e078313a5ca37a6c8d44e716ed4f9e87ecfde7222d2b88a1424bd49654f187?s=96&d=mm&r=g\",\"caption\":\"Maetinga Not\u00edcias\"},\"description\":\"A voz do Interior Baiano!\",\"sameAs\":[\"https:\\\/\\\/maetinganoticias.com\",\"https:\\\/\\\/www.instagram.com\\\/blogmaetinganoticias\\\/\"],\"url\":\"https:\\\/\\\/maetinganoticias.com\\\/index.php\\\/author\\\/carlosvianna13\\\/\"}]}<\/script>\n<!-- \/ Yoast SEO plugin. -->","yoast_head_json":{"title":"Fabr\u00edcio Abrantes destaca atendimento do SAC M\u00f3vel em Brumado; mais de mil Carteiras de Identidade foram emitidas - Maetinga Not\u00edcias","robots":{"index":"index","follow":"follow","max-snippet":"max-snippet:-1","max-image-preview":"max-image-preview:large","max-video-preview":"max-video-preview:-1"},"canonical":"https:\/\/maetinganoticias.com\/index.php\/2026\/03\/12\/fabricio-abrantes-destaca-atendimento-do-sac-movel-em-bruamdo-mais-de-mil-carteiras-de-identidade-foram-emitidas\/","og_locale":"pt_BR","og_type":"article","og_title":"Fabr\u00edcio Abrantes destaca atendimento do SAC M\u00f3vel em Brumado; mais de mil Carteiras de Identidade foram emitidas - Maetinga Not\u00edcias","og_description":"O prefeito Fabr\u00edcio Abrantes destacou a passagem do SAC M\u00f3vel por Brumado, que realizou uma grande mobiliza\u00e7\u00e3o de servi\u00e7os p\u00fablicos entre os dias 4 e 9 de mar\u00e7o. Durante o per\u00edodo, mais de 1.000 Carteiras de Identidade Nacional (CIN) foram emitidas, al\u00e9m de diversos atendimentos voltados \u00e0 cidadania da popula\u00e7\u00e3o. De acordo com o gerente [&hellip;]","og_url":"https:\/\/maetinganoticias.com\/index.php\/2026\/03\/12\/fabricio-abrantes-destaca-atendimento-do-sac-movel-em-bruamdo-mais-de-mil-carteiras-de-identidade-foram-emitidas\/","og_site_name":"Maetinga Not\u00edcias","article_published_time":"2026-03-12T22:01:10+00:00","article_modified_time":"2026-03-12T22:01:43+00:00","og_image":[{"width":780,"height":563,"url":"https:\/\/maetinganoticias.com\/wp-content\/uploads\/2026\/03\/WhatsApp-Image-2026-03-12-at-19.00.16.jpeg","type":"image\/jpeg"}],"author":"Maetinga Not\u00edcias","twitter_card":"summary_large_image","twitter_misc":{"Escrito por":"Maetinga Not\u00edcias","Est. tempo de leitura":"2 minutos"},"schema":{"@context":"https:\/\/schema.org","@graph":[{"@type":["Article","BlogPosting"],"@id":"https:\/\/maetinganoticias.com\/index.php\/2026\/03\/12\/fabricio-abrantes-destaca-atendimento-do-sac-movel-em-bruamdo-mais-de-mil-carteiras-de-identidade-foram-emitidas\/#article","isPartOf":{"@id":"https:\/\/maetinganoticias.com\/index.php\/2026\/03\/12\/fabricio-abrantes-destaca-atendimento-do-sac-movel-em-bruamdo-mais-de-mil-carteiras-de-identidade-foram-emitidas\/"},"author":{"name":"Maetinga Not\u00edcias","@id":"https:\/\/maetinganoticias.com\/#\/schema\/person\/968cf95e67a6810fc7fb35bbc9016962"},"headline":"Fabr\u00edcio Abrantes destaca atendimento do SAC M\u00f3vel em Brumado; mais de mil Carteiras de Identidade foram emitidas","datePublished":"2026-03-12T22:01:10+00:00","dateModified":"2026-03-12T22:01:43+00:00","mainEntityOfPage":{"@id":"https:\/\/maetinganoticias.com\/index.php\/2026\/03\/12\/fabricio-abrantes-destaca-atendimento-do-sac-movel-em-bruamdo-mais-de-mil-carteiras-de-identidade-foram-emitidas\/"},"wordCount":209,"commentCount":0,"publisher":{"@id":"https:\/\/maetinganoticias.com\/#organization"},"image":{"@id":"https:\/\/maetinganoticias.com\/index.php\/2026\/03\/12\/fabricio-abrantes-destaca-atendimento-do-sac-movel-em-bruamdo-mais-de-mil-carteiras-de-identidade-foram-emitidas\/#primaryimage"},"thumbnailUrl":"https:\/\/maetinganoticias.com\/wp-content\/uploads\/2026\/03\/WhatsApp-Image-2026-03-12-at-19.00.16.jpeg","articleSection":["Brumado"],"inLanguage":"pt-BR","potentialAction":[{"@type":"CommentAction","name":"Comment","target":["https:\/\/maetinganoticias.com\/index.php\/2026\/03\/12\/fabricio-abrantes-destaca-atendimento-do-sac-movel-em-bruamdo-mais-de-mil-carteiras-de-identidade-foram-emitidas\/#respond"]}]},{"@type":"WebPage","@id":"https:\/\/maetinganoticias.com\/index.php\/2026\/03\/12\/fabricio-abrantes-destaca-atendimento-do-sac-movel-em-bruamdo-mais-de-mil-carteiras-de-identidade-foram-emitidas\/","url":"https:\/\/maetinganoticias.com\/index.php\/2026\/03\/12\/fabricio-abrantes-destaca-atendimento-do-sac-movel-em-bruamdo-mais-de-mil-carteiras-de-identidade-foram-emitidas\/","name":"Fabr\u00edcio Abrantes destaca atendimento do SAC M\u00f3vel em Brumado; mais de mil Carteiras de Identidade foram emitidas - Maetinga Not\u00edcias","isPartOf":{"@id":"https:\/\/maetinganoticias.com\/#website"},"primaryImageOfPage":{"@id":"https:\/\/maetinganoticias.com\/index.php\/2026\/03\/12\/fabricio-abrantes-destaca-atendimento-do-sac-movel-em-bruamdo-mais-de-mil-carteiras-de-identidade-foram-emitidas\/#primaryimage"},"image":{"@id":"https:\/\/maetinganoticias.com\/index.php\/2026\/03\/12\/fabricio-abrantes-destaca-atendimento-do-sac-movel-em-bruamdo-mais-de-mil-carteiras-de-identidade-foram-emitidas\/#primaryimage"},"thumbnailUrl":"https:\/\/maetinganoticias.com\/wp-content\/uploads\/2026\/03\/WhatsApp-Image-2026-03-12-at-19.00.16.jpeg","datePublished":"2026-03-12T22:01:10+00:00","dateModified":"2026-03-12T22:01:43+00:00","breadcrumb":{"@id":"https:\/\/maetinganoticias.com\/index.php\/2026\/03\/12\/fabricio-abrantes-destaca-atendimento-do-sac-movel-em-bruamdo-mais-de-mil-carteiras-de-identidade-foram-emitidas\/#breadcrumb"},"inLanguage":"pt-BR","potentialAction":[{"@type":"ReadAction","target":["https:\/\/maetinganoticias.com\/index.php\/2026\/03\/12\/fabricio-abrantes-destaca-atendimento-do-sac-movel-em-bruamdo-mais-de-mil-carteiras-de-identidade-foram-emitidas\/"]}]},{"@type":"ImageObject","inLanguage":"pt-BR","@id":"https:\/\/maetinganoticias.com\/index.php\/2026\/03\/12\/fabricio-abrantes-destaca-atendimento-do-sac-movel-em-bruamdo-mais-de-mil-carteiras-de-identidade-foram-emitidas\/#primaryimage","url":"https:\/\/maetinganoticias.com\/wp-content\/uploads\/2026\/03\/WhatsApp-Image-2026-03-12-at-19.00.16.jpeg","contentUrl":"https:\/\/maetinganoticias.com\/wp-content\/uploads\/2026\/03\/WhatsApp-Image-2026-03-12-at-19.00.16.jpeg","width":780,"height":563},{"@type":"BreadcrumbList","@id":"https:\/\/maetinganoticias.com\/index.php\/2026\/03\/12\/fabricio-abrantes-destaca-atendimento-do-sac-movel-em-bruamdo-mais-de-mil-carteiras-de-identidade-foram-emitidas\/#breadcrumb","itemListElement":[{"@type":"ListItem","position":1,"name":"In\u00edcio","item":"https:\/\/maetinganoticias.com\/"},{"@type":"ListItem","position":2,"name":"Fabr\u00edcio Abrantes destaca atendimento do SAC M\u00f3vel em Brumado; mais de mil Carteiras de Identidade foram emitidas"}]},{"@type":"WebSite","@id":"https:\/\/maetinganoticias.com\/#website","url":"https:\/\/maetinganoticias.com\/","name":"Maetinga Not\u00edcias","description":"A Voz do Interior Baiano!","publisher":{"@id":"https:\/\/maetinganoticias.com\/#organization"},"potentialAction":[{"@type":"SearchAction","target":{"@type":"EntryPoint","urlTemplate":"https:\/\/maetinganoticias.com\/?s={search_term_string}"},"query-input":{"@type":"PropertyValueSpecification","valueRequired":true,"valueName":"search_term_string"}}],"inLanguage":"pt-BR"},{"@type":"Organization","@id":"https:\/\/maetinganoticias.com\/#organization","name":"Maetinga Not\u00edcias","url":"https:\/\/maetinganoticias.com\/","logo":{"@type":"ImageObject","inLanguage":"pt-BR","@id":"https:\/\/maetinganoticias.com\/#\/schema\/logo\/image\/","url":"https:\/\/maetinganoticias.com\/wp-content\/uploads\/2023\/07\/cropped-cropped-cropped-cropped-BUSINESS-3-42-1.png","contentUrl":"https:\/\/maetinganoticias.com\/wp-content\/uploads\/2023\/07\/cropped-cropped-cropped-cropped-BUSINESS-3-42-1.png","width":485,"height":109,"caption":"Maetinga Not\u00edcias"},"image":{"@id":"https:\/\/maetinganoticias.com\/#\/schema\/logo\/image\/"}},{"@type":"Person","@id":"https:\/\/maetinganoticias.com\/#\/schema\/person\/968cf95e67a6810fc7fb35bbc9016962","name":"Maetinga Not\u00edcias","image":{"@type":"ImageObject","inLanguage":"pt-BR","@id":"https:\/\/secure.gravatar.com\/avatar\/32e078313a5ca37a6c8d44e716ed4f9e87ecfde7222d2b88a1424bd49654f187?s=96&d=mm&r=g","url":"https:\/\/secure.gravatar.com\/avatar\/32e078313a5ca37a6c8d44e716ed4f9e87ecfde7222d2b88a1424bd49654f187?s=96&d=mm&r=g","contentUrl":"https:\/\/secure.gravatar.com\/avatar\/32e078313a5ca37a6c8d44e716ed4f9e87ecfde7222d2b88a1424bd49654f187?s=96&d=mm&r=g","caption":"Maetinga Not\u00edcias"},"description":"A voz do Interior Baiano!","sameAs":["https:\/\/maetinganoticias.com","https:\/\/www.instagram.com\/blogmaetinganoticias\/"],"url":"https:\/\/maetinganoticias.com\/index.php\/author\/carlosvianna13\/"}]}},"_links":{"self":[{"href":"https:\/\/maetinganoticias.com\/index.php\/wp-json\/wp\/v2\/posts\/11714","targetHints":{"allow":["GET"]}}],"collection":[{"href":"https:\/\/maetinganoticias.com\/index.php\/wp-json\/wp\/v2\/posts"}],"about":[{"href":"https:\/\/maetinganoticias.com\/index.php\/wp-json\/wp\/v2\/types\/post"}],"author":[{"embeddable":true,"href":"https:\/\/maetinganoticias.com\/index.php\/wp-json\/wp\/v2\/users\/1"}],"replies":[{"embeddable":true,"href":"https:\/\/maetinganoticias.com\/index.php\/wp-json\/wp\/v2\/comments?post=11714"}],"version-history":[{"count":2,"href":"https:\/\/maetinganoticias.com\/index.php\/wp-json\/wp\/v2\/posts\/11714\/revisions"}],"predecessor-version":[{"id":11717,"href":"https:\/\/maetinganoticias.com\/index.php\/wp-json\/wp\/v2\/posts\/11714\/revisions\/11717"}],"wp:featuredmedia":[{"embeddable":true,"href":"https:\/\/maetinganoticias.com\/index.php\/wp-json\/wp\/v2\/media\/11715"}],"wp:attachment":[{"href":"https:\/\/maetinganoticias.com\/index.php\/wp-json\/wp\/v2\/media?parent=11714"}],"wp:term":[{"taxonomy":"category","embeddable":true,"href":"https:\/\/maetinganoticias.com\/index.php\/wp-json\/wp\/v2\/categories?post=11714"},{"taxonomy":"post_tag","embeddable":true,"href":"https:\/\/maetinganoticias.com\/index.php\/wp-json\/wp\/v2\/tags?post=11714"}],"curies":[{"name":"wp","href":"https:\/\/api.w.org\/{rel}","templated":true}]}}