{"id":11672,"date":"2026-03-12T10:17:45","date_gmt":"2026-03-12T13:17:45","guid":{"rendered":"https:\/\/maetinganoticias.com\/?p=11672"},"modified":"2026-03-12T10:17:49","modified_gmt":"2026-03-12T13:17:49","slug":"defesa-civil-nacional-reconhece-situacao-de-emergencia-em-tanhacu-apos-fortes-chuvas","status":"publish","type":"post","link":"https:\/\/maetinganoticias.com\/index.php\/2026\/03\/12\/defesa-civil-nacional-reconhece-situacao-de-emergencia-em-tanhacu-apos-fortes-chuvas\/","title":{"rendered":"Defesa Civil Nacional reconhece situa\u00e7\u00e3o de emerg\u00eancia em Tanha\u00e7u ap\u00f3s fortes chuvas"},"content":{"rendered":"\n<p>O Minist\u00e9rio da Integra\u00e7\u00e3o e do Desenvolvimento Regional, por meio da Defesa Civil Nacional, reconheceu nesta quarta-feira (11), situa\u00e7\u00e3o de emerg\u00eancia no munic\u00edpio de Tanha\u00e7u, na Bahia, em raz\u00e3o das fortes chuvas que atingiram a cidade. <\/p>\n\n\n\n<p>A portaria com o reconhecimento foi publicada no Di\u00e1rio Oficial da Uni\u00e3o. Com a medida, a prefeitura est\u00e1 apta a solicitar recursos do Governo Federal para a\u00e7\u00f5es de defesa civil.<\/p>\n\n\n\n<p>Entre as possibilidades de uso dos recursos est\u00e3o a compra de cestas b\u00e1sicas, \u00e1gua mineral, refei\u00e7\u00f5es para trabalhadores e volunt\u00e1rios, al\u00e9m de kits de limpeza de resid\u00eancias, higiene pessoal e dormit\u00f3rio. Para ter acesso ao apoio financeiro, a solicita\u00e7\u00e3o deve ser feita pelo munic\u00edpio por meio do Sistema Integrado de Informa\u00e7\u00f5es sobre Desastres.<\/p>\n\n\n\n<p>A partir das informa\u00e7\u00f5es enviadas nos planos de trabalho, a equipe t\u00e9cnica da Defesa Civil Nacional analisa as metas e os valores solicitados. Ap\u00f3s a aprova\u00e7\u00e3o da an\u00e1lise, \u00e9 publicada uma nova portaria no Di\u00e1rio Oficial da Uni\u00e3o informando o valor que ser\u00e1 liberado para atender \u00e0s a\u00e7\u00f5es emergenciais no munic\u00edpio.<\/p>\n","protected":false},"excerpt":{"rendered":"<p>O Minist\u00e9rio da Integra\u00e7\u00e3o e do Desenvolvimento Regional, por meio da Defesa Civil Nacional, reconheceu nesta quarta-feira (11), situa\u00e7\u00e3o de emerg\u00eancia no munic\u00edpio de Tanha\u00e7u, na Bahia, em raz\u00e3o das fortes chuvas que atingiram a cidade. A portaria com o reconhecimento foi publicada no Di\u00e1rio Oficial da Uni\u00e3o. Com a medida, a prefeitura est\u00e1 apta [&hellip;]<\/p>\n","protected":false},"author":1,"featured_media":11673,"comment_status":"open","ping_status":"open","sticky":false,"template":"","format":"standard","meta":{"om_disable_all_campaigns":false,"_monsterinsights_skip_tracking":false,"_monsterinsights_sitenote_active":false,"_monsterinsights_sitenote_note":"","_monsterinsights_sitenote_category":0,"_uf_show_specific_survey":0,"_uf_disable_surveys":false,"footnotes":""},"categories":[352],"tags":[],"class_list":{"0":"post-11672","1":"post","2":"type-post","3":"status-publish","4":"format-standard","5":"has-post-thumbnail","7":"category-tanhacu"},"yoast_head":"<!-- This site is optimized with the Yoast SEO plugin v27.4 - https:\/\/yoast.com\/product\/yoast-seo-wordpress\/ -->\n<title>Defesa Civil Nacional reconhece situa\u00e7\u00e3o de emerg\u00eancia em Tanha\u00e7u ap\u00f3s fortes chuvas - Maetinga Not\u00edcias<\/title>\n<meta name=\"robots\" content=\"index, follow, max-snippet:-1, max-image-preview:large, max-video-preview:-1\" \/>\n<link rel=\"canonical\" href=\"https:\/\/maetinganoticias.com\/index.php\/2026\/03\/12\/defesa-civil-nacional-reconhece-situacao-de-emergencia-em-tanhacu-apos-fortes-chuvas\/\" \/>\n<meta property=\"og:locale\" content=\"pt_BR\" \/>\n<meta property=\"og:type\" content=\"article\" \/>\n<meta property=\"og:title\" content=\"Defesa Civil Nacional reconhece situa\u00e7\u00e3o de emerg\u00eancia em Tanha\u00e7u ap\u00f3s fortes chuvas - Maetinga Not\u00edcias\" \/>\n<meta property=\"og:description\" content=\"O Minist\u00e9rio da Integra\u00e7\u00e3o e do Desenvolvimento Regional, por meio da Defesa Civil Nacional, reconheceu nesta quarta-feira (11), situa\u00e7\u00e3o de emerg\u00eancia no munic\u00edpio de Tanha\u00e7u, na Bahia, em raz\u00e3o das fortes chuvas que atingiram a cidade. A portaria com o reconhecimento foi publicada no Di\u00e1rio Oficial da Uni\u00e3o. Com a medida, a prefeitura est\u00e1 apta [&hellip;]\" \/>\n<meta property=\"og:url\" content=\"https:\/\/maetinganoticias.com\/index.php\/2026\/03\/12\/defesa-civil-nacional-reconhece-situacao-de-emergencia-em-tanhacu-apos-fortes-chuvas\/\" \/>\n<meta property=\"og:site_name\" content=\"Maetinga Not\u00edcias\" \/>\n<meta property=\"article:published_time\" content=\"2026-03-12T13:17:45+00:00\" \/>\n<meta property=\"article:modified_time\" content=\"2026-03-12T13:17:49+00:00\" \/>\n<meta property=\"og:image\" content=\"https:\/\/maetinganoticias.com\/wp-content\/uploads\/2026\/03\/maxresdefault.jpg\" \/>\n\t<meta property=\"og:image:width\" content=\"1280\" \/>\n\t<meta property=\"og:image:height\" content=\"720\" \/>\n\t<meta property=\"og:image:type\" content=\"image\/jpeg\" \/>\n<meta name=\"author\" content=\"Maetinga Not\u00edcias\" \/>\n<meta name=\"twitter:card\" content=\"summary_large_image\" \/>\n<meta name=\"twitter:label1\" content=\"Escrito por\" \/>\n\t<meta name=\"twitter:data1\" content=\"Maetinga Not\u00edcias\" \/>\n\t<meta name=\"twitter:label2\" content=\"Est. tempo de leitura\" \/>\n\t<meta name=\"twitter:data2\" content=\"2 minutos\" \/>\n<script type=\"application\/ld+json\" class=\"yoast-schema-graph\">{\"@context\":\"https:\\\/\\\/schema.org\",\"@graph\":[{\"@type\":[\"Article\",\"BlogPosting\"],\"@id\":\"https:\\\/\\\/maetinganoticias.com\\\/index.php\\\/2026\\\/03\\\/12\\\/defesa-civil-nacional-reconhece-situacao-de-emergencia-em-tanhacu-apos-fortes-chuvas\\\/#article\",\"isPartOf\":{\"@id\":\"https:\\\/\\\/maetinganoticias.com\\\/index.php\\\/2026\\\/03\\\/12\\\/defesa-civil-nacional-reconhece-situacao-de-emergencia-em-tanhacu-apos-fortes-chuvas\\\/\"},\"author\":{\"name\":\"Maetinga Not\u00edcias\",\"@id\":\"https:\\\/\\\/maetinganoticias.com\\\/#\\\/schema\\\/person\\\/968cf95e67a6810fc7fb35bbc9016962\"},\"headline\":\"Defesa Civil Nacional reconhece situa\u00e7\u00e3o de emerg\u00eancia em Tanha\u00e7u ap\u00f3s fortes chuvas\",\"datePublished\":\"2026-03-12T13:17:45+00:00\",\"dateModified\":\"2026-03-12T13:17:49+00:00\",\"mainEntityOfPage\":{\"@id\":\"https:\\\/\\\/maetinganoticias.com\\\/index.php\\\/2026\\\/03\\\/12\\\/defesa-civil-nacional-reconhece-situacao-de-emergencia-em-tanhacu-apos-fortes-chuvas\\\/\"},\"wordCount\":213,\"commentCount\":0,\"publisher\":{\"@id\":\"https:\\\/\\\/maetinganoticias.com\\\/#organization\"},\"image\":{\"@id\":\"https:\\\/\\\/maetinganoticias.com\\\/index.php\\\/2026\\\/03\\\/12\\\/defesa-civil-nacional-reconhece-situacao-de-emergencia-em-tanhacu-apos-fortes-chuvas\\\/#primaryimage\"},\"thumbnailUrl\":\"https:\\\/\\\/maetinganoticias.com\\\/wp-content\\\/uploads\\\/2026\\\/03\\\/maxresdefault.jpg\",\"articleSection\":[\"Tanha\u00e7u\"],\"inLanguage\":\"pt-BR\",\"potentialAction\":[{\"@type\":\"CommentAction\",\"name\":\"Comment\",\"target\":[\"https:\\\/\\\/maetinganoticias.com\\\/index.php\\\/2026\\\/03\\\/12\\\/defesa-civil-nacional-reconhece-situacao-de-emergencia-em-tanhacu-apos-fortes-chuvas\\\/#respond\"]}]},{\"@type\":\"WebPage\",\"@id\":\"https:\\\/\\\/maetinganoticias.com\\\/index.php\\\/2026\\\/03\\\/12\\\/defesa-civil-nacional-reconhece-situacao-de-emergencia-em-tanhacu-apos-fortes-chuvas\\\/\",\"url\":\"https:\\\/\\\/maetinganoticias.com\\\/index.php\\\/2026\\\/03\\\/12\\\/defesa-civil-nacional-reconhece-situacao-de-emergencia-em-tanhacu-apos-fortes-chuvas\\\/\",\"name\":\"Defesa Civil Nacional reconhece situa\u00e7\u00e3o de emerg\u00eancia em Tanha\u00e7u ap\u00f3s fortes chuvas - Maetinga Not\u00edcias\",\"isPartOf\":{\"@id\":\"https:\\\/\\\/maetinganoticias.com\\\/#website\"},\"primaryImageOfPage\":{\"@id\":\"https:\\\/\\\/maetinganoticias.com\\\/index.php\\\/2026\\\/03\\\/12\\\/defesa-civil-nacional-reconhece-situacao-de-emergencia-em-tanhacu-apos-fortes-chuvas\\\/#primaryimage\"},\"image\":{\"@id\":\"https:\\\/\\\/maetinganoticias.com\\\/index.php\\\/2026\\\/03\\\/12\\\/defesa-civil-nacional-reconhece-situacao-de-emergencia-em-tanhacu-apos-fortes-chuvas\\\/#primaryimage\"},\"thumbnailUrl\":\"https:\\\/\\\/maetinganoticias.com\\\/wp-content\\\/uploads\\\/2026\\\/03\\\/maxresdefault.jpg\",\"datePublished\":\"2026-03-12T13:17:45+00:00\",\"dateModified\":\"2026-03-12T13:17:49+00:00\",\"breadcrumb\":{\"@id\":\"https:\\\/\\\/maetinganoticias.com\\\/index.php\\\/2026\\\/03\\\/12\\\/defesa-civil-nacional-reconhece-situacao-de-emergencia-em-tanhacu-apos-fortes-chuvas\\\/#breadcrumb\"},\"inLanguage\":\"pt-BR\",\"potentialAction\":[{\"@type\":\"ReadAction\",\"target\":[\"https:\\\/\\\/maetinganoticias.com\\\/index.php\\\/2026\\\/03\\\/12\\\/defesa-civil-nacional-reconhece-situacao-de-emergencia-em-tanhacu-apos-fortes-chuvas\\\/\"]}]},{\"@type\":\"ImageObject\",\"inLanguage\":\"pt-BR\",\"@id\":\"https:\\\/\\\/maetinganoticias.com\\\/index.php\\\/2026\\\/03\\\/12\\\/defesa-civil-nacional-reconhece-situacao-de-emergencia-em-tanhacu-apos-fortes-chuvas\\\/#primaryimage\",\"url\":\"https:\\\/\\\/maetinganoticias.com\\\/wp-content\\\/uploads\\\/2026\\\/03\\\/maxresdefault.jpg\",\"contentUrl\":\"https:\\\/\\\/maetinganoticias.com\\\/wp-content\\\/uploads\\\/2026\\\/03\\\/maxresdefault.jpg\",\"width\":1280,\"height\":720,\"caption\":\"FOTO: REPRODU\u00c7\u00c3O\"},{\"@type\":\"BreadcrumbList\",\"@id\":\"https:\\\/\\\/maetinganoticias.com\\\/index.php\\\/2026\\\/03\\\/12\\\/defesa-civil-nacional-reconhece-situacao-de-emergencia-em-tanhacu-apos-fortes-chuvas\\\/#breadcrumb\",\"itemListElement\":[{\"@type\":\"ListItem\",\"position\":1,\"name\":\"In\u00edcio\",\"item\":\"https:\\\/\\\/maetinganoticias.com\\\/\"},{\"@type\":\"ListItem\",\"position\":2,\"name\":\"Defesa Civil Nacional reconhece situa\u00e7\u00e3o de emerg\u00eancia em Tanha\u00e7u ap\u00f3s fortes chuvas\"}]},{\"@type\":\"WebSite\",\"@id\":\"https:\\\/\\\/maetinganoticias.com\\\/#website\",\"url\":\"https:\\\/\\\/maetinganoticias.com\\\/\",\"name\":\"Maetinga Not\u00edcias\",\"description\":\"A Voz do Interior Baiano!\",\"publisher\":{\"@id\":\"https:\\\/\\\/maetinganoticias.com\\\/#organization\"},\"potentialAction\":[{\"@type\":\"SearchAction\",\"target\":{\"@type\":\"EntryPoint\",\"urlTemplate\":\"https:\\\/\\\/maetinganoticias.com\\\/?s={search_term_string}\"},\"query-input\":{\"@type\":\"PropertyValueSpecification\",\"valueRequired\":true,\"valueName\":\"search_term_string\"}}],\"inLanguage\":\"pt-BR\"},{\"@type\":\"Organization\",\"@id\":\"https:\\\/\\\/maetinganoticias.com\\\/#organization\",\"name\":\"Maetinga Not\u00edcias\",\"url\":\"https:\\\/\\\/maetinganoticias.com\\\/\",\"logo\":{\"@type\":\"ImageObject\",\"inLanguage\":\"pt-BR\",\"@id\":\"https:\\\/\\\/maetinganoticias.com\\\/#\\\/schema\\\/logo\\\/image\\\/\",\"url\":\"https:\\\/\\\/maetinganoticias.com\\\/wp-content\\\/uploads\\\/2023\\\/07\\\/cropped-cropped-cropped-cropped-BUSINESS-3-42-1.png\",\"contentUrl\":\"https:\\\/\\\/maetinganoticias.com\\\/wp-content\\\/uploads\\\/2023\\\/07\\\/cropped-cropped-cropped-cropped-BUSINESS-3-42-1.png\",\"width\":485,\"height\":109,\"caption\":\"Maetinga Not\u00edcias\"},\"image\":{\"@id\":\"https:\\\/\\\/maetinganoticias.com\\\/#\\\/schema\\\/logo\\\/image\\\/\"}},{\"@type\":\"Person\",\"@id\":\"https:\\\/\\\/maetinganoticias.com\\\/#\\\/schema\\\/person\\\/968cf95e67a6810fc7fb35bbc9016962\",\"name\":\"Maetinga Not\u00edcias\",\"image\":{\"@type\":\"ImageObject\",\"inLanguage\":\"pt-BR\",\"@id\":\"https:\\\/\\\/secure.gravatar.com\\\/avatar\\\/32e078313a5ca37a6c8d44e716ed4f9e87ecfde7222d2b88a1424bd49654f187?s=96&d=mm&r=g\",\"url\":\"https:\\\/\\\/secure.gravatar.com\\\/avatar\\\/32e078313a5ca37a6c8d44e716ed4f9e87ecfde7222d2b88a1424bd49654f187?s=96&d=mm&r=g\",\"contentUrl\":\"https:\\\/\\\/secure.gravatar.com\\\/avatar\\\/32e078313a5ca37a6c8d44e716ed4f9e87ecfde7222d2b88a1424bd49654f187?s=96&d=mm&r=g\",\"caption\":\"Maetinga Not\u00edcias\"},\"description\":\"A voz do Interior Baiano!\",\"sameAs\":[\"https:\\\/\\\/maetinganoticias.com\",\"https:\\\/\\\/www.instagram.com\\\/blogmaetinganoticias\\\/\"],\"url\":\"https:\\\/\\\/maetinganoticias.com\\\/index.php\\\/author\\\/carlosvianna13\\\/\"}]}<\/script>\n<!-- \/ Yoast SEO plugin. -->","yoast_head_json":{"title":"Defesa Civil Nacional reconhece situa\u00e7\u00e3o de emerg\u00eancia em Tanha\u00e7u ap\u00f3s fortes chuvas - Maetinga Not\u00edcias","robots":{"index":"index","follow":"follow","max-snippet":"max-snippet:-1","max-image-preview":"max-image-preview:large","max-video-preview":"max-video-preview:-1"},"canonical":"https:\/\/maetinganoticias.com\/index.php\/2026\/03\/12\/defesa-civil-nacional-reconhece-situacao-de-emergencia-em-tanhacu-apos-fortes-chuvas\/","og_locale":"pt_BR","og_type":"article","og_title":"Defesa Civil Nacional reconhece situa\u00e7\u00e3o de emerg\u00eancia em Tanha\u00e7u ap\u00f3s fortes chuvas - Maetinga Not\u00edcias","og_description":"O Minist\u00e9rio da Integra\u00e7\u00e3o e do Desenvolvimento Regional, por meio da Defesa Civil Nacional, reconheceu nesta quarta-feira (11), situa\u00e7\u00e3o de emerg\u00eancia no munic\u00edpio de Tanha\u00e7u, na Bahia, em raz\u00e3o das fortes chuvas que atingiram a cidade. A portaria com o reconhecimento foi publicada no Di\u00e1rio Oficial da Uni\u00e3o. Com a medida, a prefeitura est\u00e1 apta [&hellip;]","og_url":"https:\/\/maetinganoticias.com\/index.php\/2026\/03\/12\/defesa-civil-nacional-reconhece-situacao-de-emergencia-em-tanhacu-apos-fortes-chuvas\/","og_site_name":"Maetinga Not\u00edcias","article_published_time":"2026-03-12T13:17:45+00:00","article_modified_time":"2026-03-12T13:17:49+00:00","og_image":[{"width":1280,"height":720,"url":"https:\/\/maetinganoticias.com\/wp-content\/uploads\/2026\/03\/maxresdefault.jpg","type":"image\/jpeg"}],"author":"Maetinga Not\u00edcias","twitter_card":"summary_large_image","twitter_misc":{"Escrito por":"Maetinga Not\u00edcias","Est. tempo de leitura":"2 minutos"},"schema":{"@context":"https:\/\/schema.org","@graph":[{"@type":["Article","BlogPosting"],"@id":"https:\/\/maetinganoticias.com\/index.php\/2026\/03\/12\/defesa-civil-nacional-reconhece-situacao-de-emergencia-em-tanhacu-apos-fortes-chuvas\/#article","isPartOf":{"@id":"https:\/\/maetinganoticias.com\/index.php\/2026\/03\/12\/defesa-civil-nacional-reconhece-situacao-de-emergencia-em-tanhacu-apos-fortes-chuvas\/"},"author":{"name":"Maetinga Not\u00edcias","@id":"https:\/\/maetinganoticias.com\/#\/schema\/person\/968cf95e67a6810fc7fb35bbc9016962"},"headline":"Defesa Civil Nacional reconhece situa\u00e7\u00e3o de emerg\u00eancia em Tanha\u00e7u ap\u00f3s fortes chuvas","datePublished":"2026-03-12T13:17:45+00:00","dateModified":"2026-03-12T13:17:49+00:00","mainEntityOfPage":{"@id":"https:\/\/maetinganoticias.com\/index.php\/2026\/03\/12\/defesa-civil-nacional-reconhece-situacao-de-emergencia-em-tanhacu-apos-fortes-chuvas\/"},"wordCount":213,"commentCount":0,"publisher":{"@id":"https:\/\/maetinganoticias.com\/#organization"},"image":{"@id":"https:\/\/maetinganoticias.com\/index.php\/2026\/03\/12\/defesa-civil-nacional-reconhece-situacao-de-emergencia-em-tanhacu-apos-fortes-chuvas\/#primaryimage"},"thumbnailUrl":"https:\/\/maetinganoticias.com\/wp-content\/uploads\/2026\/03\/maxresdefault.jpg","articleSection":["Tanha\u00e7u"],"inLanguage":"pt-BR","potentialAction":[{"@type":"CommentAction","name":"Comment","target":["https:\/\/maetinganoticias.com\/index.php\/2026\/03\/12\/defesa-civil-nacional-reconhece-situacao-de-emergencia-em-tanhacu-apos-fortes-chuvas\/#respond"]}]},{"@type":"WebPage","@id":"https:\/\/maetinganoticias.com\/index.php\/2026\/03\/12\/defesa-civil-nacional-reconhece-situacao-de-emergencia-em-tanhacu-apos-fortes-chuvas\/","url":"https:\/\/maetinganoticias.com\/index.php\/2026\/03\/12\/defesa-civil-nacional-reconhece-situacao-de-emergencia-em-tanhacu-apos-fortes-chuvas\/","name":"Defesa Civil Nacional reconhece situa\u00e7\u00e3o de emerg\u00eancia em Tanha\u00e7u ap\u00f3s fortes chuvas - Maetinga Not\u00edcias","isPartOf":{"@id":"https:\/\/maetinganoticias.com\/#website"},"primaryImageOfPage":{"@id":"https:\/\/maetinganoticias.com\/index.php\/2026\/03\/12\/defesa-civil-nacional-reconhece-situacao-de-emergencia-em-tanhacu-apos-fortes-chuvas\/#primaryimage"},"image":{"@id":"https:\/\/maetinganoticias.com\/index.php\/2026\/03\/12\/defesa-civil-nacional-reconhece-situacao-de-emergencia-em-tanhacu-apos-fortes-chuvas\/#primaryimage"},"thumbnailUrl":"https:\/\/maetinganoticias.com\/wp-content\/uploads\/2026\/03\/maxresdefault.jpg","datePublished":"2026-03-12T13:17:45+00:00","dateModified":"2026-03-12T13:17:49+00:00","breadcrumb":{"@id":"https:\/\/maetinganoticias.com\/index.php\/2026\/03\/12\/defesa-civil-nacional-reconhece-situacao-de-emergencia-em-tanhacu-apos-fortes-chuvas\/#breadcrumb"},"inLanguage":"pt-BR","potentialAction":[{"@type":"ReadAction","target":["https:\/\/maetinganoticias.com\/index.php\/2026\/03\/12\/defesa-civil-nacional-reconhece-situacao-de-emergencia-em-tanhacu-apos-fortes-chuvas\/"]}]},{"@type":"ImageObject","inLanguage":"pt-BR","@id":"https:\/\/maetinganoticias.com\/index.php\/2026\/03\/12\/defesa-civil-nacional-reconhece-situacao-de-emergencia-em-tanhacu-apos-fortes-chuvas\/#primaryimage","url":"https:\/\/maetinganoticias.com\/wp-content\/uploads\/2026\/03\/maxresdefault.jpg","contentUrl":"https:\/\/maetinganoticias.com\/wp-content\/uploads\/2026\/03\/maxresdefault.jpg","width":1280,"height":720,"caption":"FOTO: REPRODU\u00c7\u00c3O"},{"@type":"BreadcrumbList","@id":"https:\/\/maetinganoticias.com\/index.php\/2026\/03\/12\/defesa-civil-nacional-reconhece-situacao-de-emergencia-em-tanhacu-apos-fortes-chuvas\/#breadcrumb","itemListElement":[{"@type":"ListItem","position":1,"name":"In\u00edcio","item":"https:\/\/maetinganoticias.com\/"},{"@type":"ListItem","position":2,"name":"Defesa Civil Nacional reconhece situa\u00e7\u00e3o de emerg\u00eancia em Tanha\u00e7u ap\u00f3s fortes chuvas"}]},{"@type":"WebSite","@id":"https:\/\/maetinganoticias.com\/#website","url":"https:\/\/maetinganoticias.com\/","name":"Maetinga Not\u00edcias","description":"A Voz do Interior Baiano!","publisher":{"@id":"https:\/\/maetinganoticias.com\/#organization"},"potentialAction":[{"@type":"SearchAction","target":{"@type":"EntryPoint","urlTemplate":"https:\/\/maetinganoticias.com\/?s={search_term_string}"},"query-input":{"@type":"PropertyValueSpecification","valueRequired":true,"valueName":"search_term_string"}}],"inLanguage":"pt-BR"},{"@type":"Organization","@id":"https:\/\/maetinganoticias.com\/#organization","name":"Maetinga Not\u00edcias","url":"https:\/\/maetinganoticias.com\/","logo":{"@type":"ImageObject","inLanguage":"pt-BR","@id":"https:\/\/maetinganoticias.com\/#\/schema\/logo\/image\/","url":"https:\/\/maetinganoticias.com\/wp-content\/uploads\/2023\/07\/cropped-cropped-cropped-cropped-BUSINESS-3-42-1.png","contentUrl":"https:\/\/maetinganoticias.com\/wp-content\/uploads\/2023\/07\/cropped-cropped-cropped-cropped-BUSINESS-3-42-1.png","width":485,"height":109,"caption":"Maetinga Not\u00edcias"},"image":{"@id":"https:\/\/maetinganoticias.com\/#\/schema\/logo\/image\/"}},{"@type":"Person","@id":"https:\/\/maetinganoticias.com\/#\/schema\/person\/968cf95e67a6810fc7fb35bbc9016962","name":"Maetinga Not\u00edcias","image":{"@type":"ImageObject","inLanguage":"pt-BR","@id":"https:\/\/secure.gravatar.com\/avatar\/32e078313a5ca37a6c8d44e716ed4f9e87ecfde7222d2b88a1424bd49654f187?s=96&d=mm&r=g","url":"https:\/\/secure.gravatar.com\/avatar\/32e078313a5ca37a6c8d44e716ed4f9e87ecfde7222d2b88a1424bd49654f187?s=96&d=mm&r=g","contentUrl":"https:\/\/secure.gravatar.com\/avatar\/32e078313a5ca37a6c8d44e716ed4f9e87ecfde7222d2b88a1424bd49654f187?s=96&d=mm&r=g","caption":"Maetinga Not\u00edcias"},"description":"A voz do Interior Baiano!","sameAs":["https:\/\/maetinganoticias.com","https:\/\/www.instagram.com\/blogmaetinganoticias\/"],"url":"https:\/\/maetinganoticias.com\/index.php\/author\/carlosvianna13\/"}]}},"_links":{"self":[{"href":"https:\/\/maetinganoticias.com\/index.php\/wp-json\/wp\/v2\/posts\/11672","targetHints":{"allow":["GET"]}}],"collection":[{"href":"https:\/\/maetinganoticias.com\/index.php\/wp-json\/wp\/v2\/posts"}],"about":[{"href":"https:\/\/maetinganoticias.com\/index.php\/wp-json\/wp\/v2\/types\/post"}],"author":[{"embeddable":true,"href":"https:\/\/maetinganoticias.com\/index.php\/wp-json\/wp\/v2\/users\/1"}],"replies":[{"embeddable":true,"href":"https:\/\/maetinganoticias.com\/index.php\/wp-json\/wp\/v2\/comments?post=11672"}],"version-history":[{"count":1,"href":"https:\/\/maetinganoticias.com\/index.php\/wp-json\/wp\/v2\/posts\/11672\/revisions"}],"predecessor-version":[{"id":11674,"href":"https:\/\/maetinganoticias.com\/index.php\/wp-json\/wp\/v2\/posts\/11672\/revisions\/11674"}],"wp:featuredmedia":[{"embeddable":true,"href":"https:\/\/maetinganoticias.com\/index.php\/wp-json\/wp\/v2\/media\/11673"}],"wp:attachment":[{"href":"https:\/\/maetinganoticias.com\/index.php\/wp-json\/wp\/v2\/media?parent=11672"}],"wp:term":[{"taxonomy":"category","embeddable":true,"href":"https:\/\/maetinganoticias.com\/index.php\/wp-json\/wp\/v2\/categories?post=11672"},{"taxonomy":"post_tag","embeddable":true,"href":"https:\/\/maetinganoticias.com\/index.php\/wp-json\/wp\/v2\/tags?post=11672"}],"curies":[{"name":"wp","href":"https:\/\/api.w.org\/{rel}","templated":true}]}}