{"id":11663,"date":"2026-03-12T10:07:58","date_gmt":"2026-03-12T13:07:58","guid":{"rendered":"https:\/\/maetinganoticias.com\/?p=11663"},"modified":"2026-03-12T10:14:20","modified_gmt":"2026-03-12T13:14:20","slug":"urgente-em-vitoria-da-conquista-corpo-e-encontrado-as-margens-do-rio-verruga-na-regiao-do-marcal","status":"publish","type":"post","link":"https:\/\/maetinganoticias.com\/index.php\/2026\/03\/12\/urgente-em-vitoria-da-conquista-corpo-e-encontrado-as-margens-do-rio-verruga-na-regiao-do-marcal\/","title":{"rendered":"Urgente em Vit\u00f3ria da Conquista: corpo \u00e9 encontrado \u00e0s margens do Rio Verruga, na regi\u00e3o do Mar\u00e7al; v\u00edtima pode ser Ros\u00e2nia que foi levada por enxurrada"},"content":{"rendered":"\n<p>Um corpo foi localizado na manh\u00e3 desta quinta-feira (12) \u00e0s margens do Rio Verruga, nas proximidades da regi\u00e3o do Mar\u00e7al, em Vit\u00f3ria da Conquista.<\/p>\n\n\n\n<p>De acordo com as primeiras informa\u00e7\u00f5es, o cad\u00e1ver estava dentro de uma propriedade situada na \u00e1rea conhecida como Capinal.<\/p>\n\n\n\n<p>Ap\u00f3s a localiza\u00e7\u00e3o, equipes do Corpo de Bombeiros e do SAMU 192 foram acionadas e se dirigiram ao local para realizar os procedimentos necess\u00e1rios.<\/p>\n\n\n\n<p>H\u00e1 suspeita de que o corpo possa ser de <strong>Ros\u00e2nia Silva Borges<\/strong>, que est\u00e1 desaparecida desde que foi levada pela enxurrada durante o forte temporal que atingiu a cidade.<\/p>\n\n\n\n<p>No entanto, a identidade da v\u00edtima ainda n\u00e3o foi oficialmente confirmada pelas autoridades.<\/p>\n\n\n\n<p>A ocorr\u00eancia segue em andamento e novas informa\u00e7\u00f5es podem ser divulgadas ap\u00f3s os trabalhos das equipes respons\u00e1veis.<\/p>\n\n\n\n<figure class=\"wp-block-image size-full\"><img loading=\"lazy\" decoding=\"async\" width=\"715\" height=\"580\" src=\"https:\/\/maetinganoticias.com\/wp-content\/uploads\/2026\/03\/WhatsApp-Image-2026-03-12-at-10.07.31.jpeg\" alt=\"\" class=\"wp-image-11664\" srcset=\"https:\/\/maetinganoticias.com\/wp-content\/uploads\/2026\/03\/WhatsApp-Image-2026-03-12-at-10.07.31.jpeg 715w, https:\/\/maetinganoticias.com\/wp-content\/uploads\/2026\/03\/WhatsApp-Image-2026-03-12-at-10.07.31-300x243.jpeg 300w, https:\/\/maetinganoticias.com\/wp-content\/uploads\/2026\/03\/WhatsApp-Image-2026-03-12-at-10.07.31-518x420.jpeg 518w, https:\/\/maetinganoticias.com\/wp-content\/uploads\/2026\/03\/WhatsApp-Image-2026-03-12-at-10.07.31-150x122.jpeg 150w, https:\/\/maetinganoticias.com\/wp-content\/uploads\/2026\/03\/WhatsApp-Image-2026-03-12-at-10.07.31-696x565.jpeg 696w\" sizes=\"auto, (max-width: 715px) 100vw, 715px\" \/><\/figure>\n","protected":false},"excerpt":{"rendered":"<p>Um corpo foi localizado na manh\u00e3 desta quinta-feira (12) \u00e0s margens do Rio Verruga, nas proximidades da regi\u00e3o do Mar\u00e7al, em Vit\u00f3ria da Conquista. De acordo com as primeiras informa\u00e7\u00f5es, o cad\u00e1ver estava dentro de uma propriedade situada na \u00e1rea conhecida como Capinal. Ap\u00f3s a localiza\u00e7\u00e3o, equipes do Corpo de Bombeiros e do SAMU 192 [&hellip;]<\/p>\n","protected":false},"author":1,"featured_media":11668,"comment_status":"open","ping_status":"open","sticky":false,"template":"","format":"standard","meta":{"om_disable_all_campaigns":false,"_monsterinsights_skip_tracking":false,"_monsterinsights_sitenote_active":false,"_monsterinsights_sitenote_note":"","_monsterinsights_sitenote_category":0,"_uf_show_specific_survey":0,"_uf_disable_surveys":false,"footnotes":""},"categories":[43],"tags":[],"class_list":{"0":"post-11663","1":"post","2":"type-post","3":"status-publish","4":"format-standard","5":"has-post-thumbnail","7":"category-vitoria-da-conquista"},"yoast_head":"<!-- This site is optimized with the Yoast SEO plugin v27.4 - https:\/\/yoast.com\/product\/yoast-seo-wordpress\/ -->\n<title>Urgente em Vit\u00f3ria da Conquista: corpo \u00e9 encontrado \u00e0s margens do Rio Verruga, na regi\u00e3o do Mar\u00e7al; v\u00edtima pode ser Ros\u00e2nia que foi levada por enxurrada - Maetinga Not\u00edcias<\/title>\n<meta name=\"robots\" content=\"index, follow, max-snippet:-1, max-image-preview:large, max-video-preview:-1\" \/>\n<link rel=\"canonical\" href=\"https:\/\/maetinganoticias.com\/index.php\/2026\/03\/12\/urgente-em-vitoria-da-conquista-corpo-e-encontrado-as-margens-do-rio-verruga-na-regiao-do-marcal\/\" \/>\n<meta property=\"og:locale\" content=\"pt_BR\" \/>\n<meta property=\"og:type\" content=\"article\" \/>\n<meta property=\"og:title\" content=\"Urgente em Vit\u00f3ria da Conquista: corpo \u00e9 encontrado \u00e0s margens do Rio Verruga, na regi\u00e3o do Mar\u00e7al; v\u00edtima pode ser Ros\u00e2nia que foi levada por enxurrada - Maetinga Not\u00edcias\" \/>\n<meta property=\"og:description\" content=\"Um corpo foi localizado na manh\u00e3 desta quinta-feira (12) \u00e0s margens do Rio Verruga, nas proximidades da regi\u00e3o do Mar\u00e7al, em Vit\u00f3ria da Conquista. De acordo com as primeiras informa\u00e7\u00f5es, o cad\u00e1ver estava dentro de uma propriedade situada na \u00e1rea conhecida como Capinal. Ap\u00f3s a localiza\u00e7\u00e3o, equipes do Corpo de Bombeiros e do SAMU 192 [&hellip;]\" \/>\n<meta property=\"og:url\" content=\"https:\/\/maetinganoticias.com\/index.php\/2026\/03\/12\/urgente-em-vitoria-da-conquista-corpo-e-encontrado-as-margens-do-rio-verruga-na-regiao-do-marcal\/\" \/>\n<meta property=\"og:site_name\" content=\"Maetinga Not\u00edcias\" \/>\n<meta property=\"article:published_time\" content=\"2026-03-12T13:07:58+00:00\" \/>\n<meta property=\"article:modified_time\" content=\"2026-03-12T13:14:20+00:00\" \/>\n<meta property=\"og:image\" content=\"https:\/\/maetinganoticias.com\/wp-content\/uploads\/2026\/03\/WhatsApp-Image-2026-03-12-at-10.11.42.jpeg\" \/>\n\t<meta property=\"og:image:width\" content=\"638\" \/>\n\t<meta property=\"og:image:height\" content=\"426\" \/>\n\t<meta property=\"og:image:type\" content=\"image\/jpeg\" \/>\n<meta name=\"author\" content=\"Maetinga Not\u00edcias\" \/>\n<meta name=\"twitter:card\" content=\"summary_large_image\" \/>\n<meta name=\"twitter:label1\" content=\"Escrito por\" \/>\n\t<meta name=\"twitter:data1\" content=\"Maetinga Not\u00edcias\" \/>\n\t<meta name=\"twitter:label2\" content=\"Est. tempo de leitura\" \/>\n\t<meta name=\"twitter:data2\" content=\"2 minutos\" \/>\n<script type=\"application\/ld+json\" class=\"yoast-schema-graph\">{\"@context\":\"https:\\\/\\\/schema.org\",\"@graph\":[{\"@type\":[\"Article\",\"BlogPosting\"],\"@id\":\"https:\\\/\\\/maetinganoticias.com\\\/index.php\\\/2026\\\/03\\\/12\\\/urgente-em-vitoria-da-conquista-corpo-e-encontrado-as-margens-do-rio-verruga-na-regiao-do-marcal\\\/#article\",\"isPartOf\":{\"@id\":\"https:\\\/\\\/maetinganoticias.com\\\/index.php\\\/2026\\\/03\\\/12\\\/urgente-em-vitoria-da-conquista-corpo-e-encontrado-as-margens-do-rio-verruga-na-regiao-do-marcal\\\/\"},\"author\":{\"name\":\"Maetinga Not\u00edcias\",\"@id\":\"https:\\\/\\\/maetinganoticias.com\\\/#\\\/schema\\\/person\\\/968cf95e67a6810fc7fb35bbc9016962\"},\"headline\":\"Urgente em Vit\u00f3ria da Conquista: corpo \u00e9 encontrado \u00e0s margens do Rio Verruga, na regi\u00e3o do Mar\u00e7al; v\u00edtima pode ser Ros\u00e2nia que foi levada por enxurrada\",\"datePublished\":\"2026-03-12T13:07:58+00:00\",\"dateModified\":\"2026-03-12T13:14:20+00:00\",\"mainEntityOfPage\":{\"@id\":\"https:\\\/\\\/maetinganoticias.com\\\/index.php\\\/2026\\\/03\\\/12\\\/urgente-em-vitoria-da-conquista-corpo-e-encontrado-as-margens-do-rio-verruga-na-regiao-do-marcal\\\/\"},\"wordCount\":169,\"commentCount\":0,\"publisher\":{\"@id\":\"https:\\\/\\\/maetinganoticias.com\\\/#organization\"},\"image\":{\"@id\":\"https:\\\/\\\/maetinganoticias.com\\\/index.php\\\/2026\\\/03\\\/12\\\/urgente-em-vitoria-da-conquista-corpo-e-encontrado-as-margens-do-rio-verruga-na-regiao-do-marcal\\\/#primaryimage\"},\"thumbnailUrl\":\"https:\\\/\\\/maetinganoticias.com\\\/wp-content\\\/uploads\\\/2026\\\/03\\\/WhatsApp-Image-2026-03-12-at-10.11.42.jpeg\",\"articleSection\":[\"Vit\u00f3ria da Conquista\"],\"inLanguage\":\"pt-BR\",\"potentialAction\":[{\"@type\":\"CommentAction\",\"name\":\"Comment\",\"target\":[\"https:\\\/\\\/maetinganoticias.com\\\/index.php\\\/2026\\\/03\\\/12\\\/urgente-em-vitoria-da-conquista-corpo-e-encontrado-as-margens-do-rio-verruga-na-regiao-do-marcal\\\/#respond\"]}]},{\"@type\":\"WebPage\",\"@id\":\"https:\\\/\\\/maetinganoticias.com\\\/index.php\\\/2026\\\/03\\\/12\\\/urgente-em-vitoria-da-conquista-corpo-e-encontrado-as-margens-do-rio-verruga-na-regiao-do-marcal\\\/\",\"url\":\"https:\\\/\\\/maetinganoticias.com\\\/index.php\\\/2026\\\/03\\\/12\\\/urgente-em-vitoria-da-conquista-corpo-e-encontrado-as-margens-do-rio-verruga-na-regiao-do-marcal\\\/\",\"name\":\"Urgente em Vit\u00f3ria da Conquista: corpo \u00e9 encontrado \u00e0s margens do Rio Verruga, na regi\u00e3o do Mar\u00e7al; v\u00edtima pode ser Ros\u00e2nia que foi levada por enxurrada - Maetinga Not\u00edcias\",\"isPartOf\":{\"@id\":\"https:\\\/\\\/maetinganoticias.com\\\/#website\"},\"primaryImageOfPage\":{\"@id\":\"https:\\\/\\\/maetinganoticias.com\\\/index.php\\\/2026\\\/03\\\/12\\\/urgente-em-vitoria-da-conquista-corpo-e-encontrado-as-margens-do-rio-verruga-na-regiao-do-marcal\\\/#primaryimage\"},\"image\":{\"@id\":\"https:\\\/\\\/maetinganoticias.com\\\/index.php\\\/2026\\\/03\\\/12\\\/urgente-em-vitoria-da-conquista-corpo-e-encontrado-as-margens-do-rio-verruga-na-regiao-do-marcal\\\/#primaryimage\"},\"thumbnailUrl\":\"https:\\\/\\\/maetinganoticias.com\\\/wp-content\\\/uploads\\\/2026\\\/03\\\/WhatsApp-Image-2026-03-12-at-10.11.42.jpeg\",\"datePublished\":\"2026-03-12T13:07:58+00:00\",\"dateModified\":\"2026-03-12T13:14:20+00:00\",\"breadcrumb\":{\"@id\":\"https:\\\/\\\/maetinganoticias.com\\\/index.php\\\/2026\\\/03\\\/12\\\/urgente-em-vitoria-da-conquista-corpo-e-encontrado-as-margens-do-rio-verruga-na-regiao-do-marcal\\\/#breadcrumb\"},\"inLanguage\":\"pt-BR\",\"potentialAction\":[{\"@type\":\"ReadAction\",\"target\":[\"https:\\\/\\\/maetinganoticias.com\\\/index.php\\\/2026\\\/03\\\/12\\\/urgente-em-vitoria-da-conquista-corpo-e-encontrado-as-margens-do-rio-verruga-na-regiao-do-marcal\\\/\"]}]},{\"@type\":\"ImageObject\",\"inLanguage\":\"pt-BR\",\"@id\":\"https:\\\/\\\/maetinganoticias.com\\\/index.php\\\/2026\\\/03\\\/12\\\/urgente-em-vitoria-da-conquista-corpo-e-encontrado-as-margens-do-rio-verruga-na-regiao-do-marcal\\\/#primaryimage\",\"url\":\"https:\\\/\\\/maetinganoticias.com\\\/wp-content\\\/uploads\\\/2026\\\/03\\\/WhatsApp-Image-2026-03-12-at-10.11.42.jpeg\",\"contentUrl\":\"https:\\\/\\\/maetinganoticias.com\\\/wp-content\\\/uploads\\\/2026\\\/03\\\/WhatsApp-Image-2026-03-12-at-10.11.42.jpeg\",\"width\":638,\"height\":426,\"caption\":\"Foto: WhatsApp\\\/Achei Sudoeste\"},{\"@type\":\"BreadcrumbList\",\"@id\":\"https:\\\/\\\/maetinganoticias.com\\\/index.php\\\/2026\\\/03\\\/12\\\/urgente-em-vitoria-da-conquista-corpo-e-encontrado-as-margens-do-rio-verruga-na-regiao-do-marcal\\\/#breadcrumb\",\"itemListElement\":[{\"@type\":\"ListItem\",\"position\":1,\"name\":\"In\u00edcio\",\"item\":\"https:\\\/\\\/maetinganoticias.com\\\/\"},{\"@type\":\"ListItem\",\"position\":2,\"name\":\"Urgente em Vit\u00f3ria da Conquista: corpo \u00e9 encontrado \u00e0s margens do Rio Verruga, na regi\u00e3o do Mar\u00e7al; v\u00edtima pode ser Ros\u00e2nia que foi levada por enxurrada\"}]},{\"@type\":\"WebSite\",\"@id\":\"https:\\\/\\\/maetinganoticias.com\\\/#website\",\"url\":\"https:\\\/\\\/maetinganoticias.com\\\/\",\"name\":\"Maetinga Not\u00edcias\",\"description\":\"A Voz do Interior Baiano!\",\"publisher\":{\"@id\":\"https:\\\/\\\/maetinganoticias.com\\\/#organization\"},\"potentialAction\":[{\"@type\":\"SearchAction\",\"target\":{\"@type\":\"EntryPoint\",\"urlTemplate\":\"https:\\\/\\\/maetinganoticias.com\\\/?s={search_term_string}\"},\"query-input\":{\"@type\":\"PropertyValueSpecification\",\"valueRequired\":true,\"valueName\":\"search_term_string\"}}],\"inLanguage\":\"pt-BR\"},{\"@type\":\"Organization\",\"@id\":\"https:\\\/\\\/maetinganoticias.com\\\/#organization\",\"name\":\"Maetinga Not\u00edcias\",\"url\":\"https:\\\/\\\/maetinganoticias.com\\\/\",\"logo\":{\"@type\":\"ImageObject\",\"inLanguage\":\"pt-BR\",\"@id\":\"https:\\\/\\\/maetinganoticias.com\\\/#\\\/schema\\\/logo\\\/image\\\/\",\"url\":\"https:\\\/\\\/maetinganoticias.com\\\/wp-content\\\/uploads\\\/2023\\\/07\\\/cropped-cropped-cropped-cropped-BUSINESS-3-42-1.png\",\"contentUrl\":\"https:\\\/\\\/maetinganoticias.com\\\/wp-content\\\/uploads\\\/2023\\\/07\\\/cropped-cropped-cropped-cropped-BUSINESS-3-42-1.png\",\"width\":485,\"height\":109,\"caption\":\"Maetinga Not\u00edcias\"},\"image\":{\"@id\":\"https:\\\/\\\/maetinganoticias.com\\\/#\\\/schema\\\/logo\\\/image\\\/\"}},{\"@type\":\"Person\",\"@id\":\"https:\\\/\\\/maetinganoticias.com\\\/#\\\/schema\\\/person\\\/968cf95e67a6810fc7fb35bbc9016962\",\"name\":\"Maetinga Not\u00edcias\",\"image\":{\"@type\":\"ImageObject\",\"inLanguage\":\"pt-BR\",\"@id\":\"https:\\\/\\\/secure.gravatar.com\\\/avatar\\\/32e078313a5ca37a6c8d44e716ed4f9e87ecfde7222d2b88a1424bd49654f187?s=96&d=mm&r=g\",\"url\":\"https:\\\/\\\/secure.gravatar.com\\\/avatar\\\/32e078313a5ca37a6c8d44e716ed4f9e87ecfde7222d2b88a1424bd49654f187?s=96&d=mm&r=g\",\"contentUrl\":\"https:\\\/\\\/secure.gravatar.com\\\/avatar\\\/32e078313a5ca37a6c8d44e716ed4f9e87ecfde7222d2b88a1424bd49654f187?s=96&d=mm&r=g\",\"caption\":\"Maetinga Not\u00edcias\"},\"description\":\"A voz do Interior Baiano!\",\"sameAs\":[\"https:\\\/\\\/maetinganoticias.com\",\"https:\\\/\\\/www.instagram.com\\\/blogmaetinganoticias\\\/\"],\"url\":\"https:\\\/\\\/maetinganoticias.com\\\/index.php\\\/author\\\/carlosvianna13\\\/\"}]}<\/script>\n<!-- \/ Yoast SEO plugin. -->","yoast_head_json":{"title":"Urgente em Vit\u00f3ria da Conquista: corpo \u00e9 encontrado \u00e0s margens do Rio Verruga, na regi\u00e3o do Mar\u00e7al; v\u00edtima pode ser Ros\u00e2nia que foi levada por enxurrada - Maetinga Not\u00edcias","robots":{"index":"index","follow":"follow","max-snippet":"max-snippet:-1","max-image-preview":"max-image-preview:large","max-video-preview":"max-video-preview:-1"},"canonical":"https:\/\/maetinganoticias.com\/index.php\/2026\/03\/12\/urgente-em-vitoria-da-conquista-corpo-e-encontrado-as-margens-do-rio-verruga-na-regiao-do-marcal\/","og_locale":"pt_BR","og_type":"article","og_title":"Urgente em Vit\u00f3ria da Conquista: corpo \u00e9 encontrado \u00e0s margens do Rio Verruga, na regi\u00e3o do Mar\u00e7al; v\u00edtima pode ser Ros\u00e2nia que foi levada por enxurrada - Maetinga Not\u00edcias","og_description":"Um corpo foi localizado na manh\u00e3 desta quinta-feira (12) \u00e0s margens do Rio Verruga, nas proximidades da regi\u00e3o do Mar\u00e7al, em Vit\u00f3ria da Conquista. De acordo com as primeiras informa\u00e7\u00f5es, o cad\u00e1ver estava dentro de uma propriedade situada na \u00e1rea conhecida como Capinal. Ap\u00f3s a localiza\u00e7\u00e3o, equipes do Corpo de Bombeiros e do SAMU 192 [&hellip;]","og_url":"https:\/\/maetinganoticias.com\/index.php\/2026\/03\/12\/urgente-em-vitoria-da-conquista-corpo-e-encontrado-as-margens-do-rio-verruga-na-regiao-do-marcal\/","og_site_name":"Maetinga Not\u00edcias","article_published_time":"2026-03-12T13:07:58+00:00","article_modified_time":"2026-03-12T13:14:20+00:00","og_image":[{"width":638,"height":426,"url":"https:\/\/maetinganoticias.com\/wp-content\/uploads\/2026\/03\/WhatsApp-Image-2026-03-12-at-10.11.42.jpeg","type":"image\/jpeg"}],"author":"Maetinga Not\u00edcias","twitter_card":"summary_large_image","twitter_misc":{"Escrito por":"Maetinga Not\u00edcias","Est. tempo de leitura":"2 minutos"},"schema":{"@context":"https:\/\/schema.org","@graph":[{"@type":["Article","BlogPosting"],"@id":"https:\/\/maetinganoticias.com\/index.php\/2026\/03\/12\/urgente-em-vitoria-da-conquista-corpo-e-encontrado-as-margens-do-rio-verruga-na-regiao-do-marcal\/#article","isPartOf":{"@id":"https:\/\/maetinganoticias.com\/index.php\/2026\/03\/12\/urgente-em-vitoria-da-conquista-corpo-e-encontrado-as-margens-do-rio-verruga-na-regiao-do-marcal\/"},"author":{"name":"Maetinga Not\u00edcias","@id":"https:\/\/maetinganoticias.com\/#\/schema\/person\/968cf95e67a6810fc7fb35bbc9016962"},"headline":"Urgente em Vit\u00f3ria da Conquista: corpo \u00e9 encontrado \u00e0s margens do Rio Verruga, na regi\u00e3o do Mar\u00e7al; v\u00edtima pode ser Ros\u00e2nia que foi levada por enxurrada","datePublished":"2026-03-12T13:07:58+00:00","dateModified":"2026-03-12T13:14:20+00:00","mainEntityOfPage":{"@id":"https:\/\/maetinganoticias.com\/index.php\/2026\/03\/12\/urgente-em-vitoria-da-conquista-corpo-e-encontrado-as-margens-do-rio-verruga-na-regiao-do-marcal\/"},"wordCount":169,"commentCount":0,"publisher":{"@id":"https:\/\/maetinganoticias.com\/#organization"},"image":{"@id":"https:\/\/maetinganoticias.com\/index.php\/2026\/03\/12\/urgente-em-vitoria-da-conquista-corpo-e-encontrado-as-margens-do-rio-verruga-na-regiao-do-marcal\/#primaryimage"},"thumbnailUrl":"https:\/\/maetinganoticias.com\/wp-content\/uploads\/2026\/03\/WhatsApp-Image-2026-03-12-at-10.11.42.jpeg","articleSection":["Vit\u00f3ria da Conquista"],"inLanguage":"pt-BR","potentialAction":[{"@type":"CommentAction","name":"Comment","target":["https:\/\/maetinganoticias.com\/index.php\/2026\/03\/12\/urgente-em-vitoria-da-conquista-corpo-e-encontrado-as-margens-do-rio-verruga-na-regiao-do-marcal\/#respond"]}]},{"@type":"WebPage","@id":"https:\/\/maetinganoticias.com\/index.php\/2026\/03\/12\/urgente-em-vitoria-da-conquista-corpo-e-encontrado-as-margens-do-rio-verruga-na-regiao-do-marcal\/","url":"https:\/\/maetinganoticias.com\/index.php\/2026\/03\/12\/urgente-em-vitoria-da-conquista-corpo-e-encontrado-as-margens-do-rio-verruga-na-regiao-do-marcal\/","name":"Urgente em Vit\u00f3ria da Conquista: corpo \u00e9 encontrado \u00e0s margens do Rio Verruga, na regi\u00e3o do Mar\u00e7al; v\u00edtima pode ser Ros\u00e2nia que foi levada por enxurrada - Maetinga Not\u00edcias","isPartOf":{"@id":"https:\/\/maetinganoticias.com\/#website"},"primaryImageOfPage":{"@id":"https:\/\/maetinganoticias.com\/index.php\/2026\/03\/12\/urgente-em-vitoria-da-conquista-corpo-e-encontrado-as-margens-do-rio-verruga-na-regiao-do-marcal\/#primaryimage"},"image":{"@id":"https:\/\/maetinganoticias.com\/index.php\/2026\/03\/12\/urgente-em-vitoria-da-conquista-corpo-e-encontrado-as-margens-do-rio-verruga-na-regiao-do-marcal\/#primaryimage"},"thumbnailUrl":"https:\/\/maetinganoticias.com\/wp-content\/uploads\/2026\/03\/WhatsApp-Image-2026-03-12-at-10.11.42.jpeg","datePublished":"2026-03-12T13:07:58+00:00","dateModified":"2026-03-12T13:14:20+00:00","breadcrumb":{"@id":"https:\/\/maetinganoticias.com\/index.php\/2026\/03\/12\/urgente-em-vitoria-da-conquista-corpo-e-encontrado-as-margens-do-rio-verruga-na-regiao-do-marcal\/#breadcrumb"},"inLanguage":"pt-BR","potentialAction":[{"@type":"ReadAction","target":["https:\/\/maetinganoticias.com\/index.php\/2026\/03\/12\/urgente-em-vitoria-da-conquista-corpo-e-encontrado-as-margens-do-rio-verruga-na-regiao-do-marcal\/"]}]},{"@type":"ImageObject","inLanguage":"pt-BR","@id":"https:\/\/maetinganoticias.com\/index.php\/2026\/03\/12\/urgente-em-vitoria-da-conquista-corpo-e-encontrado-as-margens-do-rio-verruga-na-regiao-do-marcal\/#primaryimage","url":"https:\/\/maetinganoticias.com\/wp-content\/uploads\/2026\/03\/WhatsApp-Image-2026-03-12-at-10.11.42.jpeg","contentUrl":"https:\/\/maetinganoticias.com\/wp-content\/uploads\/2026\/03\/WhatsApp-Image-2026-03-12-at-10.11.42.jpeg","width":638,"height":426,"caption":"Foto: WhatsApp\/Achei Sudoeste"},{"@type":"BreadcrumbList","@id":"https:\/\/maetinganoticias.com\/index.php\/2026\/03\/12\/urgente-em-vitoria-da-conquista-corpo-e-encontrado-as-margens-do-rio-verruga-na-regiao-do-marcal\/#breadcrumb","itemListElement":[{"@type":"ListItem","position":1,"name":"In\u00edcio","item":"https:\/\/maetinganoticias.com\/"},{"@type":"ListItem","position":2,"name":"Urgente em Vit\u00f3ria da Conquista: corpo \u00e9 encontrado \u00e0s margens do Rio Verruga, na regi\u00e3o do Mar\u00e7al; v\u00edtima pode ser Ros\u00e2nia que foi levada por enxurrada"}]},{"@type":"WebSite","@id":"https:\/\/maetinganoticias.com\/#website","url":"https:\/\/maetinganoticias.com\/","name":"Maetinga Not\u00edcias","description":"A Voz do Interior Baiano!","publisher":{"@id":"https:\/\/maetinganoticias.com\/#organization"},"potentialAction":[{"@type":"SearchAction","target":{"@type":"EntryPoint","urlTemplate":"https:\/\/maetinganoticias.com\/?s={search_term_string}"},"query-input":{"@type":"PropertyValueSpecification","valueRequired":true,"valueName":"search_term_string"}}],"inLanguage":"pt-BR"},{"@type":"Organization","@id":"https:\/\/maetinganoticias.com\/#organization","name":"Maetinga Not\u00edcias","url":"https:\/\/maetinganoticias.com\/","logo":{"@type":"ImageObject","inLanguage":"pt-BR","@id":"https:\/\/maetinganoticias.com\/#\/schema\/logo\/image\/","url":"https:\/\/maetinganoticias.com\/wp-content\/uploads\/2023\/07\/cropped-cropped-cropped-cropped-BUSINESS-3-42-1.png","contentUrl":"https:\/\/maetinganoticias.com\/wp-content\/uploads\/2023\/07\/cropped-cropped-cropped-cropped-BUSINESS-3-42-1.png","width":485,"height":109,"caption":"Maetinga Not\u00edcias"},"image":{"@id":"https:\/\/maetinganoticias.com\/#\/schema\/logo\/image\/"}},{"@type":"Person","@id":"https:\/\/maetinganoticias.com\/#\/schema\/person\/968cf95e67a6810fc7fb35bbc9016962","name":"Maetinga Not\u00edcias","image":{"@type":"ImageObject","inLanguage":"pt-BR","@id":"https:\/\/secure.gravatar.com\/avatar\/32e078313a5ca37a6c8d44e716ed4f9e87ecfde7222d2b88a1424bd49654f187?s=96&d=mm&r=g","url":"https:\/\/secure.gravatar.com\/avatar\/32e078313a5ca37a6c8d44e716ed4f9e87ecfde7222d2b88a1424bd49654f187?s=96&d=mm&r=g","contentUrl":"https:\/\/secure.gravatar.com\/avatar\/32e078313a5ca37a6c8d44e716ed4f9e87ecfde7222d2b88a1424bd49654f187?s=96&d=mm&r=g","caption":"Maetinga Not\u00edcias"},"description":"A voz do Interior Baiano!","sameAs":["https:\/\/maetinganoticias.com","https:\/\/www.instagram.com\/blogmaetinganoticias\/"],"url":"https:\/\/maetinganoticias.com\/index.php\/author\/carlosvianna13\/"}]}},"_links":{"self":[{"href":"https:\/\/maetinganoticias.com\/index.php\/wp-json\/wp\/v2\/posts\/11663","targetHints":{"allow":["GET"]}}],"collection":[{"href":"https:\/\/maetinganoticias.com\/index.php\/wp-json\/wp\/v2\/posts"}],"about":[{"href":"https:\/\/maetinganoticias.com\/index.php\/wp-json\/wp\/v2\/types\/post"}],"author":[{"embeddable":true,"href":"https:\/\/maetinganoticias.com\/index.php\/wp-json\/wp\/v2\/users\/1"}],"replies":[{"embeddable":true,"href":"https:\/\/maetinganoticias.com\/index.php\/wp-json\/wp\/v2\/comments?post=11663"}],"version-history":[{"count":3,"href":"https:\/\/maetinganoticias.com\/index.php\/wp-json\/wp\/v2\/posts\/11663\/revisions"}],"predecessor-version":[{"id":11671,"href":"https:\/\/maetinganoticias.com\/index.php\/wp-json\/wp\/v2\/posts\/11663\/revisions\/11671"}],"wp:featuredmedia":[{"embeddable":true,"href":"https:\/\/maetinganoticias.com\/index.php\/wp-json\/wp\/v2\/media\/11668"}],"wp:attachment":[{"href":"https:\/\/maetinganoticias.com\/index.php\/wp-json\/wp\/v2\/media?parent=11663"}],"wp:term":[{"taxonomy":"category","embeddable":true,"href":"https:\/\/maetinganoticias.com\/index.php\/wp-json\/wp\/v2\/categories?post=11663"},{"taxonomy":"post_tag","embeddable":true,"href":"https:\/\/maetinganoticias.com\/index.php\/wp-json\/wp\/v2\/tags?post=11663"}],"curies":[{"name":"wp","href":"https:\/\/api.w.org\/{rel}","templated":true}]}}