{"id":11638,"date":"2026-03-11T20:06:26","date_gmt":"2026-03-11T23:06:26","guid":{"rendered":"https:\/\/maetinganoticias.com\/?p=11638"},"modified":"2026-03-11T20:06:28","modified_gmt":"2026-03-11T23:06:28","slug":"belo-campo-inaugura-primeira-ubs-tipo-2-do-novo-pac-com-presenca-de-rui-costa-jaques-wagner-e-quinho-tigre","status":"publish","type":"post","link":"https:\/\/maetinganoticias.com\/index.php\/2026\/03\/11\/belo-campo-inaugura-primeira-ubs-tipo-2-do-novo-pac-com-presenca-de-rui-costa-jaques-wagner-e-quinho-tigre\/","title":{"rendered":"Belo Campo inaugura primeira UBS Tipo 2 do Novo PAC com presen\u00e7a de Rui Costa, Jaques Wagner e Quinho Tigre"},"content":{"rendered":"\n<p>O munic\u00edpio de Belo Campo, no sudoeste da Bahia, recebeu nesta quarta-feira (11) a visita do ministro da Casa Civil, Rui Costa, e do senador Jaques Wagner para a inaugura\u00e7\u00e3o de uma nova unidade de sa\u00fade. A agenda marcou a entrega da Unidade B\u00e1sica de Sa\u00fade (UBS) Tipo 2 Maria das Gra\u00e7as Paz Santos, considerada a primeira do pa\u00eds constru\u00edda dentro das a\u00e7\u00f5es do Novo Programa de Acelera\u00e7\u00e3o do Crescimento.<\/p>\n\n\n\n<p>Localizada no bairro Morada Real, a unidade foi constru\u00edda com recursos federais que somam cerca de R$ 2,2 milh\u00f5es. A estrutura foi planejada para ampliar os servi\u00e7os de aten\u00e7\u00e3o b\u00e1sica e oferecer melhores condi\u00e7\u00f5es de atendimento \u00e0 popula\u00e7\u00e3o por meio do Sistema \u00danico de Sa\u00fade.<\/p>\n\n\n\n<p>Com mais de 500 metros quadrados de \u00e1rea constru\u00edda, o novo espa\u00e7o conta com estrutura capaz de atender duas equipes de Sa\u00fade da Fam\u00edlia e duas equipes de sa\u00fade bucal. A expectativa \u00e9 de que a unidade fortale\u00e7a a rede de aten\u00e7\u00e3o prim\u00e1ria no munic\u00edpio e amplie o acesso da popula\u00e7\u00e3o aos servi\u00e7os de sa\u00fade.<\/p>\n\n\n\n<p>Durante o evento, o ex-prefeito de Belo Campo e pr\u00e9-candidato a deputado estadual, Quinho Tigre, ressaltou a relev\u00e2ncia da obra para o munic\u00edpio. Segundo ele, a entrega da UBS representa um avan\u00e7o importante para a sa\u00fade p\u00fablica local.<\/p>\n\n\n\n<p><strong><em>\u201cA inaugura\u00e7\u00e3o dessa unidade \u00e9 um momento hist\u00f3rico para Belo Campo. Al\u00e9m de ser uma estrutura moderna que vai melhorar o atendimento \u00e0 popula\u00e7\u00e3o, ela tem um simbolismo especial por ser a primeira UBS Tipo 2 constru\u00edda no Brasil dentro do Novo PAC\u201d<\/em><\/strong>, destacou.<\/p>\n\n\n\n<p>A presen\u00e7a de Rui Costa e Jaques Wagner refor\u00e7ou a import\u00e2ncia da obra dentro do conjunto de investimentos federais voltados para a sa\u00fade. O Novo PAC tem como objetivo ampliar e modernizar a infraestrutura p\u00fablica em todo o pa\u00eds, incluindo a constru\u00e7\u00e3o de novas unidades de sa\u00fade e a melhoria da rede de atendimento.<\/p>\n\n\n\n<p>A agenda tamb\u00e9m reuniu autoridades regionais, lideran\u00e7as pol\u00edticas e moradores do munic\u00edpio. Nos bastidores, a visita foi vista como um gesto de fortalecimento pol\u00edtico do grupo liderado por Quinho Tigre, que tem sido citado como um dos nomes cotados para disputar uma vaga na Assembleia Legislativa da Bahia e tamb\u00e9m como poss\u00edvel candidato a vice-governador nas pr\u00f3ximas elei\u00e7\u00f5es.<\/p>\n","protected":false},"excerpt":{"rendered":"<p>O munic\u00edpio de Belo Campo, no sudoeste da Bahia, recebeu nesta quarta-feira (11) a visita do ministro da Casa Civil, Rui Costa, e do senador Jaques Wagner para a inaugura\u00e7\u00e3o de uma nova unidade de sa\u00fade. A agenda marcou a entrega da Unidade B\u00e1sica de Sa\u00fade (UBS) Tipo 2 Maria das Gra\u00e7as Paz Santos, considerada [&hellip;]<\/p>\n","protected":false},"author":1,"featured_media":11637,"comment_status":"open","ping_status":"open","sticky":false,"template":"","format":"standard","meta":{"om_disable_all_campaigns":false,"_monsterinsights_skip_tracking":false,"_monsterinsights_sitenote_active":false,"_monsterinsights_sitenote_note":"","_monsterinsights_sitenote_category":0,"_uf_show_specific_survey":0,"_uf_disable_surveys":false,"footnotes":""},"categories":[458],"tags":[],"class_list":{"0":"post-11638","1":"post","2":"type-post","3":"status-publish","4":"format-standard","5":"has-post-thumbnail","7":"category-belo-campo"},"yoast_head":"<!-- This site is optimized with the Yoast SEO plugin v27.4 - https:\/\/yoast.com\/product\/yoast-seo-wordpress\/ -->\n<title>Belo Campo inaugura primeira UBS Tipo 2 do Novo PAC com presen\u00e7a de Rui Costa, Jaques Wagner e Quinho Tigre - Maetinga Not\u00edcias<\/title>\n<meta name=\"robots\" content=\"index, follow, max-snippet:-1, max-image-preview:large, max-video-preview:-1\" \/>\n<link rel=\"canonical\" href=\"https:\/\/maetinganoticias.com\/index.php\/2026\/03\/11\/belo-campo-inaugura-primeira-ubs-tipo-2-do-novo-pac-com-presenca-de-rui-costa-jaques-wagner-e-quinho-tigre\/\" \/>\n<meta property=\"og:locale\" content=\"pt_BR\" \/>\n<meta property=\"og:type\" content=\"article\" \/>\n<meta property=\"og:title\" content=\"Belo Campo inaugura primeira UBS Tipo 2 do Novo PAC com presen\u00e7a de Rui Costa, Jaques Wagner e Quinho Tigre - Maetinga Not\u00edcias\" \/>\n<meta property=\"og:description\" content=\"O munic\u00edpio de Belo Campo, no sudoeste da Bahia, recebeu nesta quarta-feira (11) a visita do ministro da Casa Civil, Rui Costa, e do senador Jaques Wagner para a inaugura\u00e7\u00e3o de uma nova unidade de sa\u00fade. A agenda marcou a entrega da Unidade B\u00e1sica de Sa\u00fade (UBS) Tipo 2 Maria das Gra\u00e7as Paz Santos, considerada [&hellip;]\" \/>\n<meta property=\"og:url\" content=\"https:\/\/maetinganoticias.com\/index.php\/2026\/03\/11\/belo-campo-inaugura-primeira-ubs-tipo-2-do-novo-pac-com-presenca-de-rui-costa-jaques-wagner-e-quinho-tigre\/\" \/>\n<meta property=\"og:site_name\" content=\"Maetinga Not\u00edcias\" \/>\n<meta property=\"article:published_time\" content=\"2026-03-11T23:06:26+00:00\" \/>\n<meta property=\"article:modified_time\" content=\"2026-03-11T23:06:28+00:00\" \/>\n<meta property=\"og:image\" content=\"https:\/\/maetinganoticias.com\/wp-content\/uploads\/2026\/03\/5c84a8da52ac9696ed28ddbb7f9e6bc7.webp\" \/>\n\t<meta property=\"og:image:width\" content=\"1000\" \/>\n\t<meta property=\"og:image:height\" content=\"988\" \/>\n\t<meta property=\"og:image:type\" content=\"image\/webp\" \/>\n<meta name=\"author\" content=\"Maetinga Not\u00edcias\" \/>\n<meta name=\"twitter:card\" content=\"summary_large_image\" \/>\n<meta name=\"twitter:label1\" content=\"Escrito por\" \/>\n\t<meta name=\"twitter:data1\" content=\"Maetinga Not\u00edcias\" \/>\n\t<meta name=\"twitter:label2\" content=\"Est. tempo de leitura\" \/>\n\t<meta name=\"twitter:data2\" content=\"3 minutos\" \/>\n<script type=\"application\/ld+json\" class=\"yoast-schema-graph\">{\"@context\":\"https:\\\/\\\/schema.org\",\"@graph\":[{\"@type\":[\"Article\",\"BlogPosting\"],\"@id\":\"https:\\\/\\\/maetinganoticias.com\\\/index.php\\\/2026\\\/03\\\/11\\\/belo-campo-inaugura-primeira-ubs-tipo-2-do-novo-pac-com-presenca-de-rui-costa-jaques-wagner-e-quinho-tigre\\\/#article\",\"isPartOf\":{\"@id\":\"https:\\\/\\\/maetinganoticias.com\\\/index.php\\\/2026\\\/03\\\/11\\\/belo-campo-inaugura-primeira-ubs-tipo-2-do-novo-pac-com-presenca-de-rui-costa-jaques-wagner-e-quinho-tigre\\\/\"},\"author\":{\"name\":\"Maetinga Not\u00edcias\",\"@id\":\"https:\\\/\\\/maetinganoticias.com\\\/#\\\/schema\\\/person\\\/968cf95e67a6810fc7fb35bbc9016962\"},\"headline\":\"Belo Campo inaugura primeira UBS Tipo 2 do Novo PAC com presen\u00e7a de Rui Costa, Jaques Wagner e Quinho Tigre\",\"datePublished\":\"2026-03-11T23:06:26+00:00\",\"dateModified\":\"2026-03-11T23:06:28+00:00\",\"mainEntityOfPage\":{\"@id\":\"https:\\\/\\\/maetinganoticias.com\\\/index.php\\\/2026\\\/03\\\/11\\\/belo-campo-inaugura-primeira-ubs-tipo-2-do-novo-pac-com-presenca-de-rui-costa-jaques-wagner-e-quinho-tigre\\\/\"},\"wordCount\":433,\"commentCount\":0,\"publisher\":{\"@id\":\"https:\\\/\\\/maetinganoticias.com\\\/#organization\"},\"image\":{\"@id\":\"https:\\\/\\\/maetinganoticias.com\\\/index.php\\\/2026\\\/03\\\/11\\\/belo-campo-inaugura-primeira-ubs-tipo-2-do-novo-pac-com-presenca-de-rui-costa-jaques-wagner-e-quinho-tigre\\\/#primaryimage\"},\"thumbnailUrl\":\"https:\\\/\\\/maetinganoticias.com\\\/wp-content\\\/uploads\\\/2026\\\/03\\\/5c84a8da52ac9696ed28ddbb7f9e6bc7.webp\",\"articleSection\":[\"BELO CAMPO\"],\"inLanguage\":\"pt-BR\",\"potentialAction\":[{\"@type\":\"CommentAction\",\"name\":\"Comment\",\"target\":[\"https:\\\/\\\/maetinganoticias.com\\\/index.php\\\/2026\\\/03\\\/11\\\/belo-campo-inaugura-primeira-ubs-tipo-2-do-novo-pac-com-presenca-de-rui-costa-jaques-wagner-e-quinho-tigre\\\/#respond\"]}]},{\"@type\":\"WebPage\",\"@id\":\"https:\\\/\\\/maetinganoticias.com\\\/index.php\\\/2026\\\/03\\\/11\\\/belo-campo-inaugura-primeira-ubs-tipo-2-do-novo-pac-com-presenca-de-rui-costa-jaques-wagner-e-quinho-tigre\\\/\",\"url\":\"https:\\\/\\\/maetinganoticias.com\\\/index.php\\\/2026\\\/03\\\/11\\\/belo-campo-inaugura-primeira-ubs-tipo-2-do-novo-pac-com-presenca-de-rui-costa-jaques-wagner-e-quinho-tigre\\\/\",\"name\":\"Belo Campo inaugura primeira UBS Tipo 2 do Novo PAC com presen\u00e7a de Rui Costa, Jaques Wagner e Quinho Tigre - Maetinga Not\u00edcias\",\"isPartOf\":{\"@id\":\"https:\\\/\\\/maetinganoticias.com\\\/#website\"},\"primaryImageOfPage\":{\"@id\":\"https:\\\/\\\/maetinganoticias.com\\\/index.php\\\/2026\\\/03\\\/11\\\/belo-campo-inaugura-primeira-ubs-tipo-2-do-novo-pac-com-presenca-de-rui-costa-jaques-wagner-e-quinho-tigre\\\/#primaryimage\"},\"image\":{\"@id\":\"https:\\\/\\\/maetinganoticias.com\\\/index.php\\\/2026\\\/03\\\/11\\\/belo-campo-inaugura-primeira-ubs-tipo-2-do-novo-pac-com-presenca-de-rui-costa-jaques-wagner-e-quinho-tigre\\\/#primaryimage\"},\"thumbnailUrl\":\"https:\\\/\\\/maetinganoticias.com\\\/wp-content\\\/uploads\\\/2026\\\/03\\\/5c84a8da52ac9696ed28ddbb7f9e6bc7.webp\",\"datePublished\":\"2026-03-11T23:06:26+00:00\",\"dateModified\":\"2026-03-11T23:06:28+00:00\",\"breadcrumb\":{\"@id\":\"https:\\\/\\\/maetinganoticias.com\\\/index.php\\\/2026\\\/03\\\/11\\\/belo-campo-inaugura-primeira-ubs-tipo-2-do-novo-pac-com-presenca-de-rui-costa-jaques-wagner-e-quinho-tigre\\\/#breadcrumb\"},\"inLanguage\":\"pt-BR\",\"potentialAction\":[{\"@type\":\"ReadAction\",\"target\":[\"https:\\\/\\\/maetinganoticias.com\\\/index.php\\\/2026\\\/03\\\/11\\\/belo-campo-inaugura-primeira-ubs-tipo-2-do-novo-pac-com-presenca-de-rui-costa-jaques-wagner-e-quinho-tigre\\\/\"]}]},{\"@type\":\"ImageObject\",\"inLanguage\":\"pt-BR\",\"@id\":\"https:\\\/\\\/maetinganoticias.com\\\/index.php\\\/2026\\\/03\\\/11\\\/belo-campo-inaugura-primeira-ubs-tipo-2-do-novo-pac-com-presenca-de-rui-costa-jaques-wagner-e-quinho-tigre\\\/#primaryimage\",\"url\":\"https:\\\/\\\/maetinganoticias.com\\\/wp-content\\\/uploads\\\/2026\\\/03\\\/5c84a8da52ac9696ed28ddbb7f9e6bc7.webp\",\"contentUrl\":\"https:\\\/\\\/maetinganoticias.com\\\/wp-content\\\/uploads\\\/2026\\\/03\\\/5c84a8da52ac9696ed28ddbb7f9e6bc7.webp\",\"width\":1000,\"height\":988,\"caption\":\"FOTO: ASCOM\"},{\"@type\":\"BreadcrumbList\",\"@id\":\"https:\\\/\\\/maetinganoticias.com\\\/index.php\\\/2026\\\/03\\\/11\\\/belo-campo-inaugura-primeira-ubs-tipo-2-do-novo-pac-com-presenca-de-rui-costa-jaques-wagner-e-quinho-tigre\\\/#breadcrumb\",\"itemListElement\":[{\"@type\":\"ListItem\",\"position\":1,\"name\":\"In\u00edcio\",\"item\":\"https:\\\/\\\/maetinganoticias.com\\\/\"},{\"@type\":\"ListItem\",\"position\":2,\"name\":\"Belo Campo inaugura primeira UBS Tipo 2 do Novo PAC com presen\u00e7a de Rui Costa, Jaques Wagner e Quinho Tigre\"}]},{\"@type\":\"WebSite\",\"@id\":\"https:\\\/\\\/maetinganoticias.com\\\/#website\",\"url\":\"https:\\\/\\\/maetinganoticias.com\\\/\",\"name\":\"Maetinga Not\u00edcias\",\"description\":\"A Voz do Interior Baiano!\",\"publisher\":{\"@id\":\"https:\\\/\\\/maetinganoticias.com\\\/#organization\"},\"potentialAction\":[{\"@type\":\"SearchAction\",\"target\":{\"@type\":\"EntryPoint\",\"urlTemplate\":\"https:\\\/\\\/maetinganoticias.com\\\/?s={search_term_string}\"},\"query-input\":{\"@type\":\"PropertyValueSpecification\",\"valueRequired\":true,\"valueName\":\"search_term_string\"}}],\"inLanguage\":\"pt-BR\"},{\"@type\":\"Organization\",\"@id\":\"https:\\\/\\\/maetinganoticias.com\\\/#organization\",\"name\":\"Maetinga Not\u00edcias\",\"url\":\"https:\\\/\\\/maetinganoticias.com\\\/\",\"logo\":{\"@type\":\"ImageObject\",\"inLanguage\":\"pt-BR\",\"@id\":\"https:\\\/\\\/maetinganoticias.com\\\/#\\\/schema\\\/logo\\\/image\\\/\",\"url\":\"https:\\\/\\\/maetinganoticias.com\\\/wp-content\\\/uploads\\\/2023\\\/07\\\/cropped-cropped-cropped-cropped-BUSINESS-3-42-1.png\",\"contentUrl\":\"https:\\\/\\\/maetinganoticias.com\\\/wp-content\\\/uploads\\\/2023\\\/07\\\/cropped-cropped-cropped-cropped-BUSINESS-3-42-1.png\",\"width\":485,\"height\":109,\"caption\":\"Maetinga Not\u00edcias\"},\"image\":{\"@id\":\"https:\\\/\\\/maetinganoticias.com\\\/#\\\/schema\\\/logo\\\/image\\\/\"}},{\"@type\":\"Person\",\"@id\":\"https:\\\/\\\/maetinganoticias.com\\\/#\\\/schema\\\/person\\\/968cf95e67a6810fc7fb35bbc9016962\",\"name\":\"Maetinga Not\u00edcias\",\"image\":{\"@type\":\"ImageObject\",\"inLanguage\":\"pt-BR\",\"@id\":\"https:\\\/\\\/secure.gravatar.com\\\/avatar\\\/32e078313a5ca37a6c8d44e716ed4f9e87ecfde7222d2b88a1424bd49654f187?s=96&d=mm&r=g\",\"url\":\"https:\\\/\\\/secure.gravatar.com\\\/avatar\\\/32e078313a5ca37a6c8d44e716ed4f9e87ecfde7222d2b88a1424bd49654f187?s=96&d=mm&r=g\",\"contentUrl\":\"https:\\\/\\\/secure.gravatar.com\\\/avatar\\\/32e078313a5ca37a6c8d44e716ed4f9e87ecfde7222d2b88a1424bd49654f187?s=96&d=mm&r=g\",\"caption\":\"Maetinga Not\u00edcias\"},\"description\":\"A voz do Interior Baiano!\",\"sameAs\":[\"https:\\\/\\\/maetinganoticias.com\",\"https:\\\/\\\/www.instagram.com\\\/blogmaetinganoticias\\\/\"],\"url\":\"https:\\\/\\\/maetinganoticias.com\\\/index.php\\\/author\\\/carlosvianna13\\\/\"}]}<\/script>\n<!-- \/ Yoast SEO plugin. -->","yoast_head_json":{"title":"Belo Campo inaugura primeira UBS Tipo 2 do Novo PAC com presen\u00e7a de Rui Costa, Jaques Wagner e Quinho Tigre - Maetinga Not\u00edcias","robots":{"index":"index","follow":"follow","max-snippet":"max-snippet:-1","max-image-preview":"max-image-preview:large","max-video-preview":"max-video-preview:-1"},"canonical":"https:\/\/maetinganoticias.com\/index.php\/2026\/03\/11\/belo-campo-inaugura-primeira-ubs-tipo-2-do-novo-pac-com-presenca-de-rui-costa-jaques-wagner-e-quinho-tigre\/","og_locale":"pt_BR","og_type":"article","og_title":"Belo Campo inaugura primeira UBS Tipo 2 do Novo PAC com presen\u00e7a de Rui Costa, Jaques Wagner e Quinho Tigre - Maetinga Not\u00edcias","og_description":"O munic\u00edpio de Belo Campo, no sudoeste da Bahia, recebeu nesta quarta-feira (11) a visita do ministro da Casa Civil, Rui Costa, e do senador Jaques Wagner para a inaugura\u00e7\u00e3o de uma nova unidade de sa\u00fade. A agenda marcou a entrega da Unidade B\u00e1sica de Sa\u00fade (UBS) Tipo 2 Maria das Gra\u00e7as Paz Santos, considerada [&hellip;]","og_url":"https:\/\/maetinganoticias.com\/index.php\/2026\/03\/11\/belo-campo-inaugura-primeira-ubs-tipo-2-do-novo-pac-com-presenca-de-rui-costa-jaques-wagner-e-quinho-tigre\/","og_site_name":"Maetinga Not\u00edcias","article_published_time":"2026-03-11T23:06:26+00:00","article_modified_time":"2026-03-11T23:06:28+00:00","og_image":[{"width":1000,"height":988,"url":"https:\/\/maetinganoticias.com\/wp-content\/uploads\/2026\/03\/5c84a8da52ac9696ed28ddbb7f9e6bc7.webp","type":"image\/webp"}],"author":"Maetinga Not\u00edcias","twitter_card":"summary_large_image","twitter_misc":{"Escrito por":"Maetinga Not\u00edcias","Est. tempo de leitura":"3 minutos"},"schema":{"@context":"https:\/\/schema.org","@graph":[{"@type":["Article","BlogPosting"],"@id":"https:\/\/maetinganoticias.com\/index.php\/2026\/03\/11\/belo-campo-inaugura-primeira-ubs-tipo-2-do-novo-pac-com-presenca-de-rui-costa-jaques-wagner-e-quinho-tigre\/#article","isPartOf":{"@id":"https:\/\/maetinganoticias.com\/index.php\/2026\/03\/11\/belo-campo-inaugura-primeira-ubs-tipo-2-do-novo-pac-com-presenca-de-rui-costa-jaques-wagner-e-quinho-tigre\/"},"author":{"name":"Maetinga Not\u00edcias","@id":"https:\/\/maetinganoticias.com\/#\/schema\/person\/968cf95e67a6810fc7fb35bbc9016962"},"headline":"Belo Campo inaugura primeira UBS Tipo 2 do Novo PAC com presen\u00e7a de Rui Costa, Jaques Wagner e Quinho Tigre","datePublished":"2026-03-11T23:06:26+00:00","dateModified":"2026-03-11T23:06:28+00:00","mainEntityOfPage":{"@id":"https:\/\/maetinganoticias.com\/index.php\/2026\/03\/11\/belo-campo-inaugura-primeira-ubs-tipo-2-do-novo-pac-com-presenca-de-rui-costa-jaques-wagner-e-quinho-tigre\/"},"wordCount":433,"commentCount":0,"publisher":{"@id":"https:\/\/maetinganoticias.com\/#organization"},"image":{"@id":"https:\/\/maetinganoticias.com\/index.php\/2026\/03\/11\/belo-campo-inaugura-primeira-ubs-tipo-2-do-novo-pac-com-presenca-de-rui-costa-jaques-wagner-e-quinho-tigre\/#primaryimage"},"thumbnailUrl":"https:\/\/maetinganoticias.com\/wp-content\/uploads\/2026\/03\/5c84a8da52ac9696ed28ddbb7f9e6bc7.webp","articleSection":["BELO CAMPO"],"inLanguage":"pt-BR","potentialAction":[{"@type":"CommentAction","name":"Comment","target":["https:\/\/maetinganoticias.com\/index.php\/2026\/03\/11\/belo-campo-inaugura-primeira-ubs-tipo-2-do-novo-pac-com-presenca-de-rui-costa-jaques-wagner-e-quinho-tigre\/#respond"]}]},{"@type":"WebPage","@id":"https:\/\/maetinganoticias.com\/index.php\/2026\/03\/11\/belo-campo-inaugura-primeira-ubs-tipo-2-do-novo-pac-com-presenca-de-rui-costa-jaques-wagner-e-quinho-tigre\/","url":"https:\/\/maetinganoticias.com\/index.php\/2026\/03\/11\/belo-campo-inaugura-primeira-ubs-tipo-2-do-novo-pac-com-presenca-de-rui-costa-jaques-wagner-e-quinho-tigre\/","name":"Belo Campo inaugura primeira UBS Tipo 2 do Novo PAC com presen\u00e7a de Rui Costa, Jaques Wagner e Quinho Tigre - Maetinga Not\u00edcias","isPartOf":{"@id":"https:\/\/maetinganoticias.com\/#website"},"primaryImageOfPage":{"@id":"https:\/\/maetinganoticias.com\/index.php\/2026\/03\/11\/belo-campo-inaugura-primeira-ubs-tipo-2-do-novo-pac-com-presenca-de-rui-costa-jaques-wagner-e-quinho-tigre\/#primaryimage"},"image":{"@id":"https:\/\/maetinganoticias.com\/index.php\/2026\/03\/11\/belo-campo-inaugura-primeira-ubs-tipo-2-do-novo-pac-com-presenca-de-rui-costa-jaques-wagner-e-quinho-tigre\/#primaryimage"},"thumbnailUrl":"https:\/\/maetinganoticias.com\/wp-content\/uploads\/2026\/03\/5c84a8da52ac9696ed28ddbb7f9e6bc7.webp","datePublished":"2026-03-11T23:06:26+00:00","dateModified":"2026-03-11T23:06:28+00:00","breadcrumb":{"@id":"https:\/\/maetinganoticias.com\/index.php\/2026\/03\/11\/belo-campo-inaugura-primeira-ubs-tipo-2-do-novo-pac-com-presenca-de-rui-costa-jaques-wagner-e-quinho-tigre\/#breadcrumb"},"inLanguage":"pt-BR","potentialAction":[{"@type":"ReadAction","target":["https:\/\/maetinganoticias.com\/index.php\/2026\/03\/11\/belo-campo-inaugura-primeira-ubs-tipo-2-do-novo-pac-com-presenca-de-rui-costa-jaques-wagner-e-quinho-tigre\/"]}]},{"@type":"ImageObject","inLanguage":"pt-BR","@id":"https:\/\/maetinganoticias.com\/index.php\/2026\/03\/11\/belo-campo-inaugura-primeira-ubs-tipo-2-do-novo-pac-com-presenca-de-rui-costa-jaques-wagner-e-quinho-tigre\/#primaryimage","url":"https:\/\/maetinganoticias.com\/wp-content\/uploads\/2026\/03\/5c84a8da52ac9696ed28ddbb7f9e6bc7.webp","contentUrl":"https:\/\/maetinganoticias.com\/wp-content\/uploads\/2026\/03\/5c84a8da52ac9696ed28ddbb7f9e6bc7.webp","width":1000,"height":988,"caption":"FOTO: ASCOM"},{"@type":"BreadcrumbList","@id":"https:\/\/maetinganoticias.com\/index.php\/2026\/03\/11\/belo-campo-inaugura-primeira-ubs-tipo-2-do-novo-pac-com-presenca-de-rui-costa-jaques-wagner-e-quinho-tigre\/#breadcrumb","itemListElement":[{"@type":"ListItem","position":1,"name":"In\u00edcio","item":"https:\/\/maetinganoticias.com\/"},{"@type":"ListItem","position":2,"name":"Belo Campo inaugura primeira UBS Tipo 2 do Novo PAC com presen\u00e7a de Rui Costa, Jaques Wagner e Quinho Tigre"}]},{"@type":"WebSite","@id":"https:\/\/maetinganoticias.com\/#website","url":"https:\/\/maetinganoticias.com\/","name":"Maetinga Not\u00edcias","description":"A Voz do Interior Baiano!","publisher":{"@id":"https:\/\/maetinganoticias.com\/#organization"},"potentialAction":[{"@type":"SearchAction","target":{"@type":"EntryPoint","urlTemplate":"https:\/\/maetinganoticias.com\/?s={search_term_string}"},"query-input":{"@type":"PropertyValueSpecification","valueRequired":true,"valueName":"search_term_string"}}],"inLanguage":"pt-BR"},{"@type":"Organization","@id":"https:\/\/maetinganoticias.com\/#organization","name":"Maetinga Not\u00edcias","url":"https:\/\/maetinganoticias.com\/","logo":{"@type":"ImageObject","inLanguage":"pt-BR","@id":"https:\/\/maetinganoticias.com\/#\/schema\/logo\/image\/","url":"https:\/\/maetinganoticias.com\/wp-content\/uploads\/2023\/07\/cropped-cropped-cropped-cropped-BUSINESS-3-42-1.png","contentUrl":"https:\/\/maetinganoticias.com\/wp-content\/uploads\/2023\/07\/cropped-cropped-cropped-cropped-BUSINESS-3-42-1.png","width":485,"height":109,"caption":"Maetinga Not\u00edcias"},"image":{"@id":"https:\/\/maetinganoticias.com\/#\/schema\/logo\/image\/"}},{"@type":"Person","@id":"https:\/\/maetinganoticias.com\/#\/schema\/person\/968cf95e67a6810fc7fb35bbc9016962","name":"Maetinga Not\u00edcias","image":{"@type":"ImageObject","inLanguage":"pt-BR","@id":"https:\/\/secure.gravatar.com\/avatar\/32e078313a5ca37a6c8d44e716ed4f9e87ecfde7222d2b88a1424bd49654f187?s=96&d=mm&r=g","url":"https:\/\/secure.gravatar.com\/avatar\/32e078313a5ca37a6c8d44e716ed4f9e87ecfde7222d2b88a1424bd49654f187?s=96&d=mm&r=g","contentUrl":"https:\/\/secure.gravatar.com\/avatar\/32e078313a5ca37a6c8d44e716ed4f9e87ecfde7222d2b88a1424bd49654f187?s=96&d=mm&r=g","caption":"Maetinga Not\u00edcias"},"description":"A voz do Interior Baiano!","sameAs":["https:\/\/maetinganoticias.com","https:\/\/www.instagram.com\/blogmaetinganoticias\/"],"url":"https:\/\/maetinganoticias.com\/index.php\/author\/carlosvianna13\/"}]}},"_links":{"self":[{"href":"https:\/\/maetinganoticias.com\/index.php\/wp-json\/wp\/v2\/posts\/11638","targetHints":{"allow":["GET"]}}],"collection":[{"href":"https:\/\/maetinganoticias.com\/index.php\/wp-json\/wp\/v2\/posts"}],"about":[{"href":"https:\/\/maetinganoticias.com\/index.php\/wp-json\/wp\/v2\/types\/post"}],"author":[{"embeddable":true,"href":"https:\/\/maetinganoticias.com\/index.php\/wp-json\/wp\/v2\/users\/1"}],"replies":[{"embeddable":true,"href":"https:\/\/maetinganoticias.com\/index.php\/wp-json\/wp\/v2\/comments?post=11638"}],"version-history":[{"count":1,"href":"https:\/\/maetinganoticias.com\/index.php\/wp-json\/wp\/v2\/posts\/11638\/revisions"}],"predecessor-version":[{"id":11639,"href":"https:\/\/maetinganoticias.com\/index.php\/wp-json\/wp\/v2\/posts\/11638\/revisions\/11639"}],"wp:featuredmedia":[{"embeddable":true,"href":"https:\/\/maetinganoticias.com\/index.php\/wp-json\/wp\/v2\/media\/11637"}],"wp:attachment":[{"href":"https:\/\/maetinganoticias.com\/index.php\/wp-json\/wp\/v2\/media?parent=11638"}],"wp:term":[{"taxonomy":"category","embeddable":true,"href":"https:\/\/maetinganoticias.com\/index.php\/wp-json\/wp\/v2\/categories?post=11638"},{"taxonomy":"post_tag","embeddable":true,"href":"https:\/\/maetinganoticias.com\/index.php\/wp-json\/wp\/v2\/tags?post=11638"}],"curies":[{"name":"wp","href":"https:\/\/api.w.org\/{rel}","templated":true}]}}