{"id":11620,"date":"2026-03-10T12:51:35","date_gmt":"2026-03-10T15:51:35","guid":{"rendered":"https:\/\/maetinganoticias.com\/?p=11620"},"modified":"2026-03-10T12:51:35","modified_gmt":"2026-03-10T15:51:35","slug":"phellipe-brito-prefeito-de-ituacu-recebe-titulo-de-cidadao-riocontense","status":"publish","type":"post","link":"https:\/\/maetinganoticias.com\/index.php\/2026\/03\/10\/phellipe-brito-prefeito-de-ituacu-recebe-titulo-de-cidadao-riocontense\/","title":{"rendered":"Phellipe Brito, prefeito de Itua\u00e7u recebe t\u00edtulo de Cidad\u00e3o Riocontense"},"content":{"rendered":"\n<p>O prefeito de Itua\u00e7u, Phellipe Brito, foi homenageado na manh\u00e3 desta ter\u00e7a-feira (10) com o t\u00edtulo de Cidad\u00e3o Riocontense, concedido pela <strong>C\u00e2mara de Vereadores de Rio de Contas. <\/strong>A honraria reconhece a contribui\u00e7\u00e3o e a liga\u00e7\u00e3o do gestor com o munic\u00edpio da Chapada Diamantina.<\/p>\n\n\n\n<p>Durante a cerim\u00f4nia, realizada na sede do Legislativo municipal, Phellipe Brito agradeceu a homenagem e destacou a emo\u00e7\u00e3o de receber o reconhecimento oficial de uma cidade pela qual afirma ter grande carinho. <\/p>\n\n\n\n<p>Segundo ele, mesmo antes da homenagem, j\u00e1 se sentia parte da comunidade local.<\/p>\n\n\n\n<p>\u201c<strong><em>Rio de Contas \u00e9 um lugar onde eu j\u00e1 me sentia parte. Hoje, esse reconhecimento apenas fortalece esse sentimento e aumenta ainda mais a minha responsabilidade<\/em><\/strong>\u201d, declarou.<\/p>\n\n\n\n<p>O prefeito tamb\u00e9m ressaltou os la\u00e7os de amizade e conviv\u00eancia constru\u00eddos na cidade ao longo dos anos. Em seu pronunciamento, afirmou que, al\u00e9m de amigos, construiu verdadeiros irm\u00e3os no munic\u00edpio.<\/p>\n\n\n\n<p>A homenagem foi concedida pelos vereadores da C\u00e2mara Municipal, com destaque para o vereador Jhonny Abreu, que teve participa\u00e7\u00e3o especial na indica\u00e7\u00e3o da honraria.<\/p>\n\n\n\n<p>Phellipe Brito atualmente administra o munic\u00edpio de Itua\u00e7u, localizado na Chapada Diamantina, e foi eleito com ampla vota\u00e7\u00e3o nas elei\u00e7\u00f5es municipais, assumindo o mandato para o per\u00edodo de 2025 a 2028. \ufffc<\/p>\n\n\n\n<p>Ao final da cerim\u00f4nia, o prefeito agradeceu aos vereadores e \u00e0 popula\u00e7\u00e3o de Rio de Contas pelo reconhecimento e reafirmou o compromisso de continuar fortalecendo os la\u00e7os entre os munic\u00edpios da regi\u00e3o.<\/p>\n\n\n\n<figure class=\"wp-block-image size-large\"><img loading=\"lazy\" decoding=\"async\" width=\"1024\" height=\"768\" src=\"https:\/\/maetinganoticias.com\/wp-content\/uploads\/2026\/03\/cd69e100-a6e2-4ca9-98bd-236c0edb6a9f-1024x768.jpg\" class=\"wp-image-11613\" srcset=\"https:\/\/maetinganoticias.com\/wp-content\/uploads\/2026\/03\/cd69e100-a6e2-4ca9-98bd-236c0edb6a9f-1024x768.jpg 1024w, https:\/\/maetinganoticias.com\/wp-content\/uploads\/2026\/03\/cd69e100-a6e2-4ca9-98bd-236c0edb6a9f-300x225.jpg 300w, https:\/\/maetinganoticias.com\/wp-content\/uploads\/2026\/03\/cd69e100-a6e2-4ca9-98bd-236c0edb6a9f-768x576.jpg 768w, https:\/\/maetinganoticias.com\/wp-content\/uploads\/2026\/03\/cd69e100-a6e2-4ca9-98bd-236c0edb6a9f-560x420.jpg 560w, https:\/\/maetinganoticias.com\/wp-content\/uploads\/2026\/03\/cd69e100-a6e2-4ca9-98bd-236c0edb6a9f-80x60.jpg 80w, https:\/\/maetinganoticias.com\/wp-content\/uploads\/2026\/03\/cd69e100-a6e2-4ca9-98bd-236c0edb6a9f-150x113.jpg 150w, https:\/\/maetinganoticias.com\/wp-content\/uploads\/2026\/03\/cd69e100-a6e2-4ca9-98bd-236c0edb6a9f-696x522.jpg 696w, https:\/\/maetinganoticias.com\/wp-content\/uploads\/2026\/03\/cd69e100-a6e2-4ca9-98bd-236c0edb6a9f-1068x801.jpg 1068w, https:\/\/maetinganoticias.com\/wp-content\/uploads\/2026\/03\/cd69e100-a6e2-4ca9-98bd-236c0edb6a9f-265x198.jpg 265w, https:\/\/maetinganoticias.com\/wp-content\/uploads\/2026\/03\/cd69e100-a6e2-4ca9-98bd-236c0edb6a9f.jpg 1280w\" sizes=\"auto, (max-width: 1024px) 100vw, 1024px\" \/><\/figure>\n\n\n\n<figure class=\"wp-block-image size-large\"><img loading=\"lazy\" decoding=\"async\" width=\"768\" height=\"1024\" src=\"https:\/\/maetinganoticias.com\/wp-content\/uploads\/2026\/03\/cc6b5221-bcbb-4ead-9143-59b8e313106c-768x1024.jpg\" class=\"wp-image-11614\" srcset=\"https:\/\/maetinganoticias.com\/wp-content\/uploads\/2026\/03\/cc6b5221-bcbb-4ead-9143-59b8e313106c-768x1024.jpg 768w, https:\/\/maetinganoticias.com\/wp-content\/uploads\/2026\/03\/cc6b5221-bcbb-4ead-9143-59b8e313106c-225x300.jpg 225w, https:\/\/maetinganoticias.com\/wp-content\/uploads\/2026\/03\/cc6b5221-bcbb-4ead-9143-59b8e313106c-1152x1536.jpg 1152w, https:\/\/maetinganoticias.com\/wp-content\/uploads\/2026\/03\/cc6b5221-bcbb-4ead-9143-59b8e313106c-1536x2048.jpg 1536w, https:\/\/maetinganoticias.com\/wp-content\/uploads\/2026\/03\/cc6b5221-bcbb-4ead-9143-59b8e313106c-315x420.jpg 315w, https:\/\/maetinganoticias.com\/wp-content\/uploads\/2026\/03\/cc6b5221-bcbb-4ead-9143-59b8e313106c-150x200.jpg 150w, https:\/\/maetinganoticias.com\/wp-content\/uploads\/2026\/03\/cc6b5221-bcbb-4ead-9143-59b8e313106c-300x400.jpg 300w, https:\/\/maetinganoticias.com\/wp-content\/uploads\/2026\/03\/cc6b5221-bcbb-4ead-9143-59b8e313106c-696x928.jpg 696w, https:\/\/maetinganoticias.com\/wp-content\/uploads\/2026\/03\/cc6b5221-bcbb-4ead-9143-59b8e313106c-1068x1424.jpg 1068w, https:\/\/maetinganoticias.com\/wp-content\/uploads\/2026\/03\/cc6b5221-bcbb-4ead-9143-59b8e313106c-scaled.jpg 1920w\" sizes=\"auto, (max-width: 768px) 100vw, 768px\" \/><\/figure>\n\n\n\n<figure class=\"wp-block-image size-large\"><img loading=\"lazy\" decoding=\"async\" width=\"768\" height=\"1024\" src=\"https:\/\/maetinganoticias.com\/wp-content\/uploads\/2026\/03\/77b74644-2ed1-4fb1-a48a-2e19cf1db727-768x1024.jpg\" class=\"wp-image-11616\" srcset=\"https:\/\/maetinganoticias.com\/wp-content\/uploads\/2026\/03\/77b74644-2ed1-4fb1-a48a-2e19cf1db727-768x1024.jpg 768w, https:\/\/maetinganoticias.com\/wp-content\/uploads\/2026\/03\/77b74644-2ed1-4fb1-a48a-2e19cf1db727-225x300.jpg 225w, https:\/\/maetinganoticias.com\/wp-content\/uploads\/2026\/03\/77b74644-2ed1-4fb1-a48a-2e19cf1db727-1152x1536.jpg 1152w, https:\/\/maetinganoticias.com\/wp-content\/uploads\/2026\/03\/77b74644-2ed1-4fb1-a48a-2e19cf1db727-1536x2048.jpg 1536w, https:\/\/maetinganoticias.com\/wp-content\/uploads\/2026\/03\/77b74644-2ed1-4fb1-a48a-2e19cf1db727-315x420.jpg 315w, https:\/\/maetinganoticias.com\/wp-content\/uploads\/2026\/03\/77b74644-2ed1-4fb1-a48a-2e19cf1db727-150x200.jpg 150w, https:\/\/maetinganoticias.com\/wp-content\/uploads\/2026\/03\/77b74644-2ed1-4fb1-a48a-2e19cf1db727-300x400.jpg 300w, https:\/\/maetinganoticias.com\/wp-content\/uploads\/2026\/03\/77b74644-2ed1-4fb1-a48a-2e19cf1db727-696x928.jpg 696w, https:\/\/maetinganoticias.com\/wp-content\/uploads\/2026\/03\/77b74644-2ed1-4fb1-a48a-2e19cf1db727-1068x1424.jpg 1068w, https:\/\/maetinganoticias.com\/wp-content\/uploads\/2026\/03\/77b74644-2ed1-4fb1-a48a-2e19cf1db727-scaled.jpg 1920w\" sizes=\"auto, (max-width: 768px) 100vw, 768px\" \/><\/figure>\n\n\n\n<figure class=\"wp-block-image size-large\"><img loading=\"lazy\" decoding=\"async\" width=\"768\" height=\"1024\" src=\"https:\/\/maetinganoticias.com\/wp-content\/uploads\/2026\/03\/f0af7ff6-bf17-4dff-80a9-c341262c1ea9-768x1024.jpg\" class=\"wp-image-11617\" srcset=\"https:\/\/maetinganoticias.com\/wp-content\/uploads\/2026\/03\/f0af7ff6-bf17-4dff-80a9-c341262c1ea9-768x1024.jpg 768w, https:\/\/maetinganoticias.com\/wp-content\/uploads\/2026\/03\/f0af7ff6-bf17-4dff-80a9-c341262c1ea9-225x300.jpg 225w, https:\/\/maetinganoticias.com\/wp-content\/uploads\/2026\/03\/f0af7ff6-bf17-4dff-80a9-c341262c1ea9-1152x1536.jpg 1152w, https:\/\/maetinganoticias.com\/wp-content\/uploads\/2026\/03\/f0af7ff6-bf17-4dff-80a9-c341262c1ea9-1536x2048.jpg 1536w, https:\/\/maetinganoticias.com\/wp-content\/uploads\/2026\/03\/f0af7ff6-bf17-4dff-80a9-c341262c1ea9-315x420.jpg 315w, https:\/\/maetinganoticias.com\/wp-content\/uploads\/2026\/03\/f0af7ff6-bf17-4dff-80a9-c341262c1ea9-150x200.jpg 150w, https:\/\/maetinganoticias.com\/wp-content\/uploads\/2026\/03\/f0af7ff6-bf17-4dff-80a9-c341262c1ea9-300x400.jpg 300w, https:\/\/maetinganoticias.com\/wp-content\/uploads\/2026\/03\/f0af7ff6-bf17-4dff-80a9-c341262c1ea9-696x928.jpg 696w, https:\/\/maetinganoticias.com\/wp-content\/uploads\/2026\/03\/f0af7ff6-bf17-4dff-80a9-c341262c1ea9-1068x1424.jpg 1068w, https:\/\/maetinganoticias.com\/wp-content\/uploads\/2026\/03\/f0af7ff6-bf17-4dff-80a9-c341262c1ea9-scaled.jpg 1920w\" sizes=\"auto, (max-width: 768px) 100vw, 768px\" \/><\/figure>\n\n\n\n<figure class=\"wp-block-image size-large\"><img loading=\"lazy\" decoding=\"async\" width=\"768\" height=\"1024\" src=\"https:\/\/maetinganoticias.com\/wp-content\/uploads\/2026\/03\/994cab3d-83b2-4a11-9c1a-bb75aa017bdc-768x1024.jpg\" class=\"wp-image-11618\" srcset=\"https:\/\/maetinganoticias.com\/wp-content\/uploads\/2026\/03\/994cab3d-83b2-4a11-9c1a-bb75aa017bdc-768x1024.jpg 768w, https:\/\/maetinganoticias.com\/wp-content\/uploads\/2026\/03\/994cab3d-83b2-4a11-9c1a-bb75aa017bdc-225x300.jpg 225w, https:\/\/maetinganoticias.com\/wp-content\/uploads\/2026\/03\/994cab3d-83b2-4a11-9c1a-bb75aa017bdc-1152x1536.jpg 1152w, https:\/\/maetinganoticias.com\/wp-content\/uploads\/2026\/03\/994cab3d-83b2-4a11-9c1a-bb75aa017bdc-1536x2048.jpg 1536w, https:\/\/maetinganoticias.com\/wp-content\/uploads\/2026\/03\/994cab3d-83b2-4a11-9c1a-bb75aa017bdc-315x420.jpg 315w, https:\/\/maetinganoticias.com\/wp-content\/uploads\/2026\/03\/994cab3d-83b2-4a11-9c1a-bb75aa017bdc-150x200.jpg 150w, https:\/\/maetinganoticias.com\/wp-content\/uploads\/2026\/03\/994cab3d-83b2-4a11-9c1a-bb75aa017bdc-300x400.jpg 300w, https:\/\/maetinganoticias.com\/wp-content\/uploads\/2026\/03\/994cab3d-83b2-4a11-9c1a-bb75aa017bdc-696x928.jpg 696w, https:\/\/maetinganoticias.com\/wp-content\/uploads\/2026\/03\/994cab3d-83b2-4a11-9c1a-bb75aa017bdc-1068x1424.jpg 1068w, https:\/\/maetinganoticias.com\/wp-content\/uploads\/2026\/03\/994cab3d-83b2-4a11-9c1a-bb75aa017bdc-scaled.jpg 1920w\" sizes=\"auto, (max-width: 768px) 100vw, 768px\" \/><\/figure>\n\n\n\n<figure class=\"wp-block-image size-large\"><img loading=\"lazy\" decoding=\"async\" width=\"768\" height=\"1024\" src=\"https:\/\/maetinganoticias.com\/wp-content\/uploads\/2026\/03\/d3e02d3e-4d35-471e-80d3-de347b930a10-768x1024.jpg\" class=\"wp-image-11619\" srcset=\"https:\/\/maetinganoticias.com\/wp-content\/uploads\/2026\/03\/d3e02d3e-4d35-471e-80d3-de347b930a10-768x1024.jpg 768w, https:\/\/maetinganoticias.com\/wp-content\/uploads\/2026\/03\/d3e02d3e-4d35-471e-80d3-de347b930a10-225x300.jpg 225w, https:\/\/maetinganoticias.com\/wp-content\/uploads\/2026\/03\/d3e02d3e-4d35-471e-80d3-de347b930a10-1152x1536.jpg 1152w, https:\/\/maetinganoticias.com\/wp-content\/uploads\/2026\/03\/d3e02d3e-4d35-471e-80d3-de347b930a10-1536x2048.jpg 1536w, https:\/\/maetinganoticias.com\/wp-content\/uploads\/2026\/03\/d3e02d3e-4d35-471e-80d3-de347b930a10-315x420.jpg 315w, https:\/\/maetinganoticias.com\/wp-content\/uploads\/2026\/03\/d3e02d3e-4d35-471e-80d3-de347b930a10-150x200.jpg 150w, https:\/\/maetinganoticias.com\/wp-content\/uploads\/2026\/03\/d3e02d3e-4d35-471e-80d3-de347b930a10-300x400.jpg 300w, https:\/\/maetinganoticias.com\/wp-content\/uploads\/2026\/03\/d3e02d3e-4d35-471e-80d3-de347b930a10-696x928.jpg 696w, https:\/\/maetinganoticias.com\/wp-content\/uploads\/2026\/03\/d3e02d3e-4d35-471e-80d3-de347b930a10-1068x1424.jpg 1068w, https:\/\/maetinganoticias.com\/wp-content\/uploads\/2026\/03\/d3e02d3e-4d35-471e-80d3-de347b930a10-scaled.jpg 1920w\" sizes=\"auto, (max-width: 768px) 100vw, 768px\" \/><\/figure>\n\n\n\n<figure class=\"wp-block-image size-large\"><img loading=\"lazy\" decoding=\"async\" width=\"768\" height=\"1024\" src=\"https:\/\/maetinganoticias.com\/wp-content\/uploads\/2026\/03\/a8897a70-63f4-48a9-8e37-3ec5d701bb15-768x1024.jpg\" class=\"wp-image-11615\" srcset=\"https:\/\/maetinganoticias.com\/wp-content\/uploads\/2026\/03\/a8897a70-63f4-48a9-8e37-3ec5d701bb15-768x1024.jpg 768w, https:\/\/maetinganoticias.com\/wp-content\/uploads\/2026\/03\/a8897a70-63f4-48a9-8e37-3ec5d701bb15-225x300.jpg 225w, https:\/\/maetinganoticias.com\/wp-content\/uploads\/2026\/03\/a8897a70-63f4-48a9-8e37-3ec5d701bb15-1152x1536.jpg 1152w, https:\/\/maetinganoticias.com\/wp-content\/uploads\/2026\/03\/a8897a70-63f4-48a9-8e37-3ec5d701bb15-1536x2048.jpg 1536w, https:\/\/maetinganoticias.com\/wp-content\/uploads\/2026\/03\/a8897a70-63f4-48a9-8e37-3ec5d701bb15-315x420.jpg 315w, https:\/\/maetinganoticias.com\/wp-content\/uploads\/2026\/03\/a8897a70-63f4-48a9-8e37-3ec5d701bb15-150x200.jpg 150w, https:\/\/maetinganoticias.com\/wp-content\/uploads\/2026\/03\/a8897a70-63f4-48a9-8e37-3ec5d701bb15-300x400.jpg 300w, https:\/\/maetinganoticias.com\/wp-content\/uploads\/2026\/03\/a8897a70-63f4-48a9-8e37-3ec5d701bb15-696x928.jpg 696w, https:\/\/maetinganoticias.com\/wp-content\/uploads\/2026\/03\/a8897a70-63f4-48a9-8e37-3ec5d701bb15-1068x1424.jpg 1068w, https:\/\/maetinganoticias.com\/wp-content\/uploads\/2026\/03\/a8897a70-63f4-48a9-8e37-3ec5d701bb15-scaled.jpg 1920w\" sizes=\"auto, (max-width: 768px) 100vw, 768px\" \/><\/figure>\n","protected":false},"excerpt":{"rendered":"<p>O prefeito de Itua\u00e7u, Phellipe Brito, foi homenageado na manh\u00e3 desta ter\u00e7a-feira (10) com o t\u00edtulo de Cidad\u00e3o Riocontense, concedido pela C\u00e2mara de Vereadores de Rio de Contas. A honraria reconhece a contribui\u00e7\u00e3o e a liga\u00e7\u00e3o do gestor com o munic\u00edpio da Chapada Diamantina. Durante a cerim\u00f4nia, realizada na sede do Legislativo municipal, Phellipe Brito [&hellip;]<\/p>\n","protected":false},"author":1,"featured_media":11612,"comment_status":"closed","ping_status":"open","sticky":false,"template":"","format":"standard","meta":{"om_disable_all_campaigns":false,"_monsterinsights_skip_tracking":false,"_monsterinsights_sitenote_active":false,"_monsterinsights_sitenote_note":"","_monsterinsights_sitenote_category":0,"_uf_show_specific_survey":0,"_uf_disable_surveys":false,"footnotes":""},"categories":[9],"tags":[],"class_list":{"0":"post-11620","1":"post","2":"type-post","3":"status-publish","4":"format-standard","5":"has-post-thumbnail","7":"category-ituacu"},"yoast_head":"<!-- This site is optimized with the Yoast SEO plugin v27.4 - https:\/\/yoast.com\/product\/yoast-seo-wordpress\/ -->\n<title>Phellipe Brito, prefeito de Itua\u00e7u recebe t\u00edtulo de Cidad\u00e3o Riocontense - Maetinga Not\u00edcias<\/title>\n<meta name=\"robots\" content=\"index, follow, max-snippet:-1, max-image-preview:large, max-video-preview:-1\" \/>\n<link rel=\"canonical\" href=\"https:\/\/maetinganoticias.com\/index.php\/2026\/03\/10\/phellipe-brito-prefeito-de-ituacu-recebe-titulo-de-cidadao-riocontense\/\" \/>\n<meta property=\"og:locale\" content=\"pt_BR\" \/>\n<meta property=\"og:type\" content=\"article\" \/>\n<meta property=\"og:title\" content=\"Phellipe Brito, prefeito de Itua\u00e7u recebe t\u00edtulo de Cidad\u00e3o Riocontense - Maetinga Not\u00edcias\" \/>\n<meta property=\"og:description\" content=\"O prefeito de Itua\u00e7u, Phellipe Brito, foi homenageado na manh\u00e3 desta ter\u00e7a-feira (10) com o t\u00edtulo de Cidad\u00e3o Riocontense, concedido pela C\u00e2mara de Vereadores de Rio de Contas. A honraria reconhece a contribui\u00e7\u00e3o e a liga\u00e7\u00e3o do gestor com o munic\u00edpio da Chapada Diamantina. Durante a cerim\u00f4nia, realizada na sede do Legislativo municipal, Phellipe Brito [&hellip;]\" \/>\n<meta property=\"og:url\" content=\"https:\/\/maetinganoticias.com\/index.php\/2026\/03\/10\/phellipe-brito-prefeito-de-ituacu-recebe-titulo-de-cidadao-riocontense\/\" \/>\n<meta property=\"og:site_name\" content=\"Maetinga Not\u00edcias\" \/>\n<meta property=\"article:published_time\" content=\"2026-03-10T15:51:35+00:00\" \/>\n<meta property=\"og:image\" content=\"https:\/\/maetinganoticias.com\/wp-content\/uploads\/2026\/03\/ac6b78b3-1c0f-4d4c-9f0d-e7fe3d044ca6-scaled.jpg\" \/>\n\t<meta property=\"og:image:width\" content=\"2560\" \/>\n\t<meta property=\"og:image:height\" content=\"1920\" \/>\n\t<meta property=\"og:image:type\" content=\"image\/jpeg\" \/>\n<meta name=\"author\" content=\"Maetinga Not\u00edcias\" \/>\n<meta name=\"twitter:card\" content=\"summary_large_image\" \/>\n<meta name=\"twitter:label1\" content=\"Escrito por\" \/>\n\t<meta name=\"twitter:data1\" content=\"Maetinga Not\u00edcias\" \/>\n\t<meta name=\"twitter:label2\" content=\"Est. tempo de leitura\" \/>\n\t<meta name=\"twitter:data2\" content=\"1 minuto\" \/>\n<script type=\"application\/ld+json\" class=\"yoast-schema-graph\">{\"@context\":\"https:\\\/\\\/schema.org\",\"@graph\":[{\"@type\":[\"Article\",\"BlogPosting\"],\"@id\":\"https:\\\/\\\/maetinganoticias.com\\\/index.php\\\/2026\\\/03\\\/10\\\/phellipe-brito-prefeito-de-ituacu-recebe-titulo-de-cidadao-riocontense\\\/#article\",\"isPartOf\":{\"@id\":\"https:\\\/\\\/maetinganoticias.com\\\/index.php\\\/2026\\\/03\\\/10\\\/phellipe-brito-prefeito-de-ituacu-recebe-titulo-de-cidadao-riocontense\\\/\"},\"author\":{\"name\":\"Maetinga Not\u00edcias\",\"@id\":\"https:\\\/\\\/maetinganoticias.com\\\/#\\\/schema\\\/person\\\/968cf95e67a6810fc7fb35bbc9016962\"},\"headline\":\"Phellipe Brito, prefeito de Itua\u00e7u recebe t\u00edtulo de Cidad\u00e3o Riocontense\",\"datePublished\":\"2026-03-10T15:51:35+00:00\",\"mainEntityOfPage\":{\"@id\":\"https:\\\/\\\/maetinganoticias.com\\\/index.php\\\/2026\\\/03\\\/10\\\/phellipe-brito-prefeito-de-ituacu-recebe-titulo-de-cidadao-riocontense\\\/\"},\"wordCount\":271,\"publisher\":{\"@id\":\"https:\\\/\\\/maetinganoticias.com\\\/#organization\"},\"image\":{\"@id\":\"https:\\\/\\\/maetinganoticias.com\\\/index.php\\\/2026\\\/03\\\/10\\\/phellipe-brito-prefeito-de-ituacu-recebe-titulo-de-cidadao-riocontense\\\/#primaryimage\"},\"thumbnailUrl\":\"https:\\\/\\\/maetinganoticias.com\\\/wp-content\\\/uploads\\\/2026\\\/03\\\/ac6b78b3-1c0f-4d4c-9f0d-e7fe3d044ca6-scaled.jpg\",\"articleSection\":[\"Itua\u00e7u\"],\"inLanguage\":\"pt-BR\"},{\"@type\":\"WebPage\",\"@id\":\"https:\\\/\\\/maetinganoticias.com\\\/index.php\\\/2026\\\/03\\\/10\\\/phellipe-brito-prefeito-de-ituacu-recebe-titulo-de-cidadao-riocontense\\\/\",\"url\":\"https:\\\/\\\/maetinganoticias.com\\\/index.php\\\/2026\\\/03\\\/10\\\/phellipe-brito-prefeito-de-ituacu-recebe-titulo-de-cidadao-riocontense\\\/\",\"name\":\"Phellipe Brito, prefeito de Itua\u00e7u recebe t\u00edtulo de Cidad\u00e3o Riocontense - Maetinga Not\u00edcias\",\"isPartOf\":{\"@id\":\"https:\\\/\\\/maetinganoticias.com\\\/#website\"},\"primaryImageOfPage\":{\"@id\":\"https:\\\/\\\/maetinganoticias.com\\\/index.php\\\/2026\\\/03\\\/10\\\/phellipe-brito-prefeito-de-ituacu-recebe-titulo-de-cidadao-riocontense\\\/#primaryimage\"},\"image\":{\"@id\":\"https:\\\/\\\/maetinganoticias.com\\\/index.php\\\/2026\\\/03\\\/10\\\/phellipe-brito-prefeito-de-ituacu-recebe-titulo-de-cidadao-riocontense\\\/#primaryimage\"},\"thumbnailUrl\":\"https:\\\/\\\/maetinganoticias.com\\\/wp-content\\\/uploads\\\/2026\\\/03\\\/ac6b78b3-1c0f-4d4c-9f0d-e7fe3d044ca6-scaled.jpg\",\"datePublished\":\"2026-03-10T15:51:35+00:00\",\"breadcrumb\":{\"@id\":\"https:\\\/\\\/maetinganoticias.com\\\/index.php\\\/2026\\\/03\\\/10\\\/phellipe-brito-prefeito-de-ituacu-recebe-titulo-de-cidadao-riocontense\\\/#breadcrumb\"},\"inLanguage\":\"pt-BR\",\"potentialAction\":[{\"@type\":\"ReadAction\",\"target\":[\"https:\\\/\\\/maetinganoticias.com\\\/index.php\\\/2026\\\/03\\\/10\\\/phellipe-brito-prefeito-de-ituacu-recebe-titulo-de-cidadao-riocontense\\\/\"]}]},{\"@type\":\"ImageObject\",\"inLanguage\":\"pt-BR\",\"@id\":\"https:\\\/\\\/maetinganoticias.com\\\/index.php\\\/2026\\\/03\\\/10\\\/phellipe-brito-prefeito-de-ituacu-recebe-titulo-de-cidadao-riocontense\\\/#primaryimage\",\"url\":\"https:\\\/\\\/maetinganoticias.com\\\/wp-content\\\/uploads\\\/2026\\\/03\\\/ac6b78b3-1c0f-4d4c-9f0d-e7fe3d044ca6-scaled.jpg\",\"contentUrl\":\"https:\\\/\\\/maetinganoticias.com\\\/wp-content\\\/uploads\\\/2026\\\/03\\\/ac6b78b3-1c0f-4d4c-9f0d-e7fe3d044ca6-scaled.jpg\",\"width\":2560,\"height\":1920},{\"@type\":\"BreadcrumbList\",\"@id\":\"https:\\\/\\\/maetinganoticias.com\\\/index.php\\\/2026\\\/03\\\/10\\\/phellipe-brito-prefeito-de-ituacu-recebe-titulo-de-cidadao-riocontense\\\/#breadcrumb\",\"itemListElement\":[{\"@type\":\"ListItem\",\"position\":1,\"name\":\"In\u00edcio\",\"item\":\"https:\\\/\\\/maetinganoticias.com\\\/\"},{\"@type\":\"ListItem\",\"position\":2,\"name\":\"Phellipe Brito, prefeito de Itua\u00e7u recebe t\u00edtulo de Cidad\u00e3o Riocontense\"}]},{\"@type\":\"WebSite\",\"@id\":\"https:\\\/\\\/maetinganoticias.com\\\/#website\",\"url\":\"https:\\\/\\\/maetinganoticias.com\\\/\",\"name\":\"Maetinga Not\u00edcias\",\"description\":\"A Voz do Interior Baiano!\",\"publisher\":{\"@id\":\"https:\\\/\\\/maetinganoticias.com\\\/#organization\"},\"potentialAction\":[{\"@type\":\"SearchAction\",\"target\":{\"@type\":\"EntryPoint\",\"urlTemplate\":\"https:\\\/\\\/maetinganoticias.com\\\/?s={search_term_string}\"},\"query-input\":{\"@type\":\"PropertyValueSpecification\",\"valueRequired\":true,\"valueName\":\"search_term_string\"}}],\"inLanguage\":\"pt-BR\"},{\"@type\":\"Organization\",\"@id\":\"https:\\\/\\\/maetinganoticias.com\\\/#organization\",\"name\":\"Maetinga Not\u00edcias\",\"url\":\"https:\\\/\\\/maetinganoticias.com\\\/\",\"logo\":{\"@type\":\"ImageObject\",\"inLanguage\":\"pt-BR\",\"@id\":\"https:\\\/\\\/maetinganoticias.com\\\/#\\\/schema\\\/logo\\\/image\\\/\",\"url\":\"https:\\\/\\\/maetinganoticias.com\\\/wp-content\\\/uploads\\\/2023\\\/07\\\/cropped-cropped-cropped-cropped-BUSINESS-3-42-1.png\",\"contentUrl\":\"https:\\\/\\\/maetinganoticias.com\\\/wp-content\\\/uploads\\\/2023\\\/07\\\/cropped-cropped-cropped-cropped-BUSINESS-3-42-1.png\",\"width\":485,\"height\":109,\"caption\":\"Maetinga Not\u00edcias\"},\"image\":{\"@id\":\"https:\\\/\\\/maetinganoticias.com\\\/#\\\/schema\\\/logo\\\/image\\\/\"}},{\"@type\":\"Person\",\"@id\":\"https:\\\/\\\/maetinganoticias.com\\\/#\\\/schema\\\/person\\\/968cf95e67a6810fc7fb35bbc9016962\",\"name\":\"Maetinga Not\u00edcias\",\"image\":{\"@type\":\"ImageObject\",\"inLanguage\":\"pt-BR\",\"@id\":\"https:\\\/\\\/secure.gravatar.com\\\/avatar\\\/32e078313a5ca37a6c8d44e716ed4f9e87ecfde7222d2b88a1424bd49654f187?s=96&d=mm&r=g\",\"url\":\"https:\\\/\\\/secure.gravatar.com\\\/avatar\\\/32e078313a5ca37a6c8d44e716ed4f9e87ecfde7222d2b88a1424bd49654f187?s=96&d=mm&r=g\",\"contentUrl\":\"https:\\\/\\\/secure.gravatar.com\\\/avatar\\\/32e078313a5ca37a6c8d44e716ed4f9e87ecfde7222d2b88a1424bd49654f187?s=96&d=mm&r=g\",\"caption\":\"Maetinga Not\u00edcias\"},\"description\":\"A voz do Interior Baiano!\",\"sameAs\":[\"https:\\\/\\\/maetinganoticias.com\",\"https:\\\/\\\/www.instagram.com\\\/blogmaetinganoticias\\\/\"],\"url\":\"https:\\\/\\\/maetinganoticias.com\\\/index.php\\\/author\\\/carlosvianna13\\\/\"}]}<\/script>\n<!-- \/ Yoast SEO plugin. -->","yoast_head_json":{"title":"Phellipe Brito, prefeito de Itua\u00e7u recebe t\u00edtulo de Cidad\u00e3o Riocontense - Maetinga Not\u00edcias","robots":{"index":"index","follow":"follow","max-snippet":"max-snippet:-1","max-image-preview":"max-image-preview:large","max-video-preview":"max-video-preview:-1"},"canonical":"https:\/\/maetinganoticias.com\/index.php\/2026\/03\/10\/phellipe-brito-prefeito-de-ituacu-recebe-titulo-de-cidadao-riocontense\/","og_locale":"pt_BR","og_type":"article","og_title":"Phellipe Brito, prefeito de Itua\u00e7u recebe t\u00edtulo de Cidad\u00e3o Riocontense - Maetinga Not\u00edcias","og_description":"O prefeito de Itua\u00e7u, Phellipe Brito, foi homenageado na manh\u00e3 desta ter\u00e7a-feira (10) com o t\u00edtulo de Cidad\u00e3o Riocontense, concedido pela C\u00e2mara de Vereadores de Rio de Contas. A honraria reconhece a contribui\u00e7\u00e3o e a liga\u00e7\u00e3o do gestor com o munic\u00edpio da Chapada Diamantina. Durante a cerim\u00f4nia, realizada na sede do Legislativo municipal, Phellipe Brito [&hellip;]","og_url":"https:\/\/maetinganoticias.com\/index.php\/2026\/03\/10\/phellipe-brito-prefeito-de-ituacu-recebe-titulo-de-cidadao-riocontense\/","og_site_name":"Maetinga Not\u00edcias","article_published_time":"2026-03-10T15:51:35+00:00","og_image":[{"width":2560,"height":1920,"url":"https:\/\/maetinganoticias.com\/wp-content\/uploads\/2026\/03\/ac6b78b3-1c0f-4d4c-9f0d-e7fe3d044ca6-scaled.jpg","type":"image\/jpeg"}],"author":"Maetinga Not\u00edcias","twitter_card":"summary_large_image","twitter_misc":{"Escrito por":"Maetinga Not\u00edcias","Est. tempo de leitura":"1 minuto"},"schema":{"@context":"https:\/\/schema.org","@graph":[{"@type":["Article","BlogPosting"],"@id":"https:\/\/maetinganoticias.com\/index.php\/2026\/03\/10\/phellipe-brito-prefeito-de-ituacu-recebe-titulo-de-cidadao-riocontense\/#article","isPartOf":{"@id":"https:\/\/maetinganoticias.com\/index.php\/2026\/03\/10\/phellipe-brito-prefeito-de-ituacu-recebe-titulo-de-cidadao-riocontense\/"},"author":{"name":"Maetinga Not\u00edcias","@id":"https:\/\/maetinganoticias.com\/#\/schema\/person\/968cf95e67a6810fc7fb35bbc9016962"},"headline":"Phellipe Brito, prefeito de Itua\u00e7u recebe t\u00edtulo de Cidad\u00e3o Riocontense","datePublished":"2026-03-10T15:51:35+00:00","mainEntityOfPage":{"@id":"https:\/\/maetinganoticias.com\/index.php\/2026\/03\/10\/phellipe-brito-prefeito-de-ituacu-recebe-titulo-de-cidadao-riocontense\/"},"wordCount":271,"publisher":{"@id":"https:\/\/maetinganoticias.com\/#organization"},"image":{"@id":"https:\/\/maetinganoticias.com\/index.php\/2026\/03\/10\/phellipe-brito-prefeito-de-ituacu-recebe-titulo-de-cidadao-riocontense\/#primaryimage"},"thumbnailUrl":"https:\/\/maetinganoticias.com\/wp-content\/uploads\/2026\/03\/ac6b78b3-1c0f-4d4c-9f0d-e7fe3d044ca6-scaled.jpg","articleSection":["Itua\u00e7u"],"inLanguage":"pt-BR"},{"@type":"WebPage","@id":"https:\/\/maetinganoticias.com\/index.php\/2026\/03\/10\/phellipe-brito-prefeito-de-ituacu-recebe-titulo-de-cidadao-riocontense\/","url":"https:\/\/maetinganoticias.com\/index.php\/2026\/03\/10\/phellipe-brito-prefeito-de-ituacu-recebe-titulo-de-cidadao-riocontense\/","name":"Phellipe Brito, prefeito de Itua\u00e7u recebe t\u00edtulo de Cidad\u00e3o Riocontense - Maetinga Not\u00edcias","isPartOf":{"@id":"https:\/\/maetinganoticias.com\/#website"},"primaryImageOfPage":{"@id":"https:\/\/maetinganoticias.com\/index.php\/2026\/03\/10\/phellipe-brito-prefeito-de-ituacu-recebe-titulo-de-cidadao-riocontense\/#primaryimage"},"image":{"@id":"https:\/\/maetinganoticias.com\/index.php\/2026\/03\/10\/phellipe-brito-prefeito-de-ituacu-recebe-titulo-de-cidadao-riocontense\/#primaryimage"},"thumbnailUrl":"https:\/\/maetinganoticias.com\/wp-content\/uploads\/2026\/03\/ac6b78b3-1c0f-4d4c-9f0d-e7fe3d044ca6-scaled.jpg","datePublished":"2026-03-10T15:51:35+00:00","breadcrumb":{"@id":"https:\/\/maetinganoticias.com\/index.php\/2026\/03\/10\/phellipe-brito-prefeito-de-ituacu-recebe-titulo-de-cidadao-riocontense\/#breadcrumb"},"inLanguage":"pt-BR","potentialAction":[{"@type":"ReadAction","target":["https:\/\/maetinganoticias.com\/index.php\/2026\/03\/10\/phellipe-brito-prefeito-de-ituacu-recebe-titulo-de-cidadao-riocontense\/"]}]},{"@type":"ImageObject","inLanguage":"pt-BR","@id":"https:\/\/maetinganoticias.com\/index.php\/2026\/03\/10\/phellipe-brito-prefeito-de-ituacu-recebe-titulo-de-cidadao-riocontense\/#primaryimage","url":"https:\/\/maetinganoticias.com\/wp-content\/uploads\/2026\/03\/ac6b78b3-1c0f-4d4c-9f0d-e7fe3d044ca6-scaled.jpg","contentUrl":"https:\/\/maetinganoticias.com\/wp-content\/uploads\/2026\/03\/ac6b78b3-1c0f-4d4c-9f0d-e7fe3d044ca6-scaled.jpg","width":2560,"height":1920},{"@type":"BreadcrumbList","@id":"https:\/\/maetinganoticias.com\/index.php\/2026\/03\/10\/phellipe-brito-prefeito-de-ituacu-recebe-titulo-de-cidadao-riocontense\/#breadcrumb","itemListElement":[{"@type":"ListItem","position":1,"name":"In\u00edcio","item":"https:\/\/maetinganoticias.com\/"},{"@type":"ListItem","position":2,"name":"Phellipe Brito, prefeito de Itua\u00e7u recebe t\u00edtulo de Cidad\u00e3o Riocontense"}]},{"@type":"WebSite","@id":"https:\/\/maetinganoticias.com\/#website","url":"https:\/\/maetinganoticias.com\/","name":"Maetinga Not\u00edcias","description":"A Voz do Interior Baiano!","publisher":{"@id":"https:\/\/maetinganoticias.com\/#organization"},"potentialAction":[{"@type":"SearchAction","target":{"@type":"EntryPoint","urlTemplate":"https:\/\/maetinganoticias.com\/?s={search_term_string}"},"query-input":{"@type":"PropertyValueSpecification","valueRequired":true,"valueName":"search_term_string"}}],"inLanguage":"pt-BR"},{"@type":"Organization","@id":"https:\/\/maetinganoticias.com\/#organization","name":"Maetinga Not\u00edcias","url":"https:\/\/maetinganoticias.com\/","logo":{"@type":"ImageObject","inLanguage":"pt-BR","@id":"https:\/\/maetinganoticias.com\/#\/schema\/logo\/image\/","url":"https:\/\/maetinganoticias.com\/wp-content\/uploads\/2023\/07\/cropped-cropped-cropped-cropped-BUSINESS-3-42-1.png","contentUrl":"https:\/\/maetinganoticias.com\/wp-content\/uploads\/2023\/07\/cropped-cropped-cropped-cropped-BUSINESS-3-42-1.png","width":485,"height":109,"caption":"Maetinga Not\u00edcias"},"image":{"@id":"https:\/\/maetinganoticias.com\/#\/schema\/logo\/image\/"}},{"@type":"Person","@id":"https:\/\/maetinganoticias.com\/#\/schema\/person\/968cf95e67a6810fc7fb35bbc9016962","name":"Maetinga Not\u00edcias","image":{"@type":"ImageObject","inLanguage":"pt-BR","@id":"https:\/\/secure.gravatar.com\/avatar\/32e078313a5ca37a6c8d44e716ed4f9e87ecfde7222d2b88a1424bd49654f187?s=96&d=mm&r=g","url":"https:\/\/secure.gravatar.com\/avatar\/32e078313a5ca37a6c8d44e716ed4f9e87ecfde7222d2b88a1424bd49654f187?s=96&d=mm&r=g","contentUrl":"https:\/\/secure.gravatar.com\/avatar\/32e078313a5ca37a6c8d44e716ed4f9e87ecfde7222d2b88a1424bd49654f187?s=96&d=mm&r=g","caption":"Maetinga Not\u00edcias"},"description":"A voz do Interior Baiano!","sameAs":["https:\/\/maetinganoticias.com","https:\/\/www.instagram.com\/blogmaetinganoticias\/"],"url":"https:\/\/maetinganoticias.com\/index.php\/author\/carlosvianna13\/"}]}},"_links":{"self":[{"href":"https:\/\/maetinganoticias.com\/index.php\/wp-json\/wp\/v2\/posts\/11620","targetHints":{"allow":["GET"]}}],"collection":[{"href":"https:\/\/maetinganoticias.com\/index.php\/wp-json\/wp\/v2\/posts"}],"about":[{"href":"https:\/\/maetinganoticias.com\/index.php\/wp-json\/wp\/v2\/types\/post"}],"author":[{"embeddable":true,"href":"https:\/\/maetinganoticias.com\/index.php\/wp-json\/wp\/v2\/users\/1"}],"replies":[{"embeddable":true,"href":"https:\/\/maetinganoticias.com\/index.php\/wp-json\/wp\/v2\/comments?post=11620"}],"version-history":[{"count":1,"href":"https:\/\/maetinganoticias.com\/index.php\/wp-json\/wp\/v2\/posts\/11620\/revisions"}],"predecessor-version":[{"id":11621,"href":"https:\/\/maetinganoticias.com\/index.php\/wp-json\/wp\/v2\/posts\/11620\/revisions\/11621"}],"wp:featuredmedia":[{"embeddable":true,"href":"https:\/\/maetinganoticias.com\/index.php\/wp-json\/wp\/v2\/media\/11612"}],"wp:attachment":[{"href":"https:\/\/maetinganoticias.com\/index.php\/wp-json\/wp\/v2\/media?parent=11620"}],"wp:term":[{"taxonomy":"category","embeddable":true,"href":"https:\/\/maetinganoticias.com\/index.php\/wp-json\/wp\/v2\/categories?post=11620"},{"taxonomy":"post_tag","embeddable":true,"href":"https:\/\/maetinganoticias.com\/index.php\/wp-json\/wp\/v2\/tags?post=11620"}],"curies":[{"name":"wp","href":"https:\/\/api.w.org\/{rel}","templated":true}]}}