{"id":11580,"date":"2026-03-09T18:16:57","date_gmt":"2026-03-09T21:16:57","guid":{"rendered":"https:\/\/maetinganoticias.com\/?p=11580"},"modified":"2026-03-09T18:16:59","modified_gmt":"2026-03-09T21:16:59","slug":"vice-prefeito-arnaldo-acompanha-recuperacao-emergencial-de-estradas-na-regiao-do-barbosa-em-caraibas","status":"publish","type":"post","link":"https:\/\/maetinganoticias.com\/index.php\/2026\/03\/09\/vice-prefeito-arnaldo-acompanha-recuperacao-emergencial-de-estradas-na-regiao-do-barbosa-em-caraibas\/","title":{"rendered":"Vice-prefeito Arnaldo acompanha recupera\u00e7\u00e3o emergencial de estradas na regi\u00e3o do Barbosa, em Cara\u00edbas"},"content":{"rendered":"\n<p>A Prefeitura de Cara\u00edbas segue realizando a\u00e7\u00f5es para amenizar os impactos causados pelas chuvas nas estradas da zona rural. Na regi\u00e3o do Barbosa, o<strong> vice-prefeito Arnaldo<\/strong> esteve acompanhando de perto os trabalhos paliativos de recupera\u00e7\u00e3o das vias.<\/p>\n\n\n\n<p>A visita contou tamb\u00e9m com a presen\u00e7a do secret\u00e1rio municipal de Transporte, Mateus, que supervisionou as interven\u00e7\u00f5es executadas pelas equipes da prefeitura. As a\u00e7\u00f5es t\u00eam como objetivo melhorar as condi\u00e7\u00f5es de tr\u00e1fego na localidade, que foi bastante afetada pelos danos provocados pelas recentes chuvas.<\/p>\n\n\n\n<p>Com o uso de m\u00e1quinas e equipes de campo, o servi\u00e7o busca garantir mais seguran\u00e7a e mobilidade para moradores, produtores rurais e todos que dependem diariamente das estradas da regi\u00e3o.<\/p>\n\n\n\n<p>Os trabalhos fazem parte de uma s\u00e9rie de medidas adotadas pela gest\u00e3o do <strong>prefeito Renatinho<\/strong>, que tem intensificado as a\u00e7\u00f5es de manuten\u00e7\u00e3o e recupera\u00e7\u00e3o das estradas vicinais do munic\u00edpio.<\/p>\n\n\n\n<p>Segundo a administra\u00e7\u00e3o municipal, o acompanhamento das demandas da popula\u00e7\u00e3o continua sendo prioridade, e novas frentes de trabalho devem ser realizadas em outras comunidades que tamb\u00e9m sofreram com os efeitos das chuvas.<\/p>\n\n\n\n<figure class=\"wp-block-gallery has-nested-images columns-default is-cropped wp-block-gallery-1 is-layout-flex wp-block-gallery-is-layout-flex\">\n<figure class=\"wp-block-image size-large\"><img loading=\"lazy\" decoding=\"async\" width=\"828\" height=\"903\" data-id=\"11584\" src=\"https:\/\/maetinganoticias.com\/wp-content\/uploads\/2026\/03\/WhatsApp-Image-2026-03-09-at-18.14.56.jpeg\" alt=\"\" class=\"wp-image-11584\" srcset=\"https:\/\/maetinganoticias.com\/wp-content\/uploads\/2026\/03\/WhatsApp-Image-2026-03-09-at-18.14.56.jpeg 828w, https:\/\/maetinganoticias.com\/wp-content\/uploads\/2026\/03\/WhatsApp-Image-2026-03-09-at-18.14.56-275x300.jpeg 275w, https:\/\/maetinganoticias.com\/wp-content\/uploads\/2026\/03\/WhatsApp-Image-2026-03-09-at-18.14.56-768x838.jpeg 768w, https:\/\/maetinganoticias.com\/wp-content\/uploads\/2026\/03\/WhatsApp-Image-2026-03-09-at-18.14.56-385x420.jpeg 385w, https:\/\/maetinganoticias.com\/wp-content\/uploads\/2026\/03\/WhatsApp-Image-2026-03-09-at-18.14.56-150x164.jpeg 150w, https:\/\/maetinganoticias.com\/wp-content\/uploads\/2026\/03\/WhatsApp-Image-2026-03-09-at-18.14.56-300x327.jpeg 300w, https:\/\/maetinganoticias.com\/wp-content\/uploads\/2026\/03\/WhatsApp-Image-2026-03-09-at-18.14.56-696x759.jpeg 696w\" sizes=\"auto, (max-width: 828px) 100vw, 828px\" \/><\/figure>\n\n\n\n<figure class=\"wp-block-image size-large\"><img loading=\"lazy\" decoding=\"async\" width=\"828\" height=\"1023\" data-id=\"11581\" src=\"https:\/\/maetinganoticias.com\/wp-content\/uploads\/2026\/03\/WhatsApp-Image-2026-03-09-at-18.14.55-1.jpeg\" alt=\"\" class=\"wp-image-11581\" srcset=\"https:\/\/maetinganoticias.com\/wp-content\/uploads\/2026\/03\/WhatsApp-Image-2026-03-09-at-18.14.55-1.jpeg 828w, https:\/\/maetinganoticias.com\/wp-content\/uploads\/2026\/03\/WhatsApp-Image-2026-03-09-at-18.14.55-1-243x300.jpeg 243w, https:\/\/maetinganoticias.com\/wp-content\/uploads\/2026\/03\/WhatsApp-Image-2026-03-09-at-18.14.55-1-768x949.jpeg 768w, https:\/\/maetinganoticias.com\/wp-content\/uploads\/2026\/03\/WhatsApp-Image-2026-03-09-at-18.14.55-1-340x420.jpeg 340w, https:\/\/maetinganoticias.com\/wp-content\/uploads\/2026\/03\/WhatsApp-Image-2026-03-09-at-18.14.55-1-150x185.jpeg 150w, https:\/\/maetinganoticias.com\/wp-content\/uploads\/2026\/03\/WhatsApp-Image-2026-03-09-at-18.14.55-1-300x371.jpeg 300w, https:\/\/maetinganoticias.com\/wp-content\/uploads\/2026\/03\/WhatsApp-Image-2026-03-09-at-18.14.55-1-324x400.jpeg 324w, https:\/\/maetinganoticias.com\/wp-content\/uploads\/2026\/03\/WhatsApp-Image-2026-03-09-at-18.14.55-1-696x860.jpeg 696w\" sizes=\"auto, (max-width: 828px) 100vw, 828px\" \/><\/figure>\n\n\n\n<figure class=\"wp-block-image size-large\"><img loading=\"lazy\" decoding=\"async\" width=\"746\" height=\"1024\" data-id=\"11583\" src=\"https:\/\/maetinganoticias.com\/wp-content\/uploads\/2026\/03\/WhatsApp-Image-2026-03-09-at-18.14.56-1-746x1024.jpeg\" alt=\"\" class=\"wp-image-11583\" srcset=\"https:\/\/maetinganoticias.com\/wp-content\/uploads\/2026\/03\/WhatsApp-Image-2026-03-09-at-18.14.56-1-746x1024.jpeg 746w, https:\/\/maetinganoticias.com\/wp-content\/uploads\/2026\/03\/WhatsApp-Image-2026-03-09-at-18.14.56-1-219x300.jpeg 219w, https:\/\/maetinganoticias.com\/wp-content\/uploads\/2026\/03\/WhatsApp-Image-2026-03-09-at-18.14.56-1-768x1054.jpeg 768w, https:\/\/maetinganoticias.com\/wp-content\/uploads\/2026\/03\/WhatsApp-Image-2026-03-09-at-18.14.56-1-306x420.jpeg 306w, https:\/\/maetinganoticias.com\/wp-content\/uploads\/2026\/03\/WhatsApp-Image-2026-03-09-at-18.14.56-1-150x206.jpeg 150w, https:\/\/maetinganoticias.com\/wp-content\/uploads\/2026\/03\/WhatsApp-Image-2026-03-09-at-18.14.56-1-300x412.jpeg 300w, https:\/\/maetinganoticias.com\/wp-content\/uploads\/2026\/03\/WhatsApp-Image-2026-03-09-at-18.14.56-1-696x955.jpeg 696w, https:\/\/maetinganoticias.com\/wp-content\/uploads\/2026\/03\/WhatsApp-Image-2026-03-09-at-18.14.56-1.jpeg 828w\" sizes=\"auto, (max-width: 746px) 100vw, 746px\" \/><\/figure>\n<\/figure>\n","protected":false},"excerpt":{"rendered":"<p>A Prefeitura de Cara\u00edbas segue realizando a\u00e7\u00f5es para amenizar os impactos causados pelas chuvas nas estradas da zona rural. Na regi\u00e3o do Barbosa, o vice-prefeito Arnaldo esteve acompanhando de perto os trabalhos paliativos de recupera\u00e7\u00e3o das vias. A visita contou tamb\u00e9m com a presen\u00e7a do secret\u00e1rio municipal de Transporte, Mateus, que supervisionou as interven\u00e7\u00f5es executadas [&hellip;]<\/p>\n","protected":false},"author":1,"featured_media":11582,"comment_status":"open","ping_status":"open","sticky":false,"template":"","format":"standard","meta":{"om_disable_all_campaigns":false,"_monsterinsights_skip_tracking":false,"_monsterinsights_sitenote_active":false,"_monsterinsights_sitenote_note":"","_monsterinsights_sitenote_category":0,"_uf_show_specific_survey":0,"_uf_disable_surveys":false,"footnotes":""},"categories":[189],"tags":[],"class_list":{"0":"post-11580","1":"post","2":"type-post","3":"status-publish","4":"format-standard","5":"has-post-thumbnail","7":"category-caraibas"},"yoast_head":"<!-- This site is optimized with the Yoast SEO plugin v27.4 - https:\/\/yoast.com\/product\/yoast-seo-wordpress\/ -->\n<title>Vice-prefeito Arnaldo acompanha recupera\u00e7\u00e3o emergencial de estradas na regi\u00e3o do Barbosa, em Cara\u00edbas - Maetinga Not\u00edcias<\/title>\n<meta name=\"robots\" content=\"index, follow, max-snippet:-1, max-image-preview:large, max-video-preview:-1\" \/>\n<link rel=\"canonical\" href=\"https:\/\/maetinganoticias.com\/index.php\/2026\/03\/09\/vice-prefeito-arnaldo-acompanha-recuperacao-emergencial-de-estradas-na-regiao-do-barbosa-em-caraibas\/\" \/>\n<meta property=\"og:locale\" content=\"pt_BR\" \/>\n<meta property=\"og:type\" content=\"article\" \/>\n<meta property=\"og:title\" content=\"Vice-prefeito Arnaldo acompanha recupera\u00e7\u00e3o emergencial de estradas na regi\u00e3o do Barbosa, em Cara\u00edbas - Maetinga Not\u00edcias\" \/>\n<meta property=\"og:description\" content=\"A Prefeitura de Cara\u00edbas segue realizando a\u00e7\u00f5es para amenizar os impactos causados pelas chuvas nas estradas da zona rural. Na regi\u00e3o do Barbosa, o vice-prefeito Arnaldo esteve acompanhando de perto os trabalhos paliativos de recupera\u00e7\u00e3o das vias. A visita contou tamb\u00e9m com a presen\u00e7a do secret\u00e1rio municipal de Transporte, Mateus, que supervisionou as interven\u00e7\u00f5es executadas [&hellip;]\" \/>\n<meta property=\"og:url\" content=\"https:\/\/maetinganoticias.com\/index.php\/2026\/03\/09\/vice-prefeito-arnaldo-acompanha-recuperacao-emergencial-de-estradas-na-regiao-do-barbosa-em-caraibas\/\" \/>\n<meta property=\"og:site_name\" content=\"Maetinga Not\u00edcias\" \/>\n<meta property=\"article:published_time\" content=\"2026-03-09T21:16:57+00:00\" \/>\n<meta property=\"article:modified_time\" content=\"2026-03-09T21:16:59+00:00\" \/>\n<meta property=\"og:image\" content=\"https:\/\/maetinganoticias.com\/wp-content\/uploads\/2026\/03\/WhatsApp-Image-2026-03-09-at-18.14.55.jpeg\" \/>\n\t<meta property=\"og:image:width\" content=\"828\" \/>\n\t<meta property=\"og:image:height\" content=\"939\" \/>\n\t<meta property=\"og:image:type\" content=\"image\/jpeg\" \/>\n<meta name=\"author\" content=\"Maetinga Not\u00edcias\" \/>\n<meta name=\"twitter:card\" content=\"summary_large_image\" \/>\n<meta name=\"twitter:label1\" content=\"Escrito por\" \/>\n\t<meta name=\"twitter:data1\" content=\"Maetinga Not\u00edcias\" \/>\n\t<meta name=\"twitter:label2\" content=\"Est. tempo de leitura\" \/>\n\t<meta name=\"twitter:data2\" content=\"2 minutos\" \/>\n<script type=\"application\/ld+json\" class=\"yoast-schema-graph\">{\"@context\":\"https:\\\/\\\/schema.org\",\"@graph\":[{\"@type\":[\"Article\",\"BlogPosting\"],\"@id\":\"https:\\\/\\\/maetinganoticias.com\\\/index.php\\\/2026\\\/03\\\/09\\\/vice-prefeito-arnaldo-acompanha-recuperacao-emergencial-de-estradas-na-regiao-do-barbosa-em-caraibas\\\/#article\",\"isPartOf\":{\"@id\":\"https:\\\/\\\/maetinganoticias.com\\\/index.php\\\/2026\\\/03\\\/09\\\/vice-prefeito-arnaldo-acompanha-recuperacao-emergencial-de-estradas-na-regiao-do-barbosa-em-caraibas\\\/\"},\"author\":{\"name\":\"Maetinga Not\u00edcias\",\"@id\":\"https:\\\/\\\/maetinganoticias.com\\\/#\\\/schema\\\/person\\\/968cf95e67a6810fc7fb35bbc9016962\"},\"headline\":\"Vice-prefeito Arnaldo acompanha recupera\u00e7\u00e3o emergencial de estradas na regi\u00e3o do Barbosa, em Cara\u00edbas\",\"datePublished\":\"2026-03-09T21:16:57+00:00\",\"dateModified\":\"2026-03-09T21:16:59+00:00\",\"mainEntityOfPage\":{\"@id\":\"https:\\\/\\\/maetinganoticias.com\\\/index.php\\\/2026\\\/03\\\/09\\\/vice-prefeito-arnaldo-acompanha-recuperacao-emergencial-de-estradas-na-regiao-do-barbosa-em-caraibas\\\/\"},\"wordCount\":213,\"commentCount\":0,\"publisher\":{\"@id\":\"https:\\\/\\\/maetinganoticias.com\\\/#organization\"},\"image\":{\"@id\":\"https:\\\/\\\/maetinganoticias.com\\\/index.php\\\/2026\\\/03\\\/09\\\/vice-prefeito-arnaldo-acompanha-recuperacao-emergencial-de-estradas-na-regiao-do-barbosa-em-caraibas\\\/#primaryimage\"},\"thumbnailUrl\":\"https:\\\/\\\/maetinganoticias.com\\\/wp-content\\\/uploads\\\/2026\\\/03\\\/WhatsApp-Image-2026-03-09-at-18.14.55.jpeg\",\"articleSection\":[\"Cara\u00edbas\"],\"inLanguage\":\"pt-BR\",\"potentialAction\":[{\"@type\":\"CommentAction\",\"name\":\"Comment\",\"target\":[\"https:\\\/\\\/maetinganoticias.com\\\/index.php\\\/2026\\\/03\\\/09\\\/vice-prefeito-arnaldo-acompanha-recuperacao-emergencial-de-estradas-na-regiao-do-barbosa-em-caraibas\\\/#respond\"]}]},{\"@type\":\"WebPage\",\"@id\":\"https:\\\/\\\/maetinganoticias.com\\\/index.php\\\/2026\\\/03\\\/09\\\/vice-prefeito-arnaldo-acompanha-recuperacao-emergencial-de-estradas-na-regiao-do-barbosa-em-caraibas\\\/\",\"url\":\"https:\\\/\\\/maetinganoticias.com\\\/index.php\\\/2026\\\/03\\\/09\\\/vice-prefeito-arnaldo-acompanha-recuperacao-emergencial-de-estradas-na-regiao-do-barbosa-em-caraibas\\\/\",\"name\":\"Vice-prefeito Arnaldo acompanha recupera\u00e7\u00e3o emergencial de estradas na regi\u00e3o do Barbosa, em Cara\u00edbas - Maetinga Not\u00edcias\",\"isPartOf\":{\"@id\":\"https:\\\/\\\/maetinganoticias.com\\\/#website\"},\"primaryImageOfPage\":{\"@id\":\"https:\\\/\\\/maetinganoticias.com\\\/index.php\\\/2026\\\/03\\\/09\\\/vice-prefeito-arnaldo-acompanha-recuperacao-emergencial-de-estradas-na-regiao-do-barbosa-em-caraibas\\\/#primaryimage\"},\"image\":{\"@id\":\"https:\\\/\\\/maetinganoticias.com\\\/index.php\\\/2026\\\/03\\\/09\\\/vice-prefeito-arnaldo-acompanha-recuperacao-emergencial-de-estradas-na-regiao-do-barbosa-em-caraibas\\\/#primaryimage\"},\"thumbnailUrl\":\"https:\\\/\\\/maetinganoticias.com\\\/wp-content\\\/uploads\\\/2026\\\/03\\\/WhatsApp-Image-2026-03-09-at-18.14.55.jpeg\",\"datePublished\":\"2026-03-09T21:16:57+00:00\",\"dateModified\":\"2026-03-09T21:16:59+00:00\",\"breadcrumb\":{\"@id\":\"https:\\\/\\\/maetinganoticias.com\\\/index.php\\\/2026\\\/03\\\/09\\\/vice-prefeito-arnaldo-acompanha-recuperacao-emergencial-de-estradas-na-regiao-do-barbosa-em-caraibas\\\/#breadcrumb\"},\"inLanguage\":\"pt-BR\",\"potentialAction\":[{\"@type\":\"ReadAction\",\"target\":[\"https:\\\/\\\/maetinganoticias.com\\\/index.php\\\/2026\\\/03\\\/09\\\/vice-prefeito-arnaldo-acompanha-recuperacao-emergencial-de-estradas-na-regiao-do-barbosa-em-caraibas\\\/\"]}]},{\"@type\":\"ImageObject\",\"inLanguage\":\"pt-BR\",\"@id\":\"https:\\\/\\\/maetinganoticias.com\\\/index.php\\\/2026\\\/03\\\/09\\\/vice-prefeito-arnaldo-acompanha-recuperacao-emergencial-de-estradas-na-regiao-do-barbosa-em-caraibas\\\/#primaryimage\",\"url\":\"https:\\\/\\\/maetinganoticias.com\\\/wp-content\\\/uploads\\\/2026\\\/03\\\/WhatsApp-Image-2026-03-09-at-18.14.55.jpeg\",\"contentUrl\":\"https:\\\/\\\/maetinganoticias.com\\\/wp-content\\\/uploads\\\/2026\\\/03\\\/WhatsApp-Image-2026-03-09-at-18.14.55.jpeg\",\"width\":828,\"height\":939},{\"@type\":\"BreadcrumbList\",\"@id\":\"https:\\\/\\\/maetinganoticias.com\\\/index.php\\\/2026\\\/03\\\/09\\\/vice-prefeito-arnaldo-acompanha-recuperacao-emergencial-de-estradas-na-regiao-do-barbosa-em-caraibas\\\/#breadcrumb\",\"itemListElement\":[{\"@type\":\"ListItem\",\"position\":1,\"name\":\"In\u00edcio\",\"item\":\"https:\\\/\\\/maetinganoticias.com\\\/\"},{\"@type\":\"ListItem\",\"position\":2,\"name\":\"Vice-prefeito Arnaldo acompanha recupera\u00e7\u00e3o emergencial de estradas na regi\u00e3o do Barbosa, em Cara\u00edbas\"}]},{\"@type\":\"WebSite\",\"@id\":\"https:\\\/\\\/maetinganoticias.com\\\/#website\",\"url\":\"https:\\\/\\\/maetinganoticias.com\\\/\",\"name\":\"Maetinga Not\u00edcias\",\"description\":\"A Voz do Interior Baiano!\",\"publisher\":{\"@id\":\"https:\\\/\\\/maetinganoticias.com\\\/#organization\"},\"potentialAction\":[{\"@type\":\"SearchAction\",\"target\":{\"@type\":\"EntryPoint\",\"urlTemplate\":\"https:\\\/\\\/maetinganoticias.com\\\/?s={search_term_string}\"},\"query-input\":{\"@type\":\"PropertyValueSpecification\",\"valueRequired\":true,\"valueName\":\"search_term_string\"}}],\"inLanguage\":\"pt-BR\"},{\"@type\":\"Organization\",\"@id\":\"https:\\\/\\\/maetinganoticias.com\\\/#organization\",\"name\":\"Maetinga Not\u00edcias\",\"url\":\"https:\\\/\\\/maetinganoticias.com\\\/\",\"logo\":{\"@type\":\"ImageObject\",\"inLanguage\":\"pt-BR\",\"@id\":\"https:\\\/\\\/maetinganoticias.com\\\/#\\\/schema\\\/logo\\\/image\\\/\",\"url\":\"https:\\\/\\\/maetinganoticias.com\\\/wp-content\\\/uploads\\\/2023\\\/07\\\/cropped-cropped-cropped-cropped-BUSINESS-3-42-1.png\",\"contentUrl\":\"https:\\\/\\\/maetinganoticias.com\\\/wp-content\\\/uploads\\\/2023\\\/07\\\/cropped-cropped-cropped-cropped-BUSINESS-3-42-1.png\",\"width\":485,\"height\":109,\"caption\":\"Maetinga Not\u00edcias\"},\"image\":{\"@id\":\"https:\\\/\\\/maetinganoticias.com\\\/#\\\/schema\\\/logo\\\/image\\\/\"}},{\"@type\":\"Person\",\"@id\":\"https:\\\/\\\/maetinganoticias.com\\\/#\\\/schema\\\/person\\\/968cf95e67a6810fc7fb35bbc9016962\",\"name\":\"Maetinga Not\u00edcias\",\"image\":{\"@type\":\"ImageObject\",\"inLanguage\":\"pt-BR\",\"@id\":\"https:\\\/\\\/secure.gravatar.com\\\/avatar\\\/32e078313a5ca37a6c8d44e716ed4f9e87ecfde7222d2b88a1424bd49654f187?s=96&d=mm&r=g\",\"url\":\"https:\\\/\\\/secure.gravatar.com\\\/avatar\\\/32e078313a5ca37a6c8d44e716ed4f9e87ecfde7222d2b88a1424bd49654f187?s=96&d=mm&r=g\",\"contentUrl\":\"https:\\\/\\\/secure.gravatar.com\\\/avatar\\\/32e078313a5ca37a6c8d44e716ed4f9e87ecfde7222d2b88a1424bd49654f187?s=96&d=mm&r=g\",\"caption\":\"Maetinga Not\u00edcias\"},\"description\":\"A voz do Interior Baiano!\",\"sameAs\":[\"https:\\\/\\\/maetinganoticias.com\",\"https:\\\/\\\/www.instagram.com\\\/blogmaetinganoticias\\\/\"],\"url\":\"https:\\\/\\\/maetinganoticias.com\\\/index.php\\\/author\\\/carlosvianna13\\\/\"}]}<\/script>\n<!-- \/ Yoast SEO plugin. -->","yoast_head_json":{"title":"Vice-prefeito Arnaldo acompanha recupera\u00e7\u00e3o emergencial de estradas na regi\u00e3o do Barbosa, em Cara\u00edbas - Maetinga Not\u00edcias","robots":{"index":"index","follow":"follow","max-snippet":"max-snippet:-1","max-image-preview":"max-image-preview:large","max-video-preview":"max-video-preview:-1"},"canonical":"https:\/\/maetinganoticias.com\/index.php\/2026\/03\/09\/vice-prefeito-arnaldo-acompanha-recuperacao-emergencial-de-estradas-na-regiao-do-barbosa-em-caraibas\/","og_locale":"pt_BR","og_type":"article","og_title":"Vice-prefeito Arnaldo acompanha recupera\u00e7\u00e3o emergencial de estradas na regi\u00e3o do Barbosa, em Cara\u00edbas - Maetinga Not\u00edcias","og_description":"A Prefeitura de Cara\u00edbas segue realizando a\u00e7\u00f5es para amenizar os impactos causados pelas chuvas nas estradas da zona rural. Na regi\u00e3o do Barbosa, o vice-prefeito Arnaldo esteve acompanhando de perto os trabalhos paliativos de recupera\u00e7\u00e3o das vias. A visita contou tamb\u00e9m com a presen\u00e7a do secret\u00e1rio municipal de Transporte, Mateus, que supervisionou as interven\u00e7\u00f5es executadas [&hellip;]","og_url":"https:\/\/maetinganoticias.com\/index.php\/2026\/03\/09\/vice-prefeito-arnaldo-acompanha-recuperacao-emergencial-de-estradas-na-regiao-do-barbosa-em-caraibas\/","og_site_name":"Maetinga Not\u00edcias","article_published_time":"2026-03-09T21:16:57+00:00","article_modified_time":"2026-03-09T21:16:59+00:00","og_image":[{"width":828,"height":939,"url":"https:\/\/maetinganoticias.com\/wp-content\/uploads\/2026\/03\/WhatsApp-Image-2026-03-09-at-18.14.55.jpeg","type":"image\/jpeg"}],"author":"Maetinga Not\u00edcias","twitter_card":"summary_large_image","twitter_misc":{"Escrito por":"Maetinga Not\u00edcias","Est. tempo de leitura":"2 minutos"},"schema":{"@context":"https:\/\/schema.org","@graph":[{"@type":["Article","BlogPosting"],"@id":"https:\/\/maetinganoticias.com\/index.php\/2026\/03\/09\/vice-prefeito-arnaldo-acompanha-recuperacao-emergencial-de-estradas-na-regiao-do-barbosa-em-caraibas\/#article","isPartOf":{"@id":"https:\/\/maetinganoticias.com\/index.php\/2026\/03\/09\/vice-prefeito-arnaldo-acompanha-recuperacao-emergencial-de-estradas-na-regiao-do-barbosa-em-caraibas\/"},"author":{"name":"Maetinga Not\u00edcias","@id":"https:\/\/maetinganoticias.com\/#\/schema\/person\/968cf95e67a6810fc7fb35bbc9016962"},"headline":"Vice-prefeito Arnaldo acompanha recupera\u00e7\u00e3o emergencial de estradas na regi\u00e3o do Barbosa, em Cara\u00edbas","datePublished":"2026-03-09T21:16:57+00:00","dateModified":"2026-03-09T21:16:59+00:00","mainEntityOfPage":{"@id":"https:\/\/maetinganoticias.com\/index.php\/2026\/03\/09\/vice-prefeito-arnaldo-acompanha-recuperacao-emergencial-de-estradas-na-regiao-do-barbosa-em-caraibas\/"},"wordCount":213,"commentCount":0,"publisher":{"@id":"https:\/\/maetinganoticias.com\/#organization"},"image":{"@id":"https:\/\/maetinganoticias.com\/index.php\/2026\/03\/09\/vice-prefeito-arnaldo-acompanha-recuperacao-emergencial-de-estradas-na-regiao-do-barbosa-em-caraibas\/#primaryimage"},"thumbnailUrl":"https:\/\/maetinganoticias.com\/wp-content\/uploads\/2026\/03\/WhatsApp-Image-2026-03-09-at-18.14.55.jpeg","articleSection":["Cara\u00edbas"],"inLanguage":"pt-BR","potentialAction":[{"@type":"CommentAction","name":"Comment","target":["https:\/\/maetinganoticias.com\/index.php\/2026\/03\/09\/vice-prefeito-arnaldo-acompanha-recuperacao-emergencial-de-estradas-na-regiao-do-barbosa-em-caraibas\/#respond"]}]},{"@type":"WebPage","@id":"https:\/\/maetinganoticias.com\/index.php\/2026\/03\/09\/vice-prefeito-arnaldo-acompanha-recuperacao-emergencial-de-estradas-na-regiao-do-barbosa-em-caraibas\/","url":"https:\/\/maetinganoticias.com\/index.php\/2026\/03\/09\/vice-prefeito-arnaldo-acompanha-recuperacao-emergencial-de-estradas-na-regiao-do-barbosa-em-caraibas\/","name":"Vice-prefeito Arnaldo acompanha recupera\u00e7\u00e3o emergencial de estradas na regi\u00e3o do Barbosa, em Cara\u00edbas - Maetinga Not\u00edcias","isPartOf":{"@id":"https:\/\/maetinganoticias.com\/#website"},"primaryImageOfPage":{"@id":"https:\/\/maetinganoticias.com\/index.php\/2026\/03\/09\/vice-prefeito-arnaldo-acompanha-recuperacao-emergencial-de-estradas-na-regiao-do-barbosa-em-caraibas\/#primaryimage"},"image":{"@id":"https:\/\/maetinganoticias.com\/index.php\/2026\/03\/09\/vice-prefeito-arnaldo-acompanha-recuperacao-emergencial-de-estradas-na-regiao-do-barbosa-em-caraibas\/#primaryimage"},"thumbnailUrl":"https:\/\/maetinganoticias.com\/wp-content\/uploads\/2026\/03\/WhatsApp-Image-2026-03-09-at-18.14.55.jpeg","datePublished":"2026-03-09T21:16:57+00:00","dateModified":"2026-03-09T21:16:59+00:00","breadcrumb":{"@id":"https:\/\/maetinganoticias.com\/index.php\/2026\/03\/09\/vice-prefeito-arnaldo-acompanha-recuperacao-emergencial-de-estradas-na-regiao-do-barbosa-em-caraibas\/#breadcrumb"},"inLanguage":"pt-BR","potentialAction":[{"@type":"ReadAction","target":["https:\/\/maetinganoticias.com\/index.php\/2026\/03\/09\/vice-prefeito-arnaldo-acompanha-recuperacao-emergencial-de-estradas-na-regiao-do-barbosa-em-caraibas\/"]}]},{"@type":"ImageObject","inLanguage":"pt-BR","@id":"https:\/\/maetinganoticias.com\/index.php\/2026\/03\/09\/vice-prefeito-arnaldo-acompanha-recuperacao-emergencial-de-estradas-na-regiao-do-barbosa-em-caraibas\/#primaryimage","url":"https:\/\/maetinganoticias.com\/wp-content\/uploads\/2026\/03\/WhatsApp-Image-2026-03-09-at-18.14.55.jpeg","contentUrl":"https:\/\/maetinganoticias.com\/wp-content\/uploads\/2026\/03\/WhatsApp-Image-2026-03-09-at-18.14.55.jpeg","width":828,"height":939},{"@type":"BreadcrumbList","@id":"https:\/\/maetinganoticias.com\/index.php\/2026\/03\/09\/vice-prefeito-arnaldo-acompanha-recuperacao-emergencial-de-estradas-na-regiao-do-barbosa-em-caraibas\/#breadcrumb","itemListElement":[{"@type":"ListItem","position":1,"name":"In\u00edcio","item":"https:\/\/maetinganoticias.com\/"},{"@type":"ListItem","position":2,"name":"Vice-prefeito Arnaldo acompanha recupera\u00e7\u00e3o emergencial de estradas na regi\u00e3o do Barbosa, em Cara\u00edbas"}]},{"@type":"WebSite","@id":"https:\/\/maetinganoticias.com\/#website","url":"https:\/\/maetinganoticias.com\/","name":"Maetinga Not\u00edcias","description":"A Voz do Interior Baiano!","publisher":{"@id":"https:\/\/maetinganoticias.com\/#organization"},"potentialAction":[{"@type":"SearchAction","target":{"@type":"EntryPoint","urlTemplate":"https:\/\/maetinganoticias.com\/?s={search_term_string}"},"query-input":{"@type":"PropertyValueSpecification","valueRequired":true,"valueName":"search_term_string"}}],"inLanguage":"pt-BR"},{"@type":"Organization","@id":"https:\/\/maetinganoticias.com\/#organization","name":"Maetinga Not\u00edcias","url":"https:\/\/maetinganoticias.com\/","logo":{"@type":"ImageObject","inLanguage":"pt-BR","@id":"https:\/\/maetinganoticias.com\/#\/schema\/logo\/image\/","url":"https:\/\/maetinganoticias.com\/wp-content\/uploads\/2023\/07\/cropped-cropped-cropped-cropped-BUSINESS-3-42-1.png","contentUrl":"https:\/\/maetinganoticias.com\/wp-content\/uploads\/2023\/07\/cropped-cropped-cropped-cropped-BUSINESS-3-42-1.png","width":485,"height":109,"caption":"Maetinga Not\u00edcias"},"image":{"@id":"https:\/\/maetinganoticias.com\/#\/schema\/logo\/image\/"}},{"@type":"Person","@id":"https:\/\/maetinganoticias.com\/#\/schema\/person\/968cf95e67a6810fc7fb35bbc9016962","name":"Maetinga Not\u00edcias","image":{"@type":"ImageObject","inLanguage":"pt-BR","@id":"https:\/\/secure.gravatar.com\/avatar\/32e078313a5ca37a6c8d44e716ed4f9e87ecfde7222d2b88a1424bd49654f187?s=96&d=mm&r=g","url":"https:\/\/secure.gravatar.com\/avatar\/32e078313a5ca37a6c8d44e716ed4f9e87ecfde7222d2b88a1424bd49654f187?s=96&d=mm&r=g","contentUrl":"https:\/\/secure.gravatar.com\/avatar\/32e078313a5ca37a6c8d44e716ed4f9e87ecfde7222d2b88a1424bd49654f187?s=96&d=mm&r=g","caption":"Maetinga Not\u00edcias"},"description":"A voz do Interior Baiano!","sameAs":["https:\/\/maetinganoticias.com","https:\/\/www.instagram.com\/blogmaetinganoticias\/"],"url":"https:\/\/maetinganoticias.com\/index.php\/author\/carlosvianna13\/"}]}},"_links":{"self":[{"href":"https:\/\/maetinganoticias.com\/index.php\/wp-json\/wp\/v2\/posts\/11580","targetHints":{"allow":["GET"]}}],"collection":[{"href":"https:\/\/maetinganoticias.com\/index.php\/wp-json\/wp\/v2\/posts"}],"about":[{"href":"https:\/\/maetinganoticias.com\/index.php\/wp-json\/wp\/v2\/types\/post"}],"author":[{"embeddable":true,"href":"https:\/\/maetinganoticias.com\/index.php\/wp-json\/wp\/v2\/users\/1"}],"replies":[{"embeddable":true,"href":"https:\/\/maetinganoticias.com\/index.php\/wp-json\/wp\/v2\/comments?post=11580"}],"version-history":[{"count":1,"href":"https:\/\/maetinganoticias.com\/index.php\/wp-json\/wp\/v2\/posts\/11580\/revisions"}],"predecessor-version":[{"id":11585,"href":"https:\/\/maetinganoticias.com\/index.php\/wp-json\/wp\/v2\/posts\/11580\/revisions\/11585"}],"wp:featuredmedia":[{"embeddable":true,"href":"https:\/\/maetinganoticias.com\/index.php\/wp-json\/wp\/v2\/media\/11582"}],"wp:attachment":[{"href":"https:\/\/maetinganoticias.com\/index.php\/wp-json\/wp\/v2\/media?parent=11580"}],"wp:term":[{"taxonomy":"category","embeddable":true,"href":"https:\/\/maetinganoticias.com\/index.php\/wp-json\/wp\/v2\/categories?post=11580"},{"taxonomy":"post_tag","embeddable":true,"href":"https:\/\/maetinganoticias.com\/index.php\/wp-json\/wp\/v2\/tags?post=11580"}],"curies":[{"name":"wp","href":"https:\/\/api.w.org\/{rel}","templated":true}]}}