{"id":1148,"date":"2023-08-08T12:08:10","date_gmt":"2023-08-08T15:08:10","guid":{"rendered":"https:\/\/maetinganoticias.com\/?p=1148"},"modified":"2023-08-08T12:08:10","modified_gmt":"2023-08-08T15:08:10","slug":"renda-familiar-cresce-com-avicultura-sustentavel-em-comunidade-rural-de-malhada-de-pedras","status":"publish","type":"post","link":"https:\/\/maetinganoticias.com\/index.php\/2023\/08\/08\/renda-familiar-cresce-com-avicultura-sustentavel-em-comunidade-rural-de-malhada-de-pedras\/","title":{"rendered":"Renda Familiar cresce com avicultura sustent\u00e1vel em comunidade rural de Malhada de Pedras"},"content":{"rendered":"\n<p>Na comunidade Lagoa das Cacimbas, em Malhada de Pedras, a economia est\u00e1 ganhando um novo ritmo e os moradores t\u00eam os galinheiros como protagonistas desta transforma\u00e7\u00e3o.<\/p>\n\n\n\n<p>Gra\u00e7as ao projeto da Companhia de Desenvolvimento e A\u00e7\u00e3o Regional (CAR), Bahia Produtiva, que implantou 20 galinheiros na regi\u00e3o, a comunidade est\u00e1 experimentando um crescimento econ\u00f4mico que est\u00e1 aquecendo os lares e os bolsos dos moradores.<\/p>\n\n\n\n<p>A agricultora Ivaneide Ata\u00edde Lisboa est\u00e1 entusiasmada com a mudan\u00e7a. &#8220;Antigamente a gente criava as galinhas sem estrutura e n\u00e3o tinha um espa\u00e7o para aumentar a produ\u00e7\u00e3o. Com esse investimento, agora tenho galinha e ovos pra vender&#8221;. Ivaneide destaca os benef\u00edcios da a\u00e7\u00e3o. &#8220;Fa\u00e7o entrega toda semana para Vit\u00f3ria da Conquista, Brumado e na feira livre de Malhada de Pedras. S\u00e3o cerca de sete d\u00fazias por semana. Agora a produ\u00e7\u00e3o de aves traz uma renda para a fam\u00edlia e tamb\u00e9m \u00e9 usada no consumo.<\/p>\n\n\n\n<p>Abaste\u00e7o a minha casa e a dos meus filhos\u201d. Para alcan\u00e7ar esse sucesso, a comunidade contou com o servi\u00e7o de assist\u00eancia t\u00e9cnica e extens\u00e3o rural (Ater) prestado por meio da Cooperativa de Trabalho, Assessoria T\u00e9cnica e Educacional para o Desenvolvimento da Agricultura Familiar (Cootraf), que fortaleceu ainda mais o v\u00ednculo entre os agricultores locais, com boas pr\u00e1ticas de manejo.<\/p>\n\n\n\n<p>Por: Achei Sudoeste<\/p>\n","protected":false},"excerpt":{"rendered":"<p>Na comunidade Lagoa das Cacimbas, em Malhada de Pedras, a economia est\u00e1 ganhando um novo ritmo e os moradores t\u00eam os galinheiros como protagonistas desta transforma\u00e7\u00e3o. Gra\u00e7as ao projeto da Companhia de Desenvolvimento e A\u00e7\u00e3o Regional (CAR), Bahia Produtiva, que implantou 20 galinheiros na regi\u00e3o, a comunidade est\u00e1 experimentando um crescimento econ\u00f4mico que est\u00e1 aquecendo [&hellip;]<\/p>\n","protected":false},"author":1,"featured_media":1149,"comment_status":"open","ping_status":"open","sticky":false,"template":"","format":"standard","meta":{"om_disable_all_campaigns":false,"_monsterinsights_skip_tracking":false,"_monsterinsights_sitenote_active":false,"_monsterinsights_sitenote_note":"","_monsterinsights_sitenote_category":0,"_uf_show_specific_survey":0,"_uf_disable_surveys":false,"footnotes":""},"categories":[45,1],"tags":[129,130],"class_list":{"0":"post-1148","1":"post","2":"type-post","3":"status-publish","4":"format-standard","5":"has-post-thumbnail","7":"category-malhada-de-pedras","8":"category-blog","9":"tag-malhada-de-pedras","10":"tag-sudoeste-baiano"},"yoast_head":"<!-- This site is optimized with the Yoast SEO plugin v27.4 - https:\/\/yoast.com\/product\/yoast-seo-wordpress\/ -->\n<title>Renda Familiar cresce com avicultura sustent\u00e1vel em comunidade rural de Malhada de Pedras - Maetinga Not\u00edcias<\/title>\n<meta name=\"robots\" content=\"index, follow, max-snippet:-1, max-image-preview:large, max-video-preview:-1\" \/>\n<link rel=\"canonical\" href=\"https:\/\/maetinganoticias.com\/index.php\/2023\/08\/08\/renda-familiar-cresce-com-avicultura-sustentavel-em-comunidade-rural-de-malhada-de-pedras\/\" \/>\n<meta property=\"og:locale\" content=\"pt_BR\" \/>\n<meta property=\"og:type\" content=\"article\" \/>\n<meta property=\"og:title\" content=\"Renda Familiar cresce com avicultura sustent\u00e1vel em comunidade rural de Malhada de Pedras - Maetinga Not\u00edcias\" \/>\n<meta property=\"og:description\" content=\"Na comunidade Lagoa das Cacimbas, em Malhada de Pedras, a economia est\u00e1 ganhando um novo ritmo e os moradores t\u00eam os galinheiros como protagonistas desta transforma\u00e7\u00e3o. Gra\u00e7as ao projeto da Companhia de Desenvolvimento e A\u00e7\u00e3o Regional (CAR), Bahia Produtiva, que implantou 20 galinheiros na regi\u00e3o, a comunidade est\u00e1 experimentando um crescimento econ\u00f4mico que est\u00e1 aquecendo [&hellip;]\" \/>\n<meta property=\"og:url\" content=\"https:\/\/maetinganoticias.com\/index.php\/2023\/08\/08\/renda-familiar-cresce-com-avicultura-sustentavel-em-comunidade-rural-de-malhada-de-pedras\/\" \/>\n<meta property=\"og:site_name\" content=\"Maetinga Not\u00edcias\" \/>\n<meta property=\"article:published_time\" content=\"2023-08-08T15:08:10+00:00\" \/>\n<meta property=\"og:image\" content=\"https:\/\/maetinganoticias.com\/wp-content\/uploads\/2023\/08\/BUSINESS-3-62-1024x1024.png\" \/>\n\t<meta property=\"og:image:width\" content=\"1024\" \/>\n\t<meta property=\"og:image:height\" content=\"1024\" \/>\n\t<meta property=\"og:image:type\" content=\"image\/png\" \/>\n<meta name=\"author\" content=\"Maetinga Not\u00edcias\" \/>\n<meta name=\"twitter:card\" content=\"summary_large_image\" \/>\n<meta name=\"twitter:label1\" content=\"Escrito por\" \/>\n\t<meta name=\"twitter:data1\" content=\"Maetinga Not\u00edcias\" \/>\n\t<meta name=\"twitter:label2\" content=\"Est. tempo de leitura\" \/>\n\t<meta name=\"twitter:data2\" content=\"1 minuto\" \/>\n<script type=\"application\/ld+json\" class=\"yoast-schema-graph\">{\"@context\":\"https:\\\/\\\/schema.org\",\"@graph\":[{\"@type\":[\"Article\",\"BlogPosting\"],\"@id\":\"https:\\\/\\\/maetinganoticias.com\\\/index.php\\\/2023\\\/08\\\/08\\\/renda-familiar-cresce-com-avicultura-sustentavel-em-comunidade-rural-de-malhada-de-pedras\\\/#article\",\"isPartOf\":{\"@id\":\"https:\\\/\\\/maetinganoticias.com\\\/index.php\\\/2023\\\/08\\\/08\\\/renda-familiar-cresce-com-avicultura-sustentavel-em-comunidade-rural-de-malhada-de-pedras\\\/\"},\"author\":{\"name\":\"Maetinga Not\u00edcias\",\"@id\":\"https:\\\/\\\/maetinganoticias.com\\\/#\\\/schema\\\/person\\\/968cf95e67a6810fc7fb35bbc9016962\"},\"headline\":\"Renda Familiar cresce com avicultura sustent\u00e1vel em comunidade rural de Malhada de Pedras\",\"datePublished\":\"2023-08-08T15:08:10+00:00\",\"mainEntityOfPage\":{\"@id\":\"https:\\\/\\\/maetinganoticias.com\\\/index.php\\\/2023\\\/08\\\/08\\\/renda-familiar-cresce-com-avicultura-sustentavel-em-comunidade-rural-de-malhada-de-pedras\\\/\"},\"wordCount\":249,\"commentCount\":0,\"publisher\":{\"@id\":\"https:\\\/\\\/maetinganoticias.com\\\/#organization\"},\"image\":{\"@id\":\"https:\\\/\\\/maetinganoticias.com\\\/index.php\\\/2023\\\/08\\\/08\\\/renda-familiar-cresce-com-avicultura-sustentavel-em-comunidade-rural-de-malhada-de-pedras\\\/#primaryimage\"},\"thumbnailUrl\":\"https:\\\/\\\/maetinganoticias.com\\\/wp-content\\\/uploads\\\/2023\\\/08\\\/BUSINESS-3-62.png\",\"keywords\":[\"Malhada de Pedras\",\"Sudoeste Baiano\"],\"articleSection\":[\"Malhada de Pedras\",\"Regi\u00e3o\"],\"inLanguage\":\"pt-BR\",\"potentialAction\":[{\"@type\":\"CommentAction\",\"name\":\"Comment\",\"target\":[\"https:\\\/\\\/maetinganoticias.com\\\/index.php\\\/2023\\\/08\\\/08\\\/renda-familiar-cresce-com-avicultura-sustentavel-em-comunidade-rural-de-malhada-de-pedras\\\/#respond\"]}]},{\"@type\":\"WebPage\",\"@id\":\"https:\\\/\\\/maetinganoticias.com\\\/index.php\\\/2023\\\/08\\\/08\\\/renda-familiar-cresce-com-avicultura-sustentavel-em-comunidade-rural-de-malhada-de-pedras\\\/\",\"url\":\"https:\\\/\\\/maetinganoticias.com\\\/index.php\\\/2023\\\/08\\\/08\\\/renda-familiar-cresce-com-avicultura-sustentavel-em-comunidade-rural-de-malhada-de-pedras\\\/\",\"name\":\"Renda Familiar cresce com avicultura sustent\u00e1vel em comunidade rural de Malhada de Pedras - Maetinga Not\u00edcias\",\"isPartOf\":{\"@id\":\"https:\\\/\\\/maetinganoticias.com\\\/#website\"},\"primaryImageOfPage\":{\"@id\":\"https:\\\/\\\/maetinganoticias.com\\\/index.php\\\/2023\\\/08\\\/08\\\/renda-familiar-cresce-com-avicultura-sustentavel-em-comunidade-rural-de-malhada-de-pedras\\\/#primaryimage\"},\"image\":{\"@id\":\"https:\\\/\\\/maetinganoticias.com\\\/index.php\\\/2023\\\/08\\\/08\\\/renda-familiar-cresce-com-avicultura-sustentavel-em-comunidade-rural-de-malhada-de-pedras\\\/#primaryimage\"},\"thumbnailUrl\":\"https:\\\/\\\/maetinganoticias.com\\\/wp-content\\\/uploads\\\/2023\\\/08\\\/BUSINESS-3-62.png\",\"datePublished\":\"2023-08-08T15:08:10+00:00\",\"breadcrumb\":{\"@id\":\"https:\\\/\\\/maetinganoticias.com\\\/index.php\\\/2023\\\/08\\\/08\\\/renda-familiar-cresce-com-avicultura-sustentavel-em-comunidade-rural-de-malhada-de-pedras\\\/#breadcrumb\"},\"inLanguage\":\"pt-BR\",\"potentialAction\":[{\"@type\":\"ReadAction\",\"target\":[\"https:\\\/\\\/maetinganoticias.com\\\/index.php\\\/2023\\\/08\\\/08\\\/renda-familiar-cresce-com-avicultura-sustentavel-em-comunidade-rural-de-malhada-de-pedras\\\/\"]}]},{\"@type\":\"ImageObject\",\"inLanguage\":\"pt-BR\",\"@id\":\"https:\\\/\\\/maetinganoticias.com\\\/index.php\\\/2023\\\/08\\\/08\\\/renda-familiar-cresce-com-avicultura-sustentavel-em-comunidade-rural-de-malhada-de-pedras\\\/#primaryimage\",\"url\":\"https:\\\/\\\/maetinganoticias.com\\\/wp-content\\\/uploads\\\/2023\\\/08\\\/BUSINESS-3-62.png\",\"contentUrl\":\"https:\\\/\\\/maetinganoticias.com\\\/wp-content\\\/uploads\\\/2023\\\/08\\\/BUSINESS-3-62.png\",\"width\":3375,\"height\":3375},{\"@type\":\"BreadcrumbList\",\"@id\":\"https:\\\/\\\/maetinganoticias.com\\\/index.php\\\/2023\\\/08\\\/08\\\/renda-familiar-cresce-com-avicultura-sustentavel-em-comunidade-rural-de-malhada-de-pedras\\\/#breadcrumb\",\"itemListElement\":[{\"@type\":\"ListItem\",\"position\":1,\"name\":\"In\u00edcio\",\"item\":\"https:\\\/\\\/maetinganoticias.com\\\/\"},{\"@type\":\"ListItem\",\"position\":2,\"name\":\"Renda Familiar cresce com avicultura sustent\u00e1vel em comunidade rural de Malhada de Pedras\"}]},{\"@type\":\"WebSite\",\"@id\":\"https:\\\/\\\/maetinganoticias.com\\\/#website\",\"url\":\"https:\\\/\\\/maetinganoticias.com\\\/\",\"name\":\"Maetinga Not\u00edcias\",\"description\":\"A Voz do Interior Baiano!\",\"publisher\":{\"@id\":\"https:\\\/\\\/maetinganoticias.com\\\/#organization\"},\"potentialAction\":[{\"@type\":\"SearchAction\",\"target\":{\"@type\":\"EntryPoint\",\"urlTemplate\":\"https:\\\/\\\/maetinganoticias.com\\\/?s={search_term_string}\"},\"query-input\":{\"@type\":\"PropertyValueSpecification\",\"valueRequired\":true,\"valueName\":\"search_term_string\"}}],\"inLanguage\":\"pt-BR\"},{\"@type\":\"Organization\",\"@id\":\"https:\\\/\\\/maetinganoticias.com\\\/#organization\",\"name\":\"Maetinga Not\u00edcias\",\"url\":\"https:\\\/\\\/maetinganoticias.com\\\/\",\"logo\":{\"@type\":\"ImageObject\",\"inLanguage\":\"pt-BR\",\"@id\":\"https:\\\/\\\/maetinganoticias.com\\\/#\\\/schema\\\/logo\\\/image\\\/\",\"url\":\"https:\\\/\\\/maetinganoticias.com\\\/wp-content\\\/uploads\\\/2023\\\/07\\\/cropped-cropped-cropped-cropped-BUSINESS-3-42-1.png\",\"contentUrl\":\"https:\\\/\\\/maetinganoticias.com\\\/wp-content\\\/uploads\\\/2023\\\/07\\\/cropped-cropped-cropped-cropped-BUSINESS-3-42-1.png\",\"width\":485,\"height\":109,\"caption\":\"Maetinga Not\u00edcias\"},\"image\":{\"@id\":\"https:\\\/\\\/maetinganoticias.com\\\/#\\\/schema\\\/logo\\\/image\\\/\"}},{\"@type\":\"Person\",\"@id\":\"https:\\\/\\\/maetinganoticias.com\\\/#\\\/schema\\\/person\\\/968cf95e67a6810fc7fb35bbc9016962\",\"name\":\"Maetinga Not\u00edcias\",\"image\":{\"@type\":\"ImageObject\",\"inLanguage\":\"pt-BR\",\"@id\":\"https:\\\/\\\/secure.gravatar.com\\\/avatar\\\/32e078313a5ca37a6c8d44e716ed4f9e87ecfde7222d2b88a1424bd49654f187?s=96&d=mm&r=g\",\"url\":\"https:\\\/\\\/secure.gravatar.com\\\/avatar\\\/32e078313a5ca37a6c8d44e716ed4f9e87ecfde7222d2b88a1424bd49654f187?s=96&d=mm&r=g\",\"contentUrl\":\"https:\\\/\\\/secure.gravatar.com\\\/avatar\\\/32e078313a5ca37a6c8d44e716ed4f9e87ecfde7222d2b88a1424bd49654f187?s=96&d=mm&r=g\",\"caption\":\"Maetinga Not\u00edcias\"},\"description\":\"A voz do Interior Baiano!\",\"sameAs\":[\"https:\\\/\\\/maetinganoticias.com\",\"https:\\\/\\\/www.instagram.com\\\/blogmaetinganoticias\\\/\"],\"url\":\"https:\\\/\\\/maetinganoticias.com\\\/index.php\\\/author\\\/carlosvianna13\\\/\"}]}<\/script>\n<!-- \/ Yoast SEO plugin. -->","yoast_head_json":{"title":"Renda Familiar cresce com avicultura sustent\u00e1vel em comunidade rural de Malhada de Pedras - Maetinga Not\u00edcias","robots":{"index":"index","follow":"follow","max-snippet":"max-snippet:-1","max-image-preview":"max-image-preview:large","max-video-preview":"max-video-preview:-1"},"canonical":"https:\/\/maetinganoticias.com\/index.php\/2023\/08\/08\/renda-familiar-cresce-com-avicultura-sustentavel-em-comunidade-rural-de-malhada-de-pedras\/","og_locale":"pt_BR","og_type":"article","og_title":"Renda Familiar cresce com avicultura sustent\u00e1vel em comunidade rural de Malhada de Pedras - Maetinga Not\u00edcias","og_description":"Na comunidade Lagoa das Cacimbas, em Malhada de Pedras, a economia est\u00e1 ganhando um novo ritmo e os moradores t\u00eam os galinheiros como protagonistas desta transforma\u00e7\u00e3o. Gra\u00e7as ao projeto da Companhia de Desenvolvimento e A\u00e7\u00e3o Regional (CAR), Bahia Produtiva, que implantou 20 galinheiros na regi\u00e3o, a comunidade est\u00e1 experimentando um crescimento econ\u00f4mico que est\u00e1 aquecendo [&hellip;]","og_url":"https:\/\/maetinganoticias.com\/index.php\/2023\/08\/08\/renda-familiar-cresce-com-avicultura-sustentavel-em-comunidade-rural-de-malhada-de-pedras\/","og_site_name":"Maetinga Not\u00edcias","article_published_time":"2023-08-08T15:08:10+00:00","og_image":[{"width":1024,"height":1024,"url":"https:\/\/maetinganoticias.com\/wp-content\/uploads\/2023\/08\/BUSINESS-3-62-1024x1024.png","type":"image\/png"}],"author":"Maetinga Not\u00edcias","twitter_card":"summary_large_image","twitter_misc":{"Escrito por":"Maetinga Not\u00edcias","Est. tempo de leitura":"1 minuto"},"schema":{"@context":"https:\/\/schema.org","@graph":[{"@type":["Article","BlogPosting"],"@id":"https:\/\/maetinganoticias.com\/index.php\/2023\/08\/08\/renda-familiar-cresce-com-avicultura-sustentavel-em-comunidade-rural-de-malhada-de-pedras\/#article","isPartOf":{"@id":"https:\/\/maetinganoticias.com\/index.php\/2023\/08\/08\/renda-familiar-cresce-com-avicultura-sustentavel-em-comunidade-rural-de-malhada-de-pedras\/"},"author":{"name":"Maetinga Not\u00edcias","@id":"https:\/\/maetinganoticias.com\/#\/schema\/person\/968cf95e67a6810fc7fb35bbc9016962"},"headline":"Renda Familiar cresce com avicultura sustent\u00e1vel em comunidade rural de Malhada de Pedras","datePublished":"2023-08-08T15:08:10+00:00","mainEntityOfPage":{"@id":"https:\/\/maetinganoticias.com\/index.php\/2023\/08\/08\/renda-familiar-cresce-com-avicultura-sustentavel-em-comunidade-rural-de-malhada-de-pedras\/"},"wordCount":249,"commentCount":0,"publisher":{"@id":"https:\/\/maetinganoticias.com\/#organization"},"image":{"@id":"https:\/\/maetinganoticias.com\/index.php\/2023\/08\/08\/renda-familiar-cresce-com-avicultura-sustentavel-em-comunidade-rural-de-malhada-de-pedras\/#primaryimage"},"thumbnailUrl":"https:\/\/maetinganoticias.com\/wp-content\/uploads\/2023\/08\/BUSINESS-3-62.png","keywords":["Malhada de Pedras","Sudoeste Baiano"],"articleSection":["Malhada de Pedras","Regi\u00e3o"],"inLanguage":"pt-BR","potentialAction":[{"@type":"CommentAction","name":"Comment","target":["https:\/\/maetinganoticias.com\/index.php\/2023\/08\/08\/renda-familiar-cresce-com-avicultura-sustentavel-em-comunidade-rural-de-malhada-de-pedras\/#respond"]}]},{"@type":"WebPage","@id":"https:\/\/maetinganoticias.com\/index.php\/2023\/08\/08\/renda-familiar-cresce-com-avicultura-sustentavel-em-comunidade-rural-de-malhada-de-pedras\/","url":"https:\/\/maetinganoticias.com\/index.php\/2023\/08\/08\/renda-familiar-cresce-com-avicultura-sustentavel-em-comunidade-rural-de-malhada-de-pedras\/","name":"Renda Familiar cresce com avicultura sustent\u00e1vel em comunidade rural de Malhada de Pedras - Maetinga Not\u00edcias","isPartOf":{"@id":"https:\/\/maetinganoticias.com\/#website"},"primaryImageOfPage":{"@id":"https:\/\/maetinganoticias.com\/index.php\/2023\/08\/08\/renda-familiar-cresce-com-avicultura-sustentavel-em-comunidade-rural-de-malhada-de-pedras\/#primaryimage"},"image":{"@id":"https:\/\/maetinganoticias.com\/index.php\/2023\/08\/08\/renda-familiar-cresce-com-avicultura-sustentavel-em-comunidade-rural-de-malhada-de-pedras\/#primaryimage"},"thumbnailUrl":"https:\/\/maetinganoticias.com\/wp-content\/uploads\/2023\/08\/BUSINESS-3-62.png","datePublished":"2023-08-08T15:08:10+00:00","breadcrumb":{"@id":"https:\/\/maetinganoticias.com\/index.php\/2023\/08\/08\/renda-familiar-cresce-com-avicultura-sustentavel-em-comunidade-rural-de-malhada-de-pedras\/#breadcrumb"},"inLanguage":"pt-BR","potentialAction":[{"@type":"ReadAction","target":["https:\/\/maetinganoticias.com\/index.php\/2023\/08\/08\/renda-familiar-cresce-com-avicultura-sustentavel-em-comunidade-rural-de-malhada-de-pedras\/"]}]},{"@type":"ImageObject","inLanguage":"pt-BR","@id":"https:\/\/maetinganoticias.com\/index.php\/2023\/08\/08\/renda-familiar-cresce-com-avicultura-sustentavel-em-comunidade-rural-de-malhada-de-pedras\/#primaryimage","url":"https:\/\/maetinganoticias.com\/wp-content\/uploads\/2023\/08\/BUSINESS-3-62.png","contentUrl":"https:\/\/maetinganoticias.com\/wp-content\/uploads\/2023\/08\/BUSINESS-3-62.png","width":3375,"height":3375},{"@type":"BreadcrumbList","@id":"https:\/\/maetinganoticias.com\/index.php\/2023\/08\/08\/renda-familiar-cresce-com-avicultura-sustentavel-em-comunidade-rural-de-malhada-de-pedras\/#breadcrumb","itemListElement":[{"@type":"ListItem","position":1,"name":"In\u00edcio","item":"https:\/\/maetinganoticias.com\/"},{"@type":"ListItem","position":2,"name":"Renda Familiar cresce com avicultura sustent\u00e1vel em comunidade rural de Malhada de Pedras"}]},{"@type":"WebSite","@id":"https:\/\/maetinganoticias.com\/#website","url":"https:\/\/maetinganoticias.com\/","name":"Maetinga Not\u00edcias","description":"A Voz do Interior Baiano!","publisher":{"@id":"https:\/\/maetinganoticias.com\/#organization"},"potentialAction":[{"@type":"SearchAction","target":{"@type":"EntryPoint","urlTemplate":"https:\/\/maetinganoticias.com\/?s={search_term_string}"},"query-input":{"@type":"PropertyValueSpecification","valueRequired":true,"valueName":"search_term_string"}}],"inLanguage":"pt-BR"},{"@type":"Organization","@id":"https:\/\/maetinganoticias.com\/#organization","name":"Maetinga Not\u00edcias","url":"https:\/\/maetinganoticias.com\/","logo":{"@type":"ImageObject","inLanguage":"pt-BR","@id":"https:\/\/maetinganoticias.com\/#\/schema\/logo\/image\/","url":"https:\/\/maetinganoticias.com\/wp-content\/uploads\/2023\/07\/cropped-cropped-cropped-cropped-BUSINESS-3-42-1.png","contentUrl":"https:\/\/maetinganoticias.com\/wp-content\/uploads\/2023\/07\/cropped-cropped-cropped-cropped-BUSINESS-3-42-1.png","width":485,"height":109,"caption":"Maetinga Not\u00edcias"},"image":{"@id":"https:\/\/maetinganoticias.com\/#\/schema\/logo\/image\/"}},{"@type":"Person","@id":"https:\/\/maetinganoticias.com\/#\/schema\/person\/968cf95e67a6810fc7fb35bbc9016962","name":"Maetinga Not\u00edcias","image":{"@type":"ImageObject","inLanguage":"pt-BR","@id":"https:\/\/secure.gravatar.com\/avatar\/32e078313a5ca37a6c8d44e716ed4f9e87ecfde7222d2b88a1424bd49654f187?s=96&d=mm&r=g","url":"https:\/\/secure.gravatar.com\/avatar\/32e078313a5ca37a6c8d44e716ed4f9e87ecfde7222d2b88a1424bd49654f187?s=96&d=mm&r=g","contentUrl":"https:\/\/secure.gravatar.com\/avatar\/32e078313a5ca37a6c8d44e716ed4f9e87ecfde7222d2b88a1424bd49654f187?s=96&d=mm&r=g","caption":"Maetinga Not\u00edcias"},"description":"A voz do Interior Baiano!","sameAs":["https:\/\/maetinganoticias.com","https:\/\/www.instagram.com\/blogmaetinganoticias\/"],"url":"https:\/\/maetinganoticias.com\/index.php\/author\/carlosvianna13\/"}]}},"_links":{"self":[{"href":"https:\/\/maetinganoticias.com\/index.php\/wp-json\/wp\/v2\/posts\/1148","targetHints":{"allow":["GET"]}}],"collection":[{"href":"https:\/\/maetinganoticias.com\/index.php\/wp-json\/wp\/v2\/posts"}],"about":[{"href":"https:\/\/maetinganoticias.com\/index.php\/wp-json\/wp\/v2\/types\/post"}],"author":[{"embeddable":true,"href":"https:\/\/maetinganoticias.com\/index.php\/wp-json\/wp\/v2\/users\/1"}],"replies":[{"embeddable":true,"href":"https:\/\/maetinganoticias.com\/index.php\/wp-json\/wp\/v2\/comments?post=1148"}],"version-history":[{"count":0,"href":"https:\/\/maetinganoticias.com\/index.php\/wp-json\/wp\/v2\/posts\/1148\/revisions"}],"wp:featuredmedia":[{"embeddable":true,"href":"https:\/\/maetinganoticias.com\/index.php\/wp-json\/wp\/v2\/media\/1149"}],"wp:attachment":[{"href":"https:\/\/maetinganoticias.com\/index.php\/wp-json\/wp\/v2\/media?parent=1148"}],"wp:term":[{"taxonomy":"category","embeddable":true,"href":"https:\/\/maetinganoticias.com\/index.php\/wp-json\/wp\/v2\/categories?post=1148"},{"taxonomy":"post_tag","embeddable":true,"href":"https:\/\/maetinganoticias.com\/index.php\/wp-json\/wp\/v2\/tags?post=1148"}],"curies":[{"name":"wp","href":"https:\/\/api.w.org\/{rel}","templated":true}]}}