{"id":11448,"date":"2026-02-26T19:22:24","date_gmt":"2026-02-26T22:22:24","guid":{"rendered":"https:\/\/maetinganoticias.com\/?p=11448"},"modified":"2026-02-26T19:22:25","modified_gmt":"2026-02-26T22:22:25","slug":"marquito-humorista-do-sbt-sofre-acidente-e-e-internado-em-coma-induzido","status":"publish","type":"post","link":"https:\/\/maetinganoticias.com\/index.php\/2026\/02\/26\/marquito-humorista-do-sbt-sofre-acidente-e-e-internado-em-coma-induzido\/","title":{"rendered":"Marquito, humorista do SBT, sofre acidente e \u00e9 internado em coma induzido"},"content":{"rendered":"\n<p><strong><em>Marquito teve um mal s\u00fabito e foi encaminhado a um hospital particular em S\u00e3o Paulo<\/em><\/strong><\/p>\n\n\n\n<p>O humorista Marquito, 65, sofreu acidente de moto na tarde desta quarta-feira (25). Integrante do Programa do Ratinho teve um mal s\u00fabito enquanto pilotava uma motocicleta na Vila Gustavo, na Zona Norte de S\u00e3o Paulo, perto de sua resid\u00eancia. Ele trafegava pela regi\u00e3o quando perdeu o controle da moto e caiu desacordado.<\/p>\n\n\n\n<p>Ap\u00f3s a queda, o humorista foi atingindo por outra moto, que era conduzida por um enfermeiro. O profissional de sa\u00fade prestou os primeiros socorros, com reanima\u00e7\u00e3o ainda no local, e acionou o Servi\u00e7o de Atendimento M\u00f3vel de Urg\u00eancia (SAMU). <\/p>\n\n\n\n<p>Maquito teve ferimentos no rosto e uma fratura na costela. <\/p>\n\n\n\n<p>Ele encaminhado ao hospital Nipo-Brasileiro.<\/p>\n","protected":false},"excerpt":{"rendered":"<p>Marquito teve um mal s\u00fabito e foi encaminhado a um hospital particular em S\u00e3o Paulo O humorista Marquito, 65, sofreu acidente de moto na tarde desta quarta-feira (25). Integrante do Programa do Ratinho teve um mal s\u00fabito enquanto pilotava uma motocicleta na Vila Gustavo, na Zona Norte de S\u00e3o Paulo, perto de sua resid\u00eancia. Ele [&hellip;]<\/p>\n","protected":false},"author":1,"featured_media":11449,"comment_status":"open","ping_status":"open","sticky":false,"template":"","format":"standard","meta":{"om_disable_all_campaigns":false,"_monsterinsights_skip_tracking":false,"_monsterinsights_sitenote_active":false,"_monsterinsights_sitenote_note":"","_monsterinsights_sitenote_category":0,"_uf_show_specific_survey":0,"_uf_disable_surveys":false,"footnotes":""},"categories":[579],"tags":[],"class_list":{"0":"post-11448","1":"post","2":"type-post","3":"status-publish","4":"format-standard","5":"has-post-thumbnail","7":"category-acidente"},"yoast_head":"<!-- This site is optimized with the Yoast SEO plugin v27.5 - https:\/\/yoast.com\/product\/yoast-seo-wordpress\/ -->\n<title>Marquito, humorista do SBT, sofre acidente e \u00e9 internado em coma induzido - Maetinga Not\u00edcias<\/title>\n<meta name=\"robots\" content=\"index, follow, max-snippet:-1, max-image-preview:large, max-video-preview:-1\" \/>\n<link rel=\"canonical\" href=\"https:\/\/maetinganoticias.com\/index.php\/2026\/02\/26\/marquito-humorista-do-sbt-sofre-acidente-e-e-internado-em-coma-induzido\/\" \/>\n<meta property=\"og:locale\" content=\"pt_BR\" \/>\n<meta property=\"og:type\" content=\"article\" \/>\n<meta property=\"og:title\" content=\"Marquito, humorista do SBT, sofre acidente e \u00e9 internado em coma induzido - Maetinga Not\u00edcias\" \/>\n<meta property=\"og:description\" content=\"Marquito teve um mal s\u00fabito e foi encaminhado a um hospital particular em S\u00e3o Paulo O humorista Marquito, 65, sofreu acidente de moto na tarde desta quarta-feira (25). Integrante do Programa do Ratinho teve um mal s\u00fabito enquanto pilotava uma motocicleta na Vila Gustavo, na Zona Norte de S\u00e3o Paulo, perto de sua resid\u00eancia. Ele [&hellip;]\" \/>\n<meta property=\"og:url\" content=\"https:\/\/maetinganoticias.com\/index.php\/2026\/02\/26\/marquito-humorista-do-sbt-sofre-acidente-e-e-internado-em-coma-induzido\/\" \/>\n<meta property=\"og:site_name\" content=\"Maetinga Not\u00edcias\" \/>\n<meta property=\"article:published_time\" content=\"2026-02-26T22:22:24+00:00\" \/>\n<meta property=\"article:modified_time\" content=\"2026-02-26T22:22:25+00:00\" \/>\n<meta property=\"og:image\" content=\"https:\/\/maetinganoticias.com\/wp-content\/uploads\/2026\/02\/marquito-entra-em-com-apos-acidente-de-moto_98.jpeg\" \/>\n\t<meta property=\"og:image:width\" content=\"1280\" \/>\n\t<meta property=\"og:image:height\" content=\"720\" \/>\n\t<meta property=\"og:image:type\" content=\"image\/jpeg\" \/>\n<meta name=\"author\" content=\"Maetinga Not\u00edcias\" \/>\n<meta name=\"twitter:card\" content=\"summary_large_image\" \/>\n<meta name=\"twitter:label1\" content=\"Escrito por\" \/>\n\t<meta name=\"twitter:data1\" content=\"Maetinga Not\u00edcias\" \/>\n\t<meta name=\"twitter:label2\" content=\"Est. tempo de leitura\" \/>\n\t<meta name=\"twitter:data2\" content=\"1 minuto\" \/>\n<script type=\"application\/ld+json\" class=\"yoast-schema-graph\">{\"@context\":\"https:\\\/\\\/schema.org\",\"@graph\":[{\"@type\":[\"Article\",\"BlogPosting\"],\"@id\":\"https:\\\/\\\/maetinganoticias.com\\\/index.php\\\/2026\\\/02\\\/26\\\/marquito-humorista-do-sbt-sofre-acidente-e-e-internado-em-coma-induzido\\\/#article\",\"isPartOf\":{\"@id\":\"https:\\\/\\\/maetinganoticias.com\\\/index.php\\\/2026\\\/02\\\/26\\\/marquito-humorista-do-sbt-sofre-acidente-e-e-internado-em-coma-induzido\\\/\"},\"author\":{\"name\":\"Maetinga Not\u00edcias\",\"@id\":\"https:\\\/\\\/maetinganoticias.com\\\/#\\\/schema\\\/person\\\/968cf95e67a6810fc7fb35bbc9016962\"},\"headline\":\"Marquito, humorista do SBT, sofre acidente e \u00e9 internado em coma induzido\",\"datePublished\":\"2026-02-26T22:22:24+00:00\",\"dateModified\":\"2026-02-26T22:22:25+00:00\",\"mainEntityOfPage\":{\"@id\":\"https:\\\/\\\/maetinganoticias.com\\\/index.php\\\/2026\\\/02\\\/26\\\/marquito-humorista-do-sbt-sofre-acidente-e-e-internado-em-coma-induzido\\\/\"},\"wordCount\":142,\"commentCount\":0,\"publisher\":{\"@id\":\"https:\\\/\\\/maetinganoticias.com\\\/#organization\"},\"image\":{\"@id\":\"https:\\\/\\\/maetinganoticias.com\\\/index.php\\\/2026\\\/02\\\/26\\\/marquito-humorista-do-sbt-sofre-acidente-e-e-internado-em-coma-induzido\\\/#primaryimage\"},\"thumbnailUrl\":\"https:\\\/\\\/maetinganoticias.com\\\/wp-content\\\/uploads\\\/2026\\\/02\\\/marquito-entra-em-com-apos-acidente-de-moto_98.jpeg\",\"articleSection\":[\"ACIDENTE\"],\"inLanguage\":\"pt-BR\",\"potentialAction\":[{\"@type\":\"CommentAction\",\"name\":\"Comment\",\"target\":[\"https:\\\/\\\/maetinganoticias.com\\\/index.php\\\/2026\\\/02\\\/26\\\/marquito-humorista-do-sbt-sofre-acidente-e-e-internado-em-coma-induzido\\\/#respond\"]}]},{\"@type\":\"WebPage\",\"@id\":\"https:\\\/\\\/maetinganoticias.com\\\/index.php\\\/2026\\\/02\\\/26\\\/marquito-humorista-do-sbt-sofre-acidente-e-e-internado-em-coma-induzido\\\/\",\"url\":\"https:\\\/\\\/maetinganoticias.com\\\/index.php\\\/2026\\\/02\\\/26\\\/marquito-humorista-do-sbt-sofre-acidente-e-e-internado-em-coma-induzido\\\/\",\"name\":\"Marquito, humorista do SBT, sofre acidente e \u00e9 internado em coma induzido - Maetinga Not\u00edcias\",\"isPartOf\":{\"@id\":\"https:\\\/\\\/maetinganoticias.com\\\/#website\"},\"primaryImageOfPage\":{\"@id\":\"https:\\\/\\\/maetinganoticias.com\\\/index.php\\\/2026\\\/02\\\/26\\\/marquito-humorista-do-sbt-sofre-acidente-e-e-internado-em-coma-induzido\\\/#primaryimage\"},\"image\":{\"@id\":\"https:\\\/\\\/maetinganoticias.com\\\/index.php\\\/2026\\\/02\\\/26\\\/marquito-humorista-do-sbt-sofre-acidente-e-e-internado-em-coma-induzido\\\/#primaryimage\"},\"thumbnailUrl\":\"https:\\\/\\\/maetinganoticias.com\\\/wp-content\\\/uploads\\\/2026\\\/02\\\/marquito-entra-em-com-apos-acidente-de-moto_98.jpeg\",\"datePublished\":\"2026-02-26T22:22:24+00:00\",\"dateModified\":\"2026-02-26T22:22:25+00:00\",\"breadcrumb\":{\"@id\":\"https:\\\/\\\/maetinganoticias.com\\\/index.php\\\/2026\\\/02\\\/26\\\/marquito-humorista-do-sbt-sofre-acidente-e-e-internado-em-coma-induzido\\\/#breadcrumb\"},\"inLanguage\":\"pt-BR\",\"potentialAction\":[{\"@type\":\"ReadAction\",\"target\":[\"https:\\\/\\\/maetinganoticias.com\\\/index.php\\\/2026\\\/02\\\/26\\\/marquito-humorista-do-sbt-sofre-acidente-e-e-internado-em-coma-induzido\\\/\"]}]},{\"@type\":\"ImageObject\",\"inLanguage\":\"pt-BR\",\"@id\":\"https:\\\/\\\/maetinganoticias.com\\\/index.php\\\/2026\\\/02\\\/26\\\/marquito-humorista-do-sbt-sofre-acidente-e-e-internado-em-coma-induzido\\\/#primaryimage\",\"url\":\"https:\\\/\\\/maetinganoticias.com\\\/wp-content\\\/uploads\\\/2026\\\/02\\\/marquito-entra-em-com-apos-acidente-de-moto_98.jpeg\",\"contentUrl\":\"https:\\\/\\\/maetinganoticias.com\\\/wp-content\\\/uploads\\\/2026\\\/02\\\/marquito-entra-em-com-apos-acidente-de-moto_98.jpeg\",\"width\":1280,\"height\":720,\"caption\":\"Foto: Divulga\u00e7\u00e3o\\\/SBT\"},{\"@type\":\"BreadcrumbList\",\"@id\":\"https:\\\/\\\/maetinganoticias.com\\\/index.php\\\/2026\\\/02\\\/26\\\/marquito-humorista-do-sbt-sofre-acidente-e-e-internado-em-coma-induzido\\\/#breadcrumb\",\"itemListElement\":[{\"@type\":\"ListItem\",\"position\":1,\"name\":\"In\u00edcio\",\"item\":\"https:\\\/\\\/maetinganoticias.com\\\/\"},{\"@type\":\"ListItem\",\"position\":2,\"name\":\"Marquito, humorista do SBT, sofre acidente e \u00e9 internado em coma induzido\"}]},{\"@type\":\"WebSite\",\"@id\":\"https:\\\/\\\/maetinganoticias.com\\\/#website\",\"url\":\"https:\\\/\\\/maetinganoticias.com\\\/\",\"name\":\"Maetinga Not\u00edcias\",\"description\":\"A Voz do Interior Baiano!\",\"publisher\":{\"@id\":\"https:\\\/\\\/maetinganoticias.com\\\/#organization\"},\"potentialAction\":[{\"@type\":\"SearchAction\",\"target\":{\"@type\":\"EntryPoint\",\"urlTemplate\":\"https:\\\/\\\/maetinganoticias.com\\\/?s={search_term_string}\"},\"query-input\":{\"@type\":\"PropertyValueSpecification\",\"valueRequired\":true,\"valueName\":\"search_term_string\"}}],\"inLanguage\":\"pt-BR\"},{\"@type\":\"Organization\",\"@id\":\"https:\\\/\\\/maetinganoticias.com\\\/#organization\",\"name\":\"Maetinga Not\u00edcias\",\"url\":\"https:\\\/\\\/maetinganoticias.com\\\/\",\"logo\":{\"@type\":\"ImageObject\",\"inLanguage\":\"pt-BR\",\"@id\":\"https:\\\/\\\/maetinganoticias.com\\\/#\\\/schema\\\/logo\\\/image\\\/\",\"url\":\"https:\\\/\\\/maetinganoticias.com\\\/wp-content\\\/uploads\\\/2023\\\/07\\\/cropped-cropped-cropped-cropped-BUSINESS-3-42-1.png\",\"contentUrl\":\"https:\\\/\\\/maetinganoticias.com\\\/wp-content\\\/uploads\\\/2023\\\/07\\\/cropped-cropped-cropped-cropped-BUSINESS-3-42-1.png\",\"width\":485,\"height\":109,\"caption\":\"Maetinga Not\u00edcias\"},\"image\":{\"@id\":\"https:\\\/\\\/maetinganoticias.com\\\/#\\\/schema\\\/logo\\\/image\\\/\"}},{\"@type\":\"Person\",\"@id\":\"https:\\\/\\\/maetinganoticias.com\\\/#\\\/schema\\\/person\\\/968cf95e67a6810fc7fb35bbc9016962\",\"name\":\"Maetinga Not\u00edcias\",\"image\":{\"@type\":\"ImageObject\",\"inLanguage\":\"pt-BR\",\"@id\":\"https:\\\/\\\/secure.gravatar.com\\\/avatar\\\/32e078313a5ca37a6c8d44e716ed4f9e87ecfde7222d2b88a1424bd49654f187?s=96&d=mm&r=g\",\"url\":\"https:\\\/\\\/secure.gravatar.com\\\/avatar\\\/32e078313a5ca37a6c8d44e716ed4f9e87ecfde7222d2b88a1424bd49654f187?s=96&d=mm&r=g\",\"contentUrl\":\"https:\\\/\\\/secure.gravatar.com\\\/avatar\\\/32e078313a5ca37a6c8d44e716ed4f9e87ecfde7222d2b88a1424bd49654f187?s=96&d=mm&r=g\",\"caption\":\"Maetinga Not\u00edcias\"},\"description\":\"A voz do Interior Baiano!\",\"sameAs\":[\"https:\\\/\\\/maetinganoticias.com\",\"https:\\\/\\\/www.instagram.com\\\/blogmaetinganoticias\\\/\"],\"url\":\"https:\\\/\\\/maetinganoticias.com\\\/index.php\\\/author\\\/carlosvianna13\\\/\"}]}<\/script>\n<!-- \/ Yoast SEO plugin. -->","yoast_head_json":{"title":"Marquito, humorista do SBT, sofre acidente e \u00e9 internado em coma induzido - Maetinga Not\u00edcias","robots":{"index":"index","follow":"follow","max-snippet":"max-snippet:-1","max-image-preview":"max-image-preview:large","max-video-preview":"max-video-preview:-1"},"canonical":"https:\/\/maetinganoticias.com\/index.php\/2026\/02\/26\/marquito-humorista-do-sbt-sofre-acidente-e-e-internado-em-coma-induzido\/","og_locale":"pt_BR","og_type":"article","og_title":"Marquito, humorista do SBT, sofre acidente e \u00e9 internado em coma induzido - Maetinga Not\u00edcias","og_description":"Marquito teve um mal s\u00fabito e foi encaminhado a um hospital particular em S\u00e3o Paulo O humorista Marquito, 65, sofreu acidente de moto na tarde desta quarta-feira (25). Integrante do Programa do Ratinho teve um mal s\u00fabito enquanto pilotava uma motocicleta na Vila Gustavo, na Zona Norte de S\u00e3o Paulo, perto de sua resid\u00eancia. Ele [&hellip;]","og_url":"https:\/\/maetinganoticias.com\/index.php\/2026\/02\/26\/marquito-humorista-do-sbt-sofre-acidente-e-e-internado-em-coma-induzido\/","og_site_name":"Maetinga Not\u00edcias","article_published_time":"2026-02-26T22:22:24+00:00","article_modified_time":"2026-02-26T22:22:25+00:00","og_image":[{"width":1280,"height":720,"url":"https:\/\/maetinganoticias.com\/wp-content\/uploads\/2026\/02\/marquito-entra-em-com-apos-acidente-de-moto_98.jpeg","type":"image\/jpeg"}],"author":"Maetinga Not\u00edcias","twitter_card":"summary_large_image","twitter_misc":{"Escrito por":"Maetinga Not\u00edcias","Est. tempo de leitura":"1 minuto"},"schema":{"@context":"https:\/\/schema.org","@graph":[{"@type":["Article","BlogPosting"],"@id":"https:\/\/maetinganoticias.com\/index.php\/2026\/02\/26\/marquito-humorista-do-sbt-sofre-acidente-e-e-internado-em-coma-induzido\/#article","isPartOf":{"@id":"https:\/\/maetinganoticias.com\/index.php\/2026\/02\/26\/marquito-humorista-do-sbt-sofre-acidente-e-e-internado-em-coma-induzido\/"},"author":{"name":"Maetinga Not\u00edcias","@id":"https:\/\/maetinganoticias.com\/#\/schema\/person\/968cf95e67a6810fc7fb35bbc9016962"},"headline":"Marquito, humorista do SBT, sofre acidente e \u00e9 internado em coma induzido","datePublished":"2026-02-26T22:22:24+00:00","dateModified":"2026-02-26T22:22:25+00:00","mainEntityOfPage":{"@id":"https:\/\/maetinganoticias.com\/index.php\/2026\/02\/26\/marquito-humorista-do-sbt-sofre-acidente-e-e-internado-em-coma-induzido\/"},"wordCount":142,"commentCount":0,"publisher":{"@id":"https:\/\/maetinganoticias.com\/#organization"},"image":{"@id":"https:\/\/maetinganoticias.com\/index.php\/2026\/02\/26\/marquito-humorista-do-sbt-sofre-acidente-e-e-internado-em-coma-induzido\/#primaryimage"},"thumbnailUrl":"https:\/\/maetinganoticias.com\/wp-content\/uploads\/2026\/02\/marquito-entra-em-com-apos-acidente-de-moto_98.jpeg","articleSection":["ACIDENTE"],"inLanguage":"pt-BR","potentialAction":[{"@type":"CommentAction","name":"Comment","target":["https:\/\/maetinganoticias.com\/index.php\/2026\/02\/26\/marquito-humorista-do-sbt-sofre-acidente-e-e-internado-em-coma-induzido\/#respond"]}]},{"@type":"WebPage","@id":"https:\/\/maetinganoticias.com\/index.php\/2026\/02\/26\/marquito-humorista-do-sbt-sofre-acidente-e-e-internado-em-coma-induzido\/","url":"https:\/\/maetinganoticias.com\/index.php\/2026\/02\/26\/marquito-humorista-do-sbt-sofre-acidente-e-e-internado-em-coma-induzido\/","name":"Marquito, humorista do SBT, sofre acidente e \u00e9 internado em coma induzido - Maetinga Not\u00edcias","isPartOf":{"@id":"https:\/\/maetinganoticias.com\/#website"},"primaryImageOfPage":{"@id":"https:\/\/maetinganoticias.com\/index.php\/2026\/02\/26\/marquito-humorista-do-sbt-sofre-acidente-e-e-internado-em-coma-induzido\/#primaryimage"},"image":{"@id":"https:\/\/maetinganoticias.com\/index.php\/2026\/02\/26\/marquito-humorista-do-sbt-sofre-acidente-e-e-internado-em-coma-induzido\/#primaryimage"},"thumbnailUrl":"https:\/\/maetinganoticias.com\/wp-content\/uploads\/2026\/02\/marquito-entra-em-com-apos-acidente-de-moto_98.jpeg","datePublished":"2026-02-26T22:22:24+00:00","dateModified":"2026-02-26T22:22:25+00:00","breadcrumb":{"@id":"https:\/\/maetinganoticias.com\/index.php\/2026\/02\/26\/marquito-humorista-do-sbt-sofre-acidente-e-e-internado-em-coma-induzido\/#breadcrumb"},"inLanguage":"pt-BR","potentialAction":[{"@type":"ReadAction","target":["https:\/\/maetinganoticias.com\/index.php\/2026\/02\/26\/marquito-humorista-do-sbt-sofre-acidente-e-e-internado-em-coma-induzido\/"]}]},{"@type":"ImageObject","inLanguage":"pt-BR","@id":"https:\/\/maetinganoticias.com\/index.php\/2026\/02\/26\/marquito-humorista-do-sbt-sofre-acidente-e-e-internado-em-coma-induzido\/#primaryimage","url":"https:\/\/maetinganoticias.com\/wp-content\/uploads\/2026\/02\/marquito-entra-em-com-apos-acidente-de-moto_98.jpeg","contentUrl":"https:\/\/maetinganoticias.com\/wp-content\/uploads\/2026\/02\/marquito-entra-em-com-apos-acidente-de-moto_98.jpeg","width":1280,"height":720,"caption":"Foto: Divulga\u00e7\u00e3o\/SBT"},{"@type":"BreadcrumbList","@id":"https:\/\/maetinganoticias.com\/index.php\/2026\/02\/26\/marquito-humorista-do-sbt-sofre-acidente-e-e-internado-em-coma-induzido\/#breadcrumb","itemListElement":[{"@type":"ListItem","position":1,"name":"In\u00edcio","item":"https:\/\/maetinganoticias.com\/"},{"@type":"ListItem","position":2,"name":"Marquito, humorista do SBT, sofre acidente e \u00e9 internado em coma induzido"}]},{"@type":"WebSite","@id":"https:\/\/maetinganoticias.com\/#website","url":"https:\/\/maetinganoticias.com\/","name":"Maetinga Not\u00edcias","description":"A Voz do Interior Baiano!","publisher":{"@id":"https:\/\/maetinganoticias.com\/#organization"},"potentialAction":[{"@type":"SearchAction","target":{"@type":"EntryPoint","urlTemplate":"https:\/\/maetinganoticias.com\/?s={search_term_string}"},"query-input":{"@type":"PropertyValueSpecification","valueRequired":true,"valueName":"search_term_string"}}],"inLanguage":"pt-BR"},{"@type":"Organization","@id":"https:\/\/maetinganoticias.com\/#organization","name":"Maetinga Not\u00edcias","url":"https:\/\/maetinganoticias.com\/","logo":{"@type":"ImageObject","inLanguage":"pt-BR","@id":"https:\/\/maetinganoticias.com\/#\/schema\/logo\/image\/","url":"https:\/\/maetinganoticias.com\/wp-content\/uploads\/2023\/07\/cropped-cropped-cropped-cropped-BUSINESS-3-42-1.png","contentUrl":"https:\/\/maetinganoticias.com\/wp-content\/uploads\/2023\/07\/cropped-cropped-cropped-cropped-BUSINESS-3-42-1.png","width":485,"height":109,"caption":"Maetinga Not\u00edcias"},"image":{"@id":"https:\/\/maetinganoticias.com\/#\/schema\/logo\/image\/"}},{"@type":"Person","@id":"https:\/\/maetinganoticias.com\/#\/schema\/person\/968cf95e67a6810fc7fb35bbc9016962","name":"Maetinga Not\u00edcias","image":{"@type":"ImageObject","inLanguage":"pt-BR","@id":"https:\/\/secure.gravatar.com\/avatar\/32e078313a5ca37a6c8d44e716ed4f9e87ecfde7222d2b88a1424bd49654f187?s=96&d=mm&r=g","url":"https:\/\/secure.gravatar.com\/avatar\/32e078313a5ca37a6c8d44e716ed4f9e87ecfde7222d2b88a1424bd49654f187?s=96&d=mm&r=g","contentUrl":"https:\/\/secure.gravatar.com\/avatar\/32e078313a5ca37a6c8d44e716ed4f9e87ecfde7222d2b88a1424bd49654f187?s=96&d=mm&r=g","caption":"Maetinga Not\u00edcias"},"description":"A voz do Interior Baiano!","sameAs":["https:\/\/maetinganoticias.com","https:\/\/www.instagram.com\/blogmaetinganoticias\/"],"url":"https:\/\/maetinganoticias.com\/index.php\/author\/carlosvianna13\/"}]}},"_links":{"self":[{"href":"https:\/\/maetinganoticias.com\/index.php\/wp-json\/wp\/v2\/posts\/11448","targetHints":{"allow":["GET"]}}],"collection":[{"href":"https:\/\/maetinganoticias.com\/index.php\/wp-json\/wp\/v2\/posts"}],"about":[{"href":"https:\/\/maetinganoticias.com\/index.php\/wp-json\/wp\/v2\/types\/post"}],"author":[{"embeddable":true,"href":"https:\/\/maetinganoticias.com\/index.php\/wp-json\/wp\/v2\/users\/1"}],"replies":[{"embeddable":true,"href":"https:\/\/maetinganoticias.com\/index.php\/wp-json\/wp\/v2\/comments?post=11448"}],"version-history":[{"count":1,"href":"https:\/\/maetinganoticias.com\/index.php\/wp-json\/wp\/v2\/posts\/11448\/revisions"}],"predecessor-version":[{"id":11450,"href":"https:\/\/maetinganoticias.com\/index.php\/wp-json\/wp\/v2\/posts\/11448\/revisions\/11450"}],"wp:featuredmedia":[{"embeddable":true,"href":"https:\/\/maetinganoticias.com\/index.php\/wp-json\/wp\/v2\/media\/11449"}],"wp:attachment":[{"href":"https:\/\/maetinganoticias.com\/index.php\/wp-json\/wp\/v2\/media?parent=11448"}],"wp:term":[{"taxonomy":"category","embeddable":true,"href":"https:\/\/maetinganoticias.com\/index.php\/wp-json\/wp\/v2\/categories?post=11448"},{"taxonomy":"post_tag","embeddable":true,"href":"https:\/\/maetinganoticias.com\/index.php\/wp-json\/wp\/v2\/tags?post=11448"}],"curies":[{"name":"wp","href":"https:\/\/api.w.org\/{rel}","templated":true}]}}