{"id":10109,"date":"2025-11-25T21:09:33","date_gmt":"2025-11-26T00:09:33","guid":{"rendered":"https:\/\/maetinganoticias.com\/?p=10109"},"modified":"2025-11-25T21:09:34","modified_gmt":"2025-11-26T00:09:34","slug":"quinho-reforca-compromisso-com-melhorias-em-sao-joao-da-vitoria-durante-visita-ao-batuque-em-vit-da-conquista","status":"publish","type":"post","link":"https:\/\/maetinganoticias.com\/index.php\/2025\/11\/25\/quinho-reforca-compromisso-com-melhorias-em-sao-joao-da-vitoria-durante-visita-ao-batuque-em-vit-da-conquista\/","title":{"rendered":"Quinho refor\u00e7a compromisso com melhorias em S\u00e3o Jo\u00e3o da Vit\u00f3ria durante visita ao Batuque em Vit. da Conquista"},"content":{"rendered":"\n<p>Em visita ao povoado de S\u00e3o Jo\u00e3o da Vit\u00f3ria, o tradicional Batuque, em Vit\u00f3ria da Conquista, o <strong>pr\u00e9-candidato a deputado estadual Quinho<\/strong> esteve ao lado da Vereadora Leia Meira e lideran\u00e7as locais acompanhando de perto os problemas enfrentados pela comunidade. <\/p>\n\n\n\n<p>A falta de pavimenta\u00e7\u00e3o e outras demandas de infraestrutura, agravadas pelas chuvas, foram o centro das aten\u00e7\u00f5es durante a agenda.<\/p>\n\n\n\n<p>Quinho ressaltou que o Batuque precisa ser tratado com seriedade e cobrou a\u00e7\u00f5es efetivas do poder p\u00fablico. <strong><em>\u201cO Batuque merece aten\u00e7\u00e3o de verdade. Vou continuar ao lado do povo, acompanhando, cobrando e buscando caminhos para garantir as melhorias que essa comunidade espera h\u00e1 anos\u201d<\/em><\/strong>, afirmou o pr\u00e9-candidato.<\/p>\n\n\n\n<p>Quinho informou que j\u00e1 est\u00e1 em di\u00e1logo com o governador <strong>Jer\u00f4nimo Rodrigues<\/strong> para viabilizar a pavimenta\u00e7\u00e3o de vias importantes do povoado. Nesta quarta-feira (26), um representante da <strong>SEINFRA<\/strong> estar\u00e1 na localidade para realizar uma avalia\u00e7\u00e3o t\u00e9cnica das necessidades mais urgentes.<\/p>\n\n\n\n<p>A presen\u00e7a de Quinho refor\u00e7a seu compromisso em defender, junto ao governo estadual, solu\u00e7\u00f5es estruturais para comunidades que h\u00e1 muito aguardam por investimentos.<\/p>\n\n\n\n<figure class=\"wp-block-image size-full\"><img loading=\"lazy\" decoding=\"async\" width=\"440\" height=\"510\" src=\"https:\/\/maetinganoticias.com\/wp-content\/uploads\/2025\/11\/image.png\" alt=\"\" class=\"wp-image-10110\" srcset=\"https:\/\/maetinganoticias.com\/wp-content\/uploads\/2025\/11\/image.png 440w, https:\/\/maetinganoticias.com\/wp-content\/uploads\/2025\/11\/image-259x300.png 259w, https:\/\/maetinganoticias.com\/wp-content\/uploads\/2025\/11\/image-362x420.png 362w, https:\/\/maetinganoticias.com\/wp-content\/uploads\/2025\/11\/image-150x174.png 150w, https:\/\/maetinganoticias.com\/wp-content\/uploads\/2025\/11\/image-300x348.png 300w\" sizes=\"auto, (max-width: 440px) 100vw, 440px\" \/><\/figure>\n","protected":false},"excerpt":{"rendered":"<p>Em visita ao povoado de S\u00e3o Jo\u00e3o da Vit\u00f3ria, o tradicional Batuque, em Vit\u00f3ria da Conquista, o pr\u00e9-candidato a deputado estadual Quinho esteve ao lado da Vereadora Leia Meira e lideran\u00e7as locais acompanhando de perto os problemas enfrentados pela comunidade. A falta de pavimenta\u00e7\u00e3o e outras demandas de infraestrutura, agravadas pelas chuvas, foram o centro [&hellip;]<\/p>\n","protected":false},"author":1,"featured_media":10111,"comment_status":"open","ping_status":"open","sticky":false,"template":"","format":"standard","meta":{"om_disable_all_campaigns":false,"_monsterinsights_skip_tracking":false,"_monsterinsights_sitenote_active":false,"_monsterinsights_sitenote_note":"","_monsterinsights_sitenote_category":0,"_uf_show_specific_survey":0,"_uf_disable_surveys":false,"footnotes":""},"categories":[43],"tags":[],"class_list":{"0":"post-10109","1":"post","2":"type-post","3":"status-publish","4":"format-standard","5":"has-post-thumbnail","7":"category-vitoria-da-conquista"},"yoast_head":"<!-- This site is optimized with the Yoast SEO plugin v27.4 - https:\/\/yoast.com\/product\/yoast-seo-wordpress\/ -->\n<title>Quinho refor\u00e7a compromisso com melhorias em S\u00e3o Jo\u00e3o da Vit\u00f3ria durante visita ao Batuque em Vit. da Conquista - Maetinga Not\u00edcias<\/title>\n<meta name=\"robots\" content=\"index, follow, max-snippet:-1, max-image-preview:large, max-video-preview:-1\" \/>\n<link rel=\"canonical\" href=\"https:\/\/maetinganoticias.com\/index.php\/2025\/11\/25\/quinho-reforca-compromisso-com-melhorias-em-sao-joao-da-vitoria-durante-visita-ao-batuque-em-vit-da-conquista\/\" \/>\n<meta property=\"og:locale\" content=\"pt_BR\" \/>\n<meta property=\"og:type\" content=\"article\" \/>\n<meta property=\"og:title\" content=\"Quinho refor\u00e7a compromisso com melhorias em S\u00e3o Jo\u00e3o da Vit\u00f3ria durante visita ao Batuque em Vit. da Conquista - Maetinga Not\u00edcias\" \/>\n<meta property=\"og:description\" content=\"Em visita ao povoado de S\u00e3o Jo\u00e3o da Vit\u00f3ria, o tradicional Batuque, em Vit\u00f3ria da Conquista, o pr\u00e9-candidato a deputado estadual Quinho esteve ao lado da Vereadora Leia Meira e lideran\u00e7as locais acompanhando de perto os problemas enfrentados pela comunidade. A falta de pavimenta\u00e7\u00e3o e outras demandas de infraestrutura, agravadas pelas chuvas, foram o centro [&hellip;]\" \/>\n<meta property=\"og:url\" content=\"https:\/\/maetinganoticias.com\/index.php\/2025\/11\/25\/quinho-reforca-compromisso-com-melhorias-em-sao-joao-da-vitoria-durante-visita-ao-batuque-em-vit-da-conquista\/\" \/>\n<meta property=\"og:site_name\" content=\"Maetinga Not\u00edcias\" \/>\n<meta property=\"article:published_time\" content=\"2025-11-26T00:09:33+00:00\" \/>\n<meta property=\"article:modified_time\" content=\"2025-11-26T00:09:34+00:00\" \/>\n<meta property=\"og:image\" content=\"https:\/\/maetinganoticias.com\/wp-content\/uploads\/2025\/11\/WhatsApp-Image-2025-11-25-at-21.07.27.jpeg\" \/>\n\t<meta property=\"og:image:width\" content=\"1600\" \/>\n\t<meta property=\"og:image:height\" content=\"1147\" \/>\n\t<meta property=\"og:image:type\" content=\"image\/jpeg\" \/>\n<meta name=\"author\" content=\"Maetinga Not\u00edcias\" \/>\n<meta name=\"twitter:card\" content=\"summary_large_image\" \/>\n<meta name=\"twitter:label1\" content=\"Escrito por\" \/>\n\t<meta name=\"twitter:data1\" content=\"Maetinga Not\u00edcias\" \/>\n\t<meta name=\"twitter:label2\" content=\"Est. tempo de leitura\" \/>\n\t<meta name=\"twitter:data2\" content=\"2 minutos\" \/>\n<script type=\"application\/ld+json\" class=\"yoast-schema-graph\">{\"@context\":\"https:\\\/\\\/schema.org\",\"@graph\":[{\"@type\":[\"Article\",\"BlogPosting\"],\"@id\":\"https:\\\/\\\/maetinganoticias.com\\\/index.php\\\/2025\\\/11\\\/25\\\/quinho-reforca-compromisso-com-melhorias-em-sao-joao-da-vitoria-durante-visita-ao-batuque-em-vit-da-conquista\\\/#article\",\"isPartOf\":{\"@id\":\"https:\\\/\\\/maetinganoticias.com\\\/index.php\\\/2025\\\/11\\\/25\\\/quinho-reforca-compromisso-com-melhorias-em-sao-joao-da-vitoria-durante-visita-ao-batuque-em-vit-da-conquista\\\/\"},\"author\":{\"name\":\"Maetinga Not\u00edcias\",\"@id\":\"https:\\\/\\\/maetinganoticias.com\\\/#\\\/schema\\\/person\\\/968cf95e67a6810fc7fb35bbc9016962\"},\"headline\":\"Quinho refor\u00e7a compromisso com melhorias em S\u00e3o Jo\u00e3o da Vit\u00f3ria durante visita ao Batuque em Vit. da Conquista\",\"datePublished\":\"2025-11-26T00:09:33+00:00\",\"dateModified\":\"2025-11-26T00:09:34+00:00\",\"mainEntityOfPage\":{\"@id\":\"https:\\\/\\\/maetinganoticias.com\\\/index.php\\\/2025\\\/11\\\/25\\\/quinho-reforca-compromisso-com-melhorias-em-sao-joao-da-vitoria-durante-visita-ao-batuque-em-vit-da-conquista\\\/\"},\"wordCount\":211,\"commentCount\":1,\"publisher\":{\"@id\":\"https:\\\/\\\/maetinganoticias.com\\\/#organization\"},\"image\":{\"@id\":\"https:\\\/\\\/maetinganoticias.com\\\/index.php\\\/2025\\\/11\\\/25\\\/quinho-reforca-compromisso-com-melhorias-em-sao-joao-da-vitoria-durante-visita-ao-batuque-em-vit-da-conquista\\\/#primaryimage\"},\"thumbnailUrl\":\"https:\\\/\\\/maetinganoticias.com\\\/wp-content\\\/uploads\\\/2025\\\/11\\\/WhatsApp-Image-2025-11-25-at-21.07.27.jpeg\",\"articleSection\":[\"Vit\u00f3ria da Conquista\"],\"inLanguage\":\"pt-BR\",\"potentialAction\":[{\"@type\":\"CommentAction\",\"name\":\"Comment\",\"target\":[\"https:\\\/\\\/maetinganoticias.com\\\/index.php\\\/2025\\\/11\\\/25\\\/quinho-reforca-compromisso-com-melhorias-em-sao-joao-da-vitoria-durante-visita-ao-batuque-em-vit-da-conquista\\\/#respond\"]}]},{\"@type\":\"WebPage\",\"@id\":\"https:\\\/\\\/maetinganoticias.com\\\/index.php\\\/2025\\\/11\\\/25\\\/quinho-reforca-compromisso-com-melhorias-em-sao-joao-da-vitoria-durante-visita-ao-batuque-em-vit-da-conquista\\\/\",\"url\":\"https:\\\/\\\/maetinganoticias.com\\\/index.php\\\/2025\\\/11\\\/25\\\/quinho-reforca-compromisso-com-melhorias-em-sao-joao-da-vitoria-durante-visita-ao-batuque-em-vit-da-conquista\\\/\",\"name\":\"Quinho refor\u00e7a compromisso com melhorias em S\u00e3o Jo\u00e3o da Vit\u00f3ria durante visita ao Batuque em Vit. da Conquista - Maetinga Not\u00edcias\",\"isPartOf\":{\"@id\":\"https:\\\/\\\/maetinganoticias.com\\\/#website\"},\"primaryImageOfPage\":{\"@id\":\"https:\\\/\\\/maetinganoticias.com\\\/index.php\\\/2025\\\/11\\\/25\\\/quinho-reforca-compromisso-com-melhorias-em-sao-joao-da-vitoria-durante-visita-ao-batuque-em-vit-da-conquista\\\/#primaryimage\"},\"image\":{\"@id\":\"https:\\\/\\\/maetinganoticias.com\\\/index.php\\\/2025\\\/11\\\/25\\\/quinho-reforca-compromisso-com-melhorias-em-sao-joao-da-vitoria-durante-visita-ao-batuque-em-vit-da-conquista\\\/#primaryimage\"},\"thumbnailUrl\":\"https:\\\/\\\/maetinganoticias.com\\\/wp-content\\\/uploads\\\/2025\\\/11\\\/WhatsApp-Image-2025-11-25-at-21.07.27.jpeg\",\"datePublished\":\"2025-11-26T00:09:33+00:00\",\"dateModified\":\"2025-11-26T00:09:34+00:00\",\"breadcrumb\":{\"@id\":\"https:\\\/\\\/maetinganoticias.com\\\/index.php\\\/2025\\\/11\\\/25\\\/quinho-reforca-compromisso-com-melhorias-em-sao-joao-da-vitoria-durante-visita-ao-batuque-em-vit-da-conquista\\\/#breadcrumb\"},\"inLanguage\":\"pt-BR\",\"potentialAction\":[{\"@type\":\"ReadAction\",\"target\":[\"https:\\\/\\\/maetinganoticias.com\\\/index.php\\\/2025\\\/11\\\/25\\\/quinho-reforca-compromisso-com-melhorias-em-sao-joao-da-vitoria-durante-visita-ao-batuque-em-vit-da-conquista\\\/\"]}]},{\"@type\":\"ImageObject\",\"inLanguage\":\"pt-BR\",\"@id\":\"https:\\\/\\\/maetinganoticias.com\\\/index.php\\\/2025\\\/11\\\/25\\\/quinho-reforca-compromisso-com-melhorias-em-sao-joao-da-vitoria-durante-visita-ao-batuque-em-vit-da-conquista\\\/#primaryimage\",\"url\":\"https:\\\/\\\/maetinganoticias.com\\\/wp-content\\\/uploads\\\/2025\\\/11\\\/WhatsApp-Image-2025-11-25-at-21.07.27.jpeg\",\"contentUrl\":\"https:\\\/\\\/maetinganoticias.com\\\/wp-content\\\/uploads\\\/2025\\\/11\\\/WhatsApp-Image-2025-11-25-at-21.07.27.jpeg\",\"width\":1600,\"height\":1147},{\"@type\":\"BreadcrumbList\",\"@id\":\"https:\\\/\\\/maetinganoticias.com\\\/index.php\\\/2025\\\/11\\\/25\\\/quinho-reforca-compromisso-com-melhorias-em-sao-joao-da-vitoria-durante-visita-ao-batuque-em-vit-da-conquista\\\/#breadcrumb\",\"itemListElement\":[{\"@type\":\"ListItem\",\"position\":1,\"name\":\"In\u00edcio\",\"item\":\"https:\\\/\\\/maetinganoticias.com\\\/\"},{\"@type\":\"ListItem\",\"position\":2,\"name\":\"Quinho refor\u00e7a compromisso com melhorias em S\u00e3o Jo\u00e3o da Vit\u00f3ria durante visita ao Batuque em Vit. da Conquista\"}]},{\"@type\":\"WebSite\",\"@id\":\"https:\\\/\\\/maetinganoticias.com\\\/#website\",\"url\":\"https:\\\/\\\/maetinganoticias.com\\\/\",\"name\":\"Maetinga Not\u00edcias\",\"description\":\"A Voz do Interior Baiano!\",\"publisher\":{\"@id\":\"https:\\\/\\\/maetinganoticias.com\\\/#organization\"},\"potentialAction\":[{\"@type\":\"SearchAction\",\"target\":{\"@type\":\"EntryPoint\",\"urlTemplate\":\"https:\\\/\\\/maetinganoticias.com\\\/?s={search_term_string}\"},\"query-input\":{\"@type\":\"PropertyValueSpecification\",\"valueRequired\":true,\"valueName\":\"search_term_string\"}}],\"inLanguage\":\"pt-BR\"},{\"@type\":\"Organization\",\"@id\":\"https:\\\/\\\/maetinganoticias.com\\\/#organization\",\"name\":\"Maetinga Not\u00edcias\",\"url\":\"https:\\\/\\\/maetinganoticias.com\\\/\",\"logo\":{\"@type\":\"ImageObject\",\"inLanguage\":\"pt-BR\",\"@id\":\"https:\\\/\\\/maetinganoticias.com\\\/#\\\/schema\\\/logo\\\/image\\\/\",\"url\":\"https:\\\/\\\/maetinganoticias.com\\\/wp-content\\\/uploads\\\/2023\\\/07\\\/cropped-cropped-cropped-cropped-BUSINESS-3-42-1.png\",\"contentUrl\":\"https:\\\/\\\/maetinganoticias.com\\\/wp-content\\\/uploads\\\/2023\\\/07\\\/cropped-cropped-cropped-cropped-BUSINESS-3-42-1.png\",\"width\":485,\"height\":109,\"caption\":\"Maetinga Not\u00edcias\"},\"image\":{\"@id\":\"https:\\\/\\\/maetinganoticias.com\\\/#\\\/schema\\\/logo\\\/image\\\/\"}},{\"@type\":\"Person\",\"@id\":\"https:\\\/\\\/maetinganoticias.com\\\/#\\\/schema\\\/person\\\/968cf95e67a6810fc7fb35bbc9016962\",\"name\":\"Maetinga Not\u00edcias\",\"image\":{\"@type\":\"ImageObject\",\"inLanguage\":\"pt-BR\",\"@id\":\"https:\\\/\\\/secure.gravatar.com\\\/avatar\\\/32e078313a5ca37a6c8d44e716ed4f9e87ecfde7222d2b88a1424bd49654f187?s=96&d=mm&r=g\",\"url\":\"https:\\\/\\\/secure.gravatar.com\\\/avatar\\\/32e078313a5ca37a6c8d44e716ed4f9e87ecfde7222d2b88a1424bd49654f187?s=96&d=mm&r=g\",\"contentUrl\":\"https:\\\/\\\/secure.gravatar.com\\\/avatar\\\/32e078313a5ca37a6c8d44e716ed4f9e87ecfde7222d2b88a1424bd49654f187?s=96&d=mm&r=g\",\"caption\":\"Maetinga Not\u00edcias\"},\"description\":\"A voz do Interior Baiano!\",\"sameAs\":[\"https:\\\/\\\/maetinganoticias.com\",\"https:\\\/\\\/www.instagram.com\\\/blogmaetinganoticias\\\/\"],\"url\":\"https:\\\/\\\/maetinganoticias.com\\\/index.php\\\/author\\\/carlosvianna13\\\/\"}]}<\/script>\n<!-- \/ Yoast SEO plugin. -->","yoast_head_json":{"title":"Quinho refor\u00e7a compromisso com melhorias em S\u00e3o Jo\u00e3o da Vit\u00f3ria durante visita ao Batuque em Vit. da Conquista - Maetinga Not\u00edcias","robots":{"index":"index","follow":"follow","max-snippet":"max-snippet:-1","max-image-preview":"max-image-preview:large","max-video-preview":"max-video-preview:-1"},"canonical":"https:\/\/maetinganoticias.com\/index.php\/2025\/11\/25\/quinho-reforca-compromisso-com-melhorias-em-sao-joao-da-vitoria-durante-visita-ao-batuque-em-vit-da-conquista\/","og_locale":"pt_BR","og_type":"article","og_title":"Quinho refor\u00e7a compromisso com melhorias em S\u00e3o Jo\u00e3o da Vit\u00f3ria durante visita ao Batuque em Vit. da Conquista - Maetinga Not\u00edcias","og_description":"Em visita ao povoado de S\u00e3o Jo\u00e3o da Vit\u00f3ria, o tradicional Batuque, em Vit\u00f3ria da Conquista, o pr\u00e9-candidato a deputado estadual Quinho esteve ao lado da Vereadora Leia Meira e lideran\u00e7as locais acompanhando de perto os problemas enfrentados pela comunidade. A falta de pavimenta\u00e7\u00e3o e outras demandas de infraestrutura, agravadas pelas chuvas, foram o centro [&hellip;]","og_url":"https:\/\/maetinganoticias.com\/index.php\/2025\/11\/25\/quinho-reforca-compromisso-com-melhorias-em-sao-joao-da-vitoria-durante-visita-ao-batuque-em-vit-da-conquista\/","og_site_name":"Maetinga Not\u00edcias","article_published_time":"2025-11-26T00:09:33+00:00","article_modified_time":"2025-11-26T00:09:34+00:00","og_image":[{"width":1600,"height":1147,"url":"https:\/\/maetinganoticias.com\/wp-content\/uploads\/2025\/11\/WhatsApp-Image-2025-11-25-at-21.07.27.jpeg","type":"image\/jpeg"}],"author":"Maetinga Not\u00edcias","twitter_card":"summary_large_image","twitter_misc":{"Escrito por":"Maetinga Not\u00edcias","Est. tempo de leitura":"2 minutos"},"schema":{"@context":"https:\/\/schema.org","@graph":[{"@type":["Article","BlogPosting"],"@id":"https:\/\/maetinganoticias.com\/index.php\/2025\/11\/25\/quinho-reforca-compromisso-com-melhorias-em-sao-joao-da-vitoria-durante-visita-ao-batuque-em-vit-da-conquista\/#article","isPartOf":{"@id":"https:\/\/maetinganoticias.com\/index.php\/2025\/11\/25\/quinho-reforca-compromisso-com-melhorias-em-sao-joao-da-vitoria-durante-visita-ao-batuque-em-vit-da-conquista\/"},"author":{"name":"Maetinga Not\u00edcias","@id":"https:\/\/maetinganoticias.com\/#\/schema\/person\/968cf95e67a6810fc7fb35bbc9016962"},"headline":"Quinho refor\u00e7a compromisso com melhorias em S\u00e3o Jo\u00e3o da Vit\u00f3ria durante visita ao Batuque em Vit. da Conquista","datePublished":"2025-11-26T00:09:33+00:00","dateModified":"2025-11-26T00:09:34+00:00","mainEntityOfPage":{"@id":"https:\/\/maetinganoticias.com\/index.php\/2025\/11\/25\/quinho-reforca-compromisso-com-melhorias-em-sao-joao-da-vitoria-durante-visita-ao-batuque-em-vit-da-conquista\/"},"wordCount":211,"commentCount":1,"publisher":{"@id":"https:\/\/maetinganoticias.com\/#organization"},"image":{"@id":"https:\/\/maetinganoticias.com\/index.php\/2025\/11\/25\/quinho-reforca-compromisso-com-melhorias-em-sao-joao-da-vitoria-durante-visita-ao-batuque-em-vit-da-conquista\/#primaryimage"},"thumbnailUrl":"https:\/\/maetinganoticias.com\/wp-content\/uploads\/2025\/11\/WhatsApp-Image-2025-11-25-at-21.07.27.jpeg","articleSection":["Vit\u00f3ria da Conquista"],"inLanguage":"pt-BR","potentialAction":[{"@type":"CommentAction","name":"Comment","target":["https:\/\/maetinganoticias.com\/index.php\/2025\/11\/25\/quinho-reforca-compromisso-com-melhorias-em-sao-joao-da-vitoria-durante-visita-ao-batuque-em-vit-da-conquista\/#respond"]}]},{"@type":"WebPage","@id":"https:\/\/maetinganoticias.com\/index.php\/2025\/11\/25\/quinho-reforca-compromisso-com-melhorias-em-sao-joao-da-vitoria-durante-visita-ao-batuque-em-vit-da-conquista\/","url":"https:\/\/maetinganoticias.com\/index.php\/2025\/11\/25\/quinho-reforca-compromisso-com-melhorias-em-sao-joao-da-vitoria-durante-visita-ao-batuque-em-vit-da-conquista\/","name":"Quinho refor\u00e7a compromisso com melhorias em S\u00e3o Jo\u00e3o da Vit\u00f3ria durante visita ao Batuque em Vit. da Conquista - Maetinga Not\u00edcias","isPartOf":{"@id":"https:\/\/maetinganoticias.com\/#website"},"primaryImageOfPage":{"@id":"https:\/\/maetinganoticias.com\/index.php\/2025\/11\/25\/quinho-reforca-compromisso-com-melhorias-em-sao-joao-da-vitoria-durante-visita-ao-batuque-em-vit-da-conquista\/#primaryimage"},"image":{"@id":"https:\/\/maetinganoticias.com\/index.php\/2025\/11\/25\/quinho-reforca-compromisso-com-melhorias-em-sao-joao-da-vitoria-durante-visita-ao-batuque-em-vit-da-conquista\/#primaryimage"},"thumbnailUrl":"https:\/\/maetinganoticias.com\/wp-content\/uploads\/2025\/11\/WhatsApp-Image-2025-11-25-at-21.07.27.jpeg","datePublished":"2025-11-26T00:09:33+00:00","dateModified":"2025-11-26T00:09:34+00:00","breadcrumb":{"@id":"https:\/\/maetinganoticias.com\/index.php\/2025\/11\/25\/quinho-reforca-compromisso-com-melhorias-em-sao-joao-da-vitoria-durante-visita-ao-batuque-em-vit-da-conquista\/#breadcrumb"},"inLanguage":"pt-BR","potentialAction":[{"@type":"ReadAction","target":["https:\/\/maetinganoticias.com\/index.php\/2025\/11\/25\/quinho-reforca-compromisso-com-melhorias-em-sao-joao-da-vitoria-durante-visita-ao-batuque-em-vit-da-conquista\/"]}]},{"@type":"ImageObject","inLanguage":"pt-BR","@id":"https:\/\/maetinganoticias.com\/index.php\/2025\/11\/25\/quinho-reforca-compromisso-com-melhorias-em-sao-joao-da-vitoria-durante-visita-ao-batuque-em-vit-da-conquista\/#primaryimage","url":"https:\/\/maetinganoticias.com\/wp-content\/uploads\/2025\/11\/WhatsApp-Image-2025-11-25-at-21.07.27.jpeg","contentUrl":"https:\/\/maetinganoticias.com\/wp-content\/uploads\/2025\/11\/WhatsApp-Image-2025-11-25-at-21.07.27.jpeg","width":1600,"height":1147},{"@type":"BreadcrumbList","@id":"https:\/\/maetinganoticias.com\/index.php\/2025\/11\/25\/quinho-reforca-compromisso-com-melhorias-em-sao-joao-da-vitoria-durante-visita-ao-batuque-em-vit-da-conquista\/#breadcrumb","itemListElement":[{"@type":"ListItem","position":1,"name":"In\u00edcio","item":"https:\/\/maetinganoticias.com\/"},{"@type":"ListItem","position":2,"name":"Quinho refor\u00e7a compromisso com melhorias em S\u00e3o Jo\u00e3o da Vit\u00f3ria durante visita ao Batuque em Vit. da Conquista"}]},{"@type":"WebSite","@id":"https:\/\/maetinganoticias.com\/#website","url":"https:\/\/maetinganoticias.com\/","name":"Maetinga Not\u00edcias","description":"A Voz do Interior Baiano!","publisher":{"@id":"https:\/\/maetinganoticias.com\/#organization"},"potentialAction":[{"@type":"SearchAction","target":{"@type":"EntryPoint","urlTemplate":"https:\/\/maetinganoticias.com\/?s={search_term_string}"},"query-input":{"@type":"PropertyValueSpecification","valueRequired":true,"valueName":"search_term_string"}}],"inLanguage":"pt-BR"},{"@type":"Organization","@id":"https:\/\/maetinganoticias.com\/#organization","name":"Maetinga Not\u00edcias","url":"https:\/\/maetinganoticias.com\/","logo":{"@type":"ImageObject","inLanguage":"pt-BR","@id":"https:\/\/maetinganoticias.com\/#\/schema\/logo\/image\/","url":"https:\/\/maetinganoticias.com\/wp-content\/uploads\/2023\/07\/cropped-cropped-cropped-cropped-BUSINESS-3-42-1.png","contentUrl":"https:\/\/maetinganoticias.com\/wp-content\/uploads\/2023\/07\/cropped-cropped-cropped-cropped-BUSINESS-3-42-1.png","width":485,"height":109,"caption":"Maetinga Not\u00edcias"},"image":{"@id":"https:\/\/maetinganoticias.com\/#\/schema\/logo\/image\/"}},{"@type":"Person","@id":"https:\/\/maetinganoticias.com\/#\/schema\/person\/968cf95e67a6810fc7fb35bbc9016962","name":"Maetinga Not\u00edcias","image":{"@type":"ImageObject","inLanguage":"pt-BR","@id":"https:\/\/secure.gravatar.com\/avatar\/32e078313a5ca37a6c8d44e716ed4f9e87ecfde7222d2b88a1424bd49654f187?s=96&d=mm&r=g","url":"https:\/\/secure.gravatar.com\/avatar\/32e078313a5ca37a6c8d44e716ed4f9e87ecfde7222d2b88a1424bd49654f187?s=96&d=mm&r=g","contentUrl":"https:\/\/secure.gravatar.com\/avatar\/32e078313a5ca37a6c8d44e716ed4f9e87ecfde7222d2b88a1424bd49654f187?s=96&d=mm&r=g","caption":"Maetinga Not\u00edcias"},"description":"A voz do Interior Baiano!","sameAs":["https:\/\/maetinganoticias.com","https:\/\/www.instagram.com\/blogmaetinganoticias\/"],"url":"https:\/\/maetinganoticias.com\/index.php\/author\/carlosvianna13\/"}]}},"_links":{"self":[{"href":"https:\/\/maetinganoticias.com\/index.php\/wp-json\/wp\/v2\/posts\/10109","targetHints":{"allow":["GET"]}}],"collection":[{"href":"https:\/\/maetinganoticias.com\/index.php\/wp-json\/wp\/v2\/posts"}],"about":[{"href":"https:\/\/maetinganoticias.com\/index.php\/wp-json\/wp\/v2\/types\/post"}],"author":[{"embeddable":true,"href":"https:\/\/maetinganoticias.com\/index.php\/wp-json\/wp\/v2\/users\/1"}],"replies":[{"embeddable":true,"href":"https:\/\/maetinganoticias.com\/index.php\/wp-json\/wp\/v2\/comments?post=10109"}],"version-history":[{"count":1,"href":"https:\/\/maetinganoticias.com\/index.php\/wp-json\/wp\/v2\/posts\/10109\/revisions"}],"predecessor-version":[{"id":10112,"href":"https:\/\/maetinganoticias.com\/index.php\/wp-json\/wp\/v2\/posts\/10109\/revisions\/10112"}],"wp:featuredmedia":[{"embeddable":true,"href":"https:\/\/maetinganoticias.com\/index.php\/wp-json\/wp\/v2\/media\/10111"}],"wp:attachment":[{"href":"https:\/\/maetinganoticias.com\/index.php\/wp-json\/wp\/v2\/media?parent=10109"}],"wp:term":[{"taxonomy":"category","embeddable":true,"href":"https:\/\/maetinganoticias.com\/index.php\/wp-json\/wp\/v2\/categories?post=10109"},{"taxonomy":"post_tag","embeddable":true,"href":"https:\/\/maetinganoticias.com\/index.php\/wp-json\/wp\/v2\/tags?post=10109"}],"curies":[{"name":"wp","href":"https:\/\/api.w.org\/{rel}","templated":true}]}}