{"id":10099,"date":"2025-11-25T19:27:00","date_gmt":"2025-11-25T22:27:00","guid":{"rendered":"https:\/\/maetinganoticias.com\/?p=10099"},"modified":"2025-11-25T19:27:31","modified_gmt":"2025-11-25T22:27:31","slug":"moraes-decide-que-bolsonaro-cumprira-pena-na-pf","status":"publish","type":"post","link":"https:\/\/maetinganoticias.com\/index.php\/2025\/11\/25\/moraes-decide-que-bolsonaro-cumprira-pena-na-pf\/","title":{"rendered":"Moraes decide que Bolsonaro cumprir\u00e1 pena na PF"},"content":{"rendered":"\n<p><strong><em>Ex-presidente foi condenado a 27 anos e 3 meses de pris\u00e3o<\/em><\/strong><\/p>\n\n\n\n<p>O ministro Alexandre de Moraes, do Supremo Tribunal Federal (STF), determinou nesta ter\u00e7a-feira (25) que o ex-presidente Jair Bolsonaro vai iniciar o cumprimento da pena de 27 anos e tr\u00eas meses pela trama golpista na Superintend\u00eancia da Policia Federal (PF), em Bras\u00edlia.<img decoding=\"async\" src=\"https:\/\/agenciabrasil.ebc.com.br\/ebc.png?id=1669496&amp;o=node\"><img decoding=\"async\" src=\"https:\/\/agenciabrasil.ebc.com.br\/ebc.gif?id=1669496&amp;o=node\"><\/p>\n\n\n\n<p><strong>O ex-presidente\u00a0est\u00e1 preso preventivamente desde a manh\u00e3 de\u00a0s\u00e1bado\u00a0(22) por determina\u00e7\u00e3o de Moraes.\u00a0<\/strong><\/p>\n\n\n\n<p>Bolsonaro\u00a0est\u00e1 em uma cela de cerca de 12 metros quadrados\u00a0(m\u00b2)\u00a0que foi reformada recentemente.\u00a0O espa\u00e7o tem paredes brancas, uma\u00a0cama de solteiro, arm\u00e1rios, mesa de apoio, televis\u00e3o, frigobar, ar condicionado e uma janela, al\u00e9m de banheiro privativo.<\/p>\n\n\n\n<h2 class=\"wp-block-heading\"><strong>Pris\u00e3o preventiva<\/strong><\/h2>\n\n\n\n<p><strong>A pris\u00e3o preventiva ainda n\u00e3o \u00e9 o cumprimento da pena pela trama golpista,\u00a0<\/strong>e foi determinada por Moraes causa de uma\u00a0viola\u00e7\u00e3o da tornozeleira eletr\u00f4nica\u00a0utilizada por Bolsonaro.\u00a0Em\u00a0audi\u00eancia de cust\u00f3dia, o ex-presidente confessou o ato e alegou \u201cparanoia\u201d causada por medicamentos.\u00a0<\/p>\n\n\n\n<p>Na decis\u00e3o em que determinou a pris\u00e3o preventiva, Moraes tamb\u00e9m citou a\u00a0convoca\u00e7\u00e3o de uma vig\u00edlia nas proximidades da resid\u00eancia onde ele cumpria\u00a0pris\u00e3o domiciliar.\u00a0Segundo o ministro, a reuni\u00e3o poderia causar tumulto e at\u00e9 mesmo facilitar <em><strong>&#8220;eventual tentativa de fuga do r\u00e9u&#8221;.<\/strong><\/em><\/p>\n\n\n\n<p><em>Fonte: Ag\u00eancia Brasil<\/em><\/p>\n\n\n\n<p><a href=\"https:\/\/agenciabrasil.ebc.com.br\/justica\/noticia\/2025-11\/stf-determina-execucao-das-penas-de-bolsonaro-e-mais-reus-do-nucleo-1\"><\/a><\/p>\n","protected":false},"excerpt":{"rendered":"<p>Ex-presidente foi condenado a 27 anos e 3 meses de pris\u00e3o O ministro Alexandre de Moraes, do Supremo Tribunal Federal (STF), determinou nesta ter\u00e7a-feira (25) que o ex-presidente Jair Bolsonaro vai iniciar o cumprimento da pena de 27 anos e tr\u00eas meses pela trama golpista na Superintend\u00eancia da Policia Federal (PF), em Bras\u00edlia. O ex-presidente\u00a0est\u00e1 [&hellip;]<\/p>\n","protected":false},"author":1,"featured_media":10100,"comment_status":"open","ping_status":"open","sticky":false,"template":"","format":"standard","meta":{"om_disable_all_campaigns":false,"_monsterinsights_skip_tracking":false,"_monsterinsights_sitenote_active":false,"_monsterinsights_sitenote_note":"","_monsterinsights_sitenote_category":0,"_uf_show_specific_survey":0,"_uf_disable_surveys":false,"footnotes":""},"categories":[698],"tags":[],"class_list":{"0":"post-10099","1":"post","2":"type-post","3":"status-publish","4":"format-standard","5":"has-post-thumbnail","7":"category-justica"},"yoast_head":"<!-- This site is optimized with the Yoast SEO plugin v27.4 - https:\/\/yoast.com\/product\/yoast-seo-wordpress\/ -->\n<title>Moraes decide que Bolsonaro cumprir\u00e1 pena na PF - Maetinga Not\u00edcias<\/title>\n<meta name=\"robots\" content=\"index, follow, max-snippet:-1, max-image-preview:large, max-video-preview:-1\" \/>\n<link rel=\"canonical\" href=\"https:\/\/maetinganoticias.com\/index.php\/2025\/11\/25\/moraes-decide-que-bolsonaro-cumprira-pena-na-pf\/\" \/>\n<meta property=\"og:locale\" content=\"pt_BR\" \/>\n<meta property=\"og:type\" content=\"article\" \/>\n<meta property=\"og:title\" content=\"Moraes decide que Bolsonaro cumprir\u00e1 pena na PF - Maetinga Not\u00edcias\" \/>\n<meta property=\"og:description\" content=\"Ex-presidente foi condenado a 27 anos e 3 meses de pris\u00e3o O ministro Alexandre de Moraes, do Supremo Tribunal Federal (STF), determinou nesta ter\u00e7a-feira (25) que o ex-presidente Jair Bolsonaro vai iniciar o cumprimento da pena de 27 anos e tr\u00eas meses pela trama golpista na Superintend\u00eancia da Policia Federal (PF), em Bras\u00edlia. O ex-presidente\u00a0est\u00e1 [&hellip;]\" \/>\n<meta property=\"og:url\" content=\"https:\/\/maetinganoticias.com\/index.php\/2025\/11\/25\/moraes-decide-que-bolsonaro-cumprira-pena-na-pf\/\" \/>\n<meta property=\"og:site_name\" content=\"Maetinga Not\u00edcias\" \/>\n<meta property=\"article:published_time\" content=\"2025-11-25T22:27:00+00:00\" \/>\n<meta property=\"article:modified_time\" content=\"2025-11-25T22:27:31+00:00\" \/>\n<meta property=\"og:image\" content=\"https:\/\/maetinganoticias.com\/wp-content\/uploads\/2025\/11\/14092025-pzzb3322.webp\" \/>\n\t<meta property=\"og:image:width\" content=\"1170\" \/>\n\t<meta property=\"og:image:height\" content=\"700\" \/>\n\t<meta property=\"og:image:type\" content=\"image\/webp\" \/>\n<meta name=\"author\" content=\"Maetinga Not\u00edcias\" \/>\n<meta name=\"twitter:card\" content=\"summary_large_image\" \/>\n<meta name=\"twitter:label1\" content=\"Escrito por\" \/>\n\t<meta name=\"twitter:data1\" content=\"Maetinga Not\u00edcias\" \/>\n\t<meta name=\"twitter:label2\" content=\"Est. tempo de leitura\" \/>\n\t<meta name=\"twitter:data2\" content=\"2 minutos\" \/>\n<script type=\"application\/ld+json\" class=\"yoast-schema-graph\">{\"@context\":\"https:\\\/\\\/schema.org\",\"@graph\":[{\"@type\":[\"Article\",\"BlogPosting\"],\"@id\":\"https:\\\/\\\/maetinganoticias.com\\\/index.php\\\/2025\\\/11\\\/25\\\/moraes-decide-que-bolsonaro-cumprira-pena-na-pf\\\/#article\",\"isPartOf\":{\"@id\":\"https:\\\/\\\/maetinganoticias.com\\\/index.php\\\/2025\\\/11\\\/25\\\/moraes-decide-que-bolsonaro-cumprira-pena-na-pf\\\/\"},\"author\":{\"name\":\"Maetinga Not\u00edcias\",\"@id\":\"https:\\\/\\\/maetinganoticias.com\\\/#\\\/schema\\\/person\\\/968cf95e67a6810fc7fb35bbc9016962\"},\"headline\":\"Moraes decide que Bolsonaro cumprir\u00e1 pena na PF\",\"datePublished\":\"2025-11-25T22:27:00+00:00\",\"dateModified\":\"2025-11-25T22:27:31+00:00\",\"mainEntityOfPage\":{\"@id\":\"https:\\\/\\\/maetinganoticias.com\\\/index.php\\\/2025\\\/11\\\/25\\\/moraes-decide-que-bolsonaro-cumprira-pena-na-pf\\\/\"},\"wordCount\":228,\"commentCount\":0,\"publisher\":{\"@id\":\"https:\\\/\\\/maetinganoticias.com\\\/#organization\"},\"image\":{\"@id\":\"https:\\\/\\\/maetinganoticias.com\\\/index.php\\\/2025\\\/11\\\/25\\\/moraes-decide-que-bolsonaro-cumprira-pena-na-pf\\\/#primaryimage\"},\"thumbnailUrl\":\"https:\\\/\\\/maetinganoticias.com\\\/wp-content\\\/uploads\\\/2025\\\/11\\\/14092025-pzzb3322.webp\",\"articleSection\":[\"Justi\u00e7a\"],\"inLanguage\":\"pt-BR\",\"potentialAction\":[{\"@type\":\"CommentAction\",\"name\":\"Comment\",\"target\":[\"https:\\\/\\\/maetinganoticias.com\\\/index.php\\\/2025\\\/11\\\/25\\\/moraes-decide-que-bolsonaro-cumprira-pena-na-pf\\\/#respond\"]}]},{\"@type\":\"WebPage\",\"@id\":\"https:\\\/\\\/maetinganoticias.com\\\/index.php\\\/2025\\\/11\\\/25\\\/moraes-decide-que-bolsonaro-cumprira-pena-na-pf\\\/\",\"url\":\"https:\\\/\\\/maetinganoticias.com\\\/index.php\\\/2025\\\/11\\\/25\\\/moraes-decide-que-bolsonaro-cumprira-pena-na-pf\\\/\",\"name\":\"Moraes decide que Bolsonaro cumprir\u00e1 pena na PF - Maetinga Not\u00edcias\",\"isPartOf\":{\"@id\":\"https:\\\/\\\/maetinganoticias.com\\\/#website\"},\"primaryImageOfPage\":{\"@id\":\"https:\\\/\\\/maetinganoticias.com\\\/index.php\\\/2025\\\/11\\\/25\\\/moraes-decide-que-bolsonaro-cumprira-pena-na-pf\\\/#primaryimage\"},\"image\":{\"@id\":\"https:\\\/\\\/maetinganoticias.com\\\/index.php\\\/2025\\\/11\\\/25\\\/moraes-decide-que-bolsonaro-cumprira-pena-na-pf\\\/#primaryimage\"},\"thumbnailUrl\":\"https:\\\/\\\/maetinganoticias.com\\\/wp-content\\\/uploads\\\/2025\\\/11\\\/14092025-pzzb3322.webp\",\"datePublished\":\"2025-11-25T22:27:00+00:00\",\"dateModified\":\"2025-11-25T22:27:31+00:00\",\"breadcrumb\":{\"@id\":\"https:\\\/\\\/maetinganoticias.com\\\/index.php\\\/2025\\\/11\\\/25\\\/moraes-decide-que-bolsonaro-cumprira-pena-na-pf\\\/#breadcrumb\"},\"inLanguage\":\"pt-BR\",\"potentialAction\":[{\"@type\":\"ReadAction\",\"target\":[\"https:\\\/\\\/maetinganoticias.com\\\/index.php\\\/2025\\\/11\\\/25\\\/moraes-decide-que-bolsonaro-cumprira-pena-na-pf\\\/\"]}]},{\"@type\":\"ImageObject\",\"inLanguage\":\"pt-BR\",\"@id\":\"https:\\\/\\\/maetinganoticias.com\\\/index.php\\\/2025\\\/11\\\/25\\\/moraes-decide-que-bolsonaro-cumprira-pena-na-pf\\\/#primaryimage\",\"url\":\"https:\\\/\\\/maetinganoticias.com\\\/wp-content\\\/uploads\\\/2025\\\/11\\\/14092025-pzzb3322.webp\",\"contentUrl\":\"https:\\\/\\\/maetinganoticias.com\\\/wp-content\\\/uploads\\\/2025\\\/11\\\/14092025-pzzb3322.webp\",\"width\":1170,\"height\":700,\"caption\":\"\u00a9 Fabio Rodrigues-Pozzebom\\\/ Ag\u00eancia Brasil\"},{\"@type\":\"BreadcrumbList\",\"@id\":\"https:\\\/\\\/maetinganoticias.com\\\/index.php\\\/2025\\\/11\\\/25\\\/moraes-decide-que-bolsonaro-cumprira-pena-na-pf\\\/#breadcrumb\",\"itemListElement\":[{\"@type\":\"ListItem\",\"position\":1,\"name\":\"In\u00edcio\",\"item\":\"https:\\\/\\\/maetinganoticias.com\\\/\"},{\"@type\":\"ListItem\",\"position\":2,\"name\":\"Moraes decide que Bolsonaro cumprir\u00e1 pena na PF\"}]},{\"@type\":\"WebSite\",\"@id\":\"https:\\\/\\\/maetinganoticias.com\\\/#website\",\"url\":\"https:\\\/\\\/maetinganoticias.com\\\/\",\"name\":\"Maetinga Not\u00edcias\",\"description\":\"A Voz do Interior Baiano!\",\"publisher\":{\"@id\":\"https:\\\/\\\/maetinganoticias.com\\\/#organization\"},\"potentialAction\":[{\"@type\":\"SearchAction\",\"target\":{\"@type\":\"EntryPoint\",\"urlTemplate\":\"https:\\\/\\\/maetinganoticias.com\\\/?s={search_term_string}\"},\"query-input\":{\"@type\":\"PropertyValueSpecification\",\"valueRequired\":true,\"valueName\":\"search_term_string\"}}],\"inLanguage\":\"pt-BR\"},{\"@type\":\"Organization\",\"@id\":\"https:\\\/\\\/maetinganoticias.com\\\/#organization\",\"name\":\"Maetinga Not\u00edcias\",\"url\":\"https:\\\/\\\/maetinganoticias.com\\\/\",\"logo\":{\"@type\":\"ImageObject\",\"inLanguage\":\"pt-BR\",\"@id\":\"https:\\\/\\\/maetinganoticias.com\\\/#\\\/schema\\\/logo\\\/image\\\/\",\"url\":\"https:\\\/\\\/maetinganoticias.com\\\/wp-content\\\/uploads\\\/2023\\\/07\\\/cropped-cropped-cropped-cropped-BUSINESS-3-42-1.png\",\"contentUrl\":\"https:\\\/\\\/maetinganoticias.com\\\/wp-content\\\/uploads\\\/2023\\\/07\\\/cropped-cropped-cropped-cropped-BUSINESS-3-42-1.png\",\"width\":485,\"height\":109,\"caption\":\"Maetinga Not\u00edcias\"},\"image\":{\"@id\":\"https:\\\/\\\/maetinganoticias.com\\\/#\\\/schema\\\/logo\\\/image\\\/\"}},{\"@type\":\"Person\",\"@id\":\"https:\\\/\\\/maetinganoticias.com\\\/#\\\/schema\\\/person\\\/968cf95e67a6810fc7fb35bbc9016962\",\"name\":\"Maetinga Not\u00edcias\",\"image\":{\"@type\":\"ImageObject\",\"inLanguage\":\"pt-BR\",\"@id\":\"https:\\\/\\\/secure.gravatar.com\\\/avatar\\\/32e078313a5ca37a6c8d44e716ed4f9e87ecfde7222d2b88a1424bd49654f187?s=96&d=mm&r=g\",\"url\":\"https:\\\/\\\/secure.gravatar.com\\\/avatar\\\/32e078313a5ca37a6c8d44e716ed4f9e87ecfde7222d2b88a1424bd49654f187?s=96&d=mm&r=g\",\"contentUrl\":\"https:\\\/\\\/secure.gravatar.com\\\/avatar\\\/32e078313a5ca37a6c8d44e716ed4f9e87ecfde7222d2b88a1424bd49654f187?s=96&d=mm&r=g\",\"caption\":\"Maetinga Not\u00edcias\"},\"description\":\"A voz do Interior Baiano!\",\"sameAs\":[\"https:\\\/\\\/maetinganoticias.com\",\"https:\\\/\\\/www.instagram.com\\\/blogmaetinganoticias\\\/\"],\"url\":\"https:\\\/\\\/maetinganoticias.com\\\/index.php\\\/author\\\/carlosvianna13\\\/\"}]}<\/script>\n<!-- \/ Yoast SEO plugin. -->","yoast_head_json":{"title":"Moraes decide que Bolsonaro cumprir\u00e1 pena na PF - Maetinga Not\u00edcias","robots":{"index":"index","follow":"follow","max-snippet":"max-snippet:-1","max-image-preview":"max-image-preview:large","max-video-preview":"max-video-preview:-1"},"canonical":"https:\/\/maetinganoticias.com\/index.php\/2025\/11\/25\/moraes-decide-que-bolsonaro-cumprira-pena-na-pf\/","og_locale":"pt_BR","og_type":"article","og_title":"Moraes decide que Bolsonaro cumprir\u00e1 pena na PF - Maetinga Not\u00edcias","og_description":"Ex-presidente foi condenado a 27 anos e 3 meses de pris\u00e3o O ministro Alexandre de Moraes, do Supremo Tribunal Federal (STF), determinou nesta ter\u00e7a-feira (25) que o ex-presidente Jair Bolsonaro vai iniciar o cumprimento da pena de 27 anos e tr\u00eas meses pela trama golpista na Superintend\u00eancia da Policia Federal (PF), em Bras\u00edlia. O ex-presidente\u00a0est\u00e1 [&hellip;]","og_url":"https:\/\/maetinganoticias.com\/index.php\/2025\/11\/25\/moraes-decide-que-bolsonaro-cumprira-pena-na-pf\/","og_site_name":"Maetinga Not\u00edcias","article_published_time":"2025-11-25T22:27:00+00:00","article_modified_time":"2025-11-25T22:27:31+00:00","og_image":[{"width":1170,"height":700,"url":"https:\/\/maetinganoticias.com\/wp-content\/uploads\/2025\/11\/14092025-pzzb3322.webp","type":"image\/webp"}],"author":"Maetinga Not\u00edcias","twitter_card":"summary_large_image","twitter_misc":{"Escrito por":"Maetinga Not\u00edcias","Est. tempo de leitura":"2 minutos"},"schema":{"@context":"https:\/\/schema.org","@graph":[{"@type":["Article","BlogPosting"],"@id":"https:\/\/maetinganoticias.com\/index.php\/2025\/11\/25\/moraes-decide-que-bolsonaro-cumprira-pena-na-pf\/#article","isPartOf":{"@id":"https:\/\/maetinganoticias.com\/index.php\/2025\/11\/25\/moraes-decide-que-bolsonaro-cumprira-pena-na-pf\/"},"author":{"name":"Maetinga Not\u00edcias","@id":"https:\/\/maetinganoticias.com\/#\/schema\/person\/968cf95e67a6810fc7fb35bbc9016962"},"headline":"Moraes decide que Bolsonaro cumprir\u00e1 pena na PF","datePublished":"2025-11-25T22:27:00+00:00","dateModified":"2025-11-25T22:27:31+00:00","mainEntityOfPage":{"@id":"https:\/\/maetinganoticias.com\/index.php\/2025\/11\/25\/moraes-decide-que-bolsonaro-cumprira-pena-na-pf\/"},"wordCount":228,"commentCount":0,"publisher":{"@id":"https:\/\/maetinganoticias.com\/#organization"},"image":{"@id":"https:\/\/maetinganoticias.com\/index.php\/2025\/11\/25\/moraes-decide-que-bolsonaro-cumprira-pena-na-pf\/#primaryimage"},"thumbnailUrl":"https:\/\/maetinganoticias.com\/wp-content\/uploads\/2025\/11\/14092025-pzzb3322.webp","articleSection":["Justi\u00e7a"],"inLanguage":"pt-BR","potentialAction":[{"@type":"CommentAction","name":"Comment","target":["https:\/\/maetinganoticias.com\/index.php\/2025\/11\/25\/moraes-decide-que-bolsonaro-cumprira-pena-na-pf\/#respond"]}]},{"@type":"WebPage","@id":"https:\/\/maetinganoticias.com\/index.php\/2025\/11\/25\/moraes-decide-que-bolsonaro-cumprira-pena-na-pf\/","url":"https:\/\/maetinganoticias.com\/index.php\/2025\/11\/25\/moraes-decide-que-bolsonaro-cumprira-pena-na-pf\/","name":"Moraes decide que Bolsonaro cumprir\u00e1 pena na PF - Maetinga Not\u00edcias","isPartOf":{"@id":"https:\/\/maetinganoticias.com\/#website"},"primaryImageOfPage":{"@id":"https:\/\/maetinganoticias.com\/index.php\/2025\/11\/25\/moraes-decide-que-bolsonaro-cumprira-pena-na-pf\/#primaryimage"},"image":{"@id":"https:\/\/maetinganoticias.com\/index.php\/2025\/11\/25\/moraes-decide-que-bolsonaro-cumprira-pena-na-pf\/#primaryimage"},"thumbnailUrl":"https:\/\/maetinganoticias.com\/wp-content\/uploads\/2025\/11\/14092025-pzzb3322.webp","datePublished":"2025-11-25T22:27:00+00:00","dateModified":"2025-11-25T22:27:31+00:00","breadcrumb":{"@id":"https:\/\/maetinganoticias.com\/index.php\/2025\/11\/25\/moraes-decide-que-bolsonaro-cumprira-pena-na-pf\/#breadcrumb"},"inLanguage":"pt-BR","potentialAction":[{"@type":"ReadAction","target":["https:\/\/maetinganoticias.com\/index.php\/2025\/11\/25\/moraes-decide-que-bolsonaro-cumprira-pena-na-pf\/"]}]},{"@type":"ImageObject","inLanguage":"pt-BR","@id":"https:\/\/maetinganoticias.com\/index.php\/2025\/11\/25\/moraes-decide-que-bolsonaro-cumprira-pena-na-pf\/#primaryimage","url":"https:\/\/maetinganoticias.com\/wp-content\/uploads\/2025\/11\/14092025-pzzb3322.webp","contentUrl":"https:\/\/maetinganoticias.com\/wp-content\/uploads\/2025\/11\/14092025-pzzb3322.webp","width":1170,"height":700,"caption":"\u00a9 Fabio Rodrigues-Pozzebom\/ Ag\u00eancia Brasil"},{"@type":"BreadcrumbList","@id":"https:\/\/maetinganoticias.com\/index.php\/2025\/11\/25\/moraes-decide-que-bolsonaro-cumprira-pena-na-pf\/#breadcrumb","itemListElement":[{"@type":"ListItem","position":1,"name":"In\u00edcio","item":"https:\/\/maetinganoticias.com\/"},{"@type":"ListItem","position":2,"name":"Moraes decide que Bolsonaro cumprir\u00e1 pena na PF"}]},{"@type":"WebSite","@id":"https:\/\/maetinganoticias.com\/#website","url":"https:\/\/maetinganoticias.com\/","name":"Maetinga Not\u00edcias","description":"A Voz do Interior Baiano!","publisher":{"@id":"https:\/\/maetinganoticias.com\/#organization"},"potentialAction":[{"@type":"SearchAction","target":{"@type":"EntryPoint","urlTemplate":"https:\/\/maetinganoticias.com\/?s={search_term_string}"},"query-input":{"@type":"PropertyValueSpecification","valueRequired":true,"valueName":"search_term_string"}}],"inLanguage":"pt-BR"},{"@type":"Organization","@id":"https:\/\/maetinganoticias.com\/#organization","name":"Maetinga Not\u00edcias","url":"https:\/\/maetinganoticias.com\/","logo":{"@type":"ImageObject","inLanguage":"pt-BR","@id":"https:\/\/maetinganoticias.com\/#\/schema\/logo\/image\/","url":"https:\/\/maetinganoticias.com\/wp-content\/uploads\/2023\/07\/cropped-cropped-cropped-cropped-BUSINESS-3-42-1.png","contentUrl":"https:\/\/maetinganoticias.com\/wp-content\/uploads\/2023\/07\/cropped-cropped-cropped-cropped-BUSINESS-3-42-1.png","width":485,"height":109,"caption":"Maetinga Not\u00edcias"},"image":{"@id":"https:\/\/maetinganoticias.com\/#\/schema\/logo\/image\/"}},{"@type":"Person","@id":"https:\/\/maetinganoticias.com\/#\/schema\/person\/968cf95e67a6810fc7fb35bbc9016962","name":"Maetinga Not\u00edcias","image":{"@type":"ImageObject","inLanguage":"pt-BR","@id":"https:\/\/secure.gravatar.com\/avatar\/32e078313a5ca37a6c8d44e716ed4f9e87ecfde7222d2b88a1424bd49654f187?s=96&d=mm&r=g","url":"https:\/\/secure.gravatar.com\/avatar\/32e078313a5ca37a6c8d44e716ed4f9e87ecfde7222d2b88a1424bd49654f187?s=96&d=mm&r=g","contentUrl":"https:\/\/secure.gravatar.com\/avatar\/32e078313a5ca37a6c8d44e716ed4f9e87ecfde7222d2b88a1424bd49654f187?s=96&d=mm&r=g","caption":"Maetinga Not\u00edcias"},"description":"A voz do Interior Baiano!","sameAs":["https:\/\/maetinganoticias.com","https:\/\/www.instagram.com\/blogmaetinganoticias\/"],"url":"https:\/\/maetinganoticias.com\/index.php\/author\/carlosvianna13\/"}]}},"_links":{"self":[{"href":"https:\/\/maetinganoticias.com\/index.php\/wp-json\/wp\/v2\/posts\/10099","targetHints":{"allow":["GET"]}}],"collection":[{"href":"https:\/\/maetinganoticias.com\/index.php\/wp-json\/wp\/v2\/posts"}],"about":[{"href":"https:\/\/maetinganoticias.com\/index.php\/wp-json\/wp\/v2\/types\/post"}],"author":[{"embeddable":true,"href":"https:\/\/maetinganoticias.com\/index.php\/wp-json\/wp\/v2\/users\/1"}],"replies":[{"embeddable":true,"href":"https:\/\/maetinganoticias.com\/index.php\/wp-json\/wp\/v2\/comments?post=10099"}],"version-history":[{"count":1,"href":"https:\/\/maetinganoticias.com\/index.php\/wp-json\/wp\/v2\/posts\/10099\/revisions"}],"predecessor-version":[{"id":10101,"href":"https:\/\/maetinganoticias.com\/index.php\/wp-json\/wp\/v2\/posts\/10099\/revisions\/10101"}],"wp:featuredmedia":[{"embeddable":true,"href":"https:\/\/maetinganoticias.com\/index.php\/wp-json\/wp\/v2\/media\/10100"}],"wp:attachment":[{"href":"https:\/\/maetinganoticias.com\/index.php\/wp-json\/wp\/v2\/media?parent=10099"}],"wp:term":[{"taxonomy":"category","embeddable":true,"href":"https:\/\/maetinganoticias.com\/index.php\/wp-json\/wp\/v2\/categories?post=10099"},{"taxonomy":"post_tag","embeddable":true,"href":"https:\/\/maetinganoticias.com\/index.php\/wp-json\/wp\/v2\/tags?post=10099"}],"curies":[{"name":"wp","href":"https:\/\/api.w.org\/{rel}","templated":true}]}}