{"id":10075,"date":"2025-11-25T15:11:56","date_gmt":"2025-11-25T18:11:56","guid":{"rendered":"https:\/\/maetinganoticias.com\/?p=10075"},"modified":"2025-11-25T15:30:06","modified_gmt":"2025-11-25T18:30:06","slug":"guajeru-celebra-talento-e-inclusao-em-noite-especial-do-projeto-sons-do-sertao","status":"publish","type":"post","link":"https:\/\/maetinganoticias.com\/index.php\/2025\/11\/25\/guajeru-celebra-talento-e-inclusao-em-noite-especial-do-projeto-sons-do-sertao\/","title":{"rendered":"Guajeru celebra talento e inclus\u00e3o em noite especial do projeto \u201cSons do Sert\u00e3o\u201d"},"content":{"rendered":"\n<p>A Prefeitura Municipal de Guajeru promoveu, na noite desta sexta-feira (21), um momento inesquec\u00edvel para a comunidade. Por meio da Secretaria Municipal de Assist\u00eancia e Desenvolvimento Social, o CRAS Zilda Arns realizou a culmin\u00e2ncia do projeto <strong>Grupo de V\u00ednculo Sons do Sert\u00e3o<\/strong>, reunindo crian\u00e7as, adolescentes e jovens em um espet\u00e1culo marcado por emo\u00e7\u00e3o, cultura e talento.<\/p>\n\n\n\n<p>O projeto, que se destaca por ensinar m\u00fasica com sensibilidade e prop\u00f3sito, vem transformando a realidade de muitos jovens ao estimular express\u00e3o art\u00edstica, desenvolvimento t\u00e9cnico e fortalecimento de v\u00ednculos. Nesta edi\u00e7\u00e3o, o palco foi tomado por apresenta\u00e7\u00f5es que encantaram o p\u00fablico, revelando vozes potentes, execu\u00e7\u00e3o precisa de instrumentos e uma dedica\u00e7\u00e3o evidente de cada participante.<\/p>\n\n\n\n<p>As fam\u00edlias e visitantes acompanharam cada n\u00famero com entusiasmo, celebrando a evolu\u00e7\u00e3o e o brilho dos jovens artistas. A noite foi um verdadeiro retrato da for\u00e7a da arte como ferramenta de inclus\u00e3o, cidadania e pertencimento.<\/p>\n\n\n\n<p>O prefeito <strong>Galego de Guajeru<\/strong> destacou a import\u00e2ncia de investir em a\u00e7\u00f5es que impactam diretamente a vida das pessoas.<em><strong> \u201cVer nossos jovens brilhando em um projeto t\u00e3o bonito nos enche de orgulho. A administra\u00e7\u00e3o segue firme no compromisso de apoiar iniciativas que fortalecem v\u00ednculos, ampliam oportunidades e valorizam o talento da nossa gente\u201d, <\/strong><\/em>afirmou.<\/p>\n\n\n\n<p>A gest\u00e3o municipal refor\u00e7a que seguir\u00e1 investindo na cultura, na educa\u00e7\u00e3o e no desenvolvimento social, garantindo que mais crian\u00e7as e adolescentes tenham acesso a projetos que inspiram, acolhem e transformam vidas.<\/p>\n\n\n\n<figure class=\"wp-block-image size-large\"><img loading=\"lazy\" decoding=\"async\" width=\"1024\" height=\"533\" src=\"https:\/\/maetinganoticias.com\/wp-content\/uploads\/2025\/11\/WhatsApp-Image-2025-11-25-at-15.08.17-1-1024x533.jpeg\" alt=\"\" class=\"wp-image-10090\" srcset=\"https:\/\/maetinganoticias.com\/wp-content\/uploads\/2025\/11\/WhatsApp-Image-2025-11-25-at-15.08.17-1-1024x533.jpeg 1024w, https:\/\/maetinganoticias.com\/wp-content\/uploads\/2025\/11\/WhatsApp-Image-2025-11-25-at-15.08.17-1-300x156.jpeg 300w, https:\/\/maetinganoticias.com\/wp-content\/uploads\/2025\/11\/WhatsApp-Image-2025-11-25-at-15.08.17-1-768x400.jpeg 768w, https:\/\/maetinganoticias.com\/wp-content\/uploads\/2025\/11\/WhatsApp-Image-2025-11-25-at-15.08.17-1-807x420.jpeg 807w, https:\/\/maetinganoticias.com\/wp-content\/uploads\/2025\/11\/WhatsApp-Image-2025-11-25-at-15.08.17-1-150x78.jpeg 150w, https:\/\/maetinganoticias.com\/wp-content\/uploads\/2025\/11\/WhatsApp-Image-2025-11-25-at-15.08.17-1-696x362.jpeg 696w, https:\/\/maetinganoticias.com\/wp-content\/uploads\/2025\/11\/WhatsApp-Image-2025-11-25-at-15.08.17-1-1068x556.jpeg 1068w, https:\/\/maetinganoticias.com\/wp-content\/uploads\/2025\/11\/WhatsApp-Image-2025-11-25-at-15.08.17-1.jpeg 1080w\" sizes=\"auto, (max-width: 1024px) 100vw, 1024px\" \/><\/figure>\n\n\n\n<figure class=\"wp-block-image size-large\"><img loading=\"lazy\" decoding=\"async\" width=\"1024\" height=\"541\" src=\"https:\/\/maetinganoticias.com\/wp-content\/uploads\/2025\/11\/WhatsApp-Image-2025-11-25-at-15.08.29-1-1024x541.jpeg\" alt=\"\" class=\"wp-image-10091\" srcset=\"https:\/\/maetinganoticias.com\/wp-content\/uploads\/2025\/11\/WhatsApp-Image-2025-11-25-at-15.08.29-1-1024x541.jpeg 1024w, https:\/\/maetinganoticias.com\/wp-content\/uploads\/2025\/11\/WhatsApp-Image-2025-11-25-at-15.08.29-1-300x159.jpeg 300w, https:\/\/maetinganoticias.com\/wp-content\/uploads\/2025\/11\/WhatsApp-Image-2025-11-25-at-15.08.29-1-768x406.jpeg 768w, https:\/\/maetinganoticias.com\/wp-content\/uploads\/2025\/11\/WhatsApp-Image-2025-11-25-at-15.08.29-1-794x420.jpeg 794w, https:\/\/maetinganoticias.com\/wp-content\/uploads\/2025\/11\/WhatsApp-Image-2025-11-25-at-15.08.29-1-150x79.jpeg 150w, https:\/\/maetinganoticias.com\/wp-content\/uploads\/2025\/11\/WhatsApp-Image-2025-11-25-at-15.08.29-1-696x368.jpeg 696w, https:\/\/maetinganoticias.com\/wp-content\/uploads\/2025\/11\/WhatsApp-Image-2025-11-25-at-15.08.29-1-1068x565.jpeg 1068w, https:\/\/maetinganoticias.com\/wp-content\/uploads\/2025\/11\/WhatsApp-Image-2025-11-25-at-15.08.29-1.jpeg 1080w\" sizes=\"auto, (max-width: 1024px) 100vw, 1024px\" \/><\/figure>\n\n\n\n<figure class=\"wp-block-image size-large\"><img loading=\"lazy\" decoding=\"async\" width=\"1024\" height=\"523\" src=\"https:\/\/maetinganoticias.com\/wp-content\/uploads\/2025\/11\/WhatsApp-Image-2025-11-25-at-15.08.42-1-1024x523.jpeg\" alt=\"\" class=\"wp-image-10092\" srcset=\"https:\/\/maetinganoticias.com\/wp-content\/uploads\/2025\/11\/WhatsApp-Image-2025-11-25-at-15.08.42-1-1024x523.jpeg 1024w, https:\/\/maetinganoticias.com\/wp-content\/uploads\/2025\/11\/WhatsApp-Image-2025-11-25-at-15.08.42-1-300x153.jpeg 300w, https:\/\/maetinganoticias.com\/wp-content\/uploads\/2025\/11\/WhatsApp-Image-2025-11-25-at-15.08.42-1-768x393.jpeg 768w, https:\/\/maetinganoticias.com\/wp-content\/uploads\/2025\/11\/WhatsApp-Image-2025-11-25-at-15.08.42-1-822x420.jpeg 822w, https:\/\/maetinganoticias.com\/wp-content\/uploads\/2025\/11\/WhatsApp-Image-2025-11-25-at-15.08.42-1-150x77.jpeg 150w, https:\/\/maetinganoticias.com\/wp-content\/uploads\/2025\/11\/WhatsApp-Image-2025-11-25-at-15.08.42-1-696x356.jpeg 696w, https:\/\/maetinganoticias.com\/wp-content\/uploads\/2025\/11\/WhatsApp-Image-2025-11-25-at-15.08.42-1-1068x546.jpeg 1068w, https:\/\/maetinganoticias.com\/wp-content\/uploads\/2025\/11\/WhatsApp-Image-2025-11-25-at-15.08.42-1.jpeg 1080w\" sizes=\"auto, (max-width: 1024px) 100vw, 1024px\" \/><\/figure>\n\n\n\n<figure class=\"wp-block-image size-large\"><img loading=\"lazy\" decoding=\"async\" width=\"1024\" height=\"564\" src=\"https:\/\/maetinganoticias.com\/wp-content\/uploads\/2025\/11\/WhatsApp-Image-2025-11-25-at-15.09.05-1-1024x564.jpeg\" alt=\"\" class=\"wp-image-10093\" srcset=\"https:\/\/maetinganoticias.com\/wp-content\/uploads\/2025\/11\/WhatsApp-Image-2025-11-25-at-15.09.05-1-1024x564.jpeg 1024w, https:\/\/maetinganoticias.com\/wp-content\/uploads\/2025\/11\/WhatsApp-Image-2025-11-25-at-15.09.05-1-300x165.jpeg 300w, https:\/\/maetinganoticias.com\/wp-content\/uploads\/2025\/11\/WhatsApp-Image-2025-11-25-at-15.09.05-1-768x423.jpeg 768w, https:\/\/maetinganoticias.com\/wp-content\/uploads\/2025\/11\/WhatsApp-Image-2025-11-25-at-15.09.05-1-762x420.jpeg 762w, https:\/\/maetinganoticias.com\/wp-content\/uploads\/2025\/11\/WhatsApp-Image-2025-11-25-at-15.09.05-1-150x83.jpeg 150w, https:\/\/maetinganoticias.com\/wp-content\/uploads\/2025\/11\/WhatsApp-Image-2025-11-25-at-15.09.05-1-696x383.jpeg 696w, https:\/\/maetinganoticias.com\/wp-content\/uploads\/2025\/11\/WhatsApp-Image-2025-11-25-at-15.09.05-1-1068x588.jpeg 1068w, https:\/\/maetinganoticias.com\/wp-content\/uploads\/2025\/11\/WhatsApp-Image-2025-11-25-at-15.09.05-1.jpeg 1080w\" sizes=\"auto, (max-width: 1024px) 100vw, 1024px\" \/><\/figure>\n\n\n\n<figure class=\"wp-block-image size-large\"><img loading=\"lazy\" decoding=\"async\" width=\"1024\" height=\"601\" src=\"https:\/\/maetinganoticias.com\/wp-content\/uploads\/2025\/11\/WhatsApp-Image-2025-11-25-at-15.09.23-1-1024x601.jpeg\" alt=\"\" class=\"wp-image-10094\" srcset=\"https:\/\/maetinganoticias.com\/wp-content\/uploads\/2025\/11\/WhatsApp-Image-2025-11-25-at-15.09.23-1-1024x601.jpeg 1024w, https:\/\/maetinganoticias.com\/wp-content\/uploads\/2025\/11\/WhatsApp-Image-2025-11-25-at-15.09.23-1-300x176.jpeg 300w, https:\/\/maetinganoticias.com\/wp-content\/uploads\/2025\/11\/WhatsApp-Image-2025-11-25-at-15.09.23-1-768x451.jpeg 768w, https:\/\/maetinganoticias.com\/wp-content\/uploads\/2025\/11\/WhatsApp-Image-2025-11-25-at-15.09.23-1-715x420.jpeg 715w, https:\/\/maetinganoticias.com\/wp-content\/uploads\/2025\/11\/WhatsApp-Image-2025-11-25-at-15.09.23-1-150x88.jpeg 150w, https:\/\/maetinganoticias.com\/wp-content\/uploads\/2025\/11\/WhatsApp-Image-2025-11-25-at-15.09.23-1-696x409.jpeg 696w, https:\/\/maetinganoticias.com\/wp-content\/uploads\/2025\/11\/WhatsApp-Image-2025-11-25-at-15.09.23-1-1068x627.jpeg 1068w, https:\/\/maetinganoticias.com\/wp-content\/uploads\/2025\/11\/WhatsApp-Image-2025-11-25-at-15.09.23-1.jpeg 1080w\" sizes=\"auto, (max-width: 1024px) 100vw, 1024px\" \/><\/figure>\n\n\n\n<figure class=\"wp-block-image size-large\"><img loading=\"lazy\" decoding=\"async\" width=\"1024\" height=\"574\" src=\"https:\/\/maetinganoticias.com\/wp-content\/uploads\/2025\/11\/WhatsApp-Image-2025-11-25-at-15.07.49-1-1024x574.jpeg\" alt=\"\" class=\"wp-image-10088\" srcset=\"https:\/\/maetinganoticias.com\/wp-content\/uploads\/2025\/11\/WhatsApp-Image-2025-11-25-at-15.07.49-1-1024x574.jpeg 1024w, https:\/\/maetinganoticias.com\/wp-content\/uploads\/2025\/11\/WhatsApp-Image-2025-11-25-at-15.07.49-1-300x168.jpeg 300w, https:\/\/maetinganoticias.com\/wp-content\/uploads\/2025\/11\/WhatsApp-Image-2025-11-25-at-15.07.49-1-768x430.jpeg 768w, https:\/\/maetinganoticias.com\/wp-content\/uploads\/2025\/11\/WhatsApp-Image-2025-11-25-at-15.07.49-1-750x420.jpeg 750w, https:\/\/maetinganoticias.com\/wp-content\/uploads\/2025\/11\/WhatsApp-Image-2025-11-25-at-15.07.49-1-150x84.jpeg 150w, https:\/\/maetinganoticias.com\/wp-content\/uploads\/2025\/11\/WhatsApp-Image-2025-11-25-at-15.07.49-1-696x390.jpeg 696w, https:\/\/maetinganoticias.com\/wp-content\/uploads\/2025\/11\/WhatsApp-Image-2025-11-25-at-15.07.49-1-1068x598.jpeg 1068w, https:\/\/maetinganoticias.com\/wp-content\/uploads\/2025\/11\/WhatsApp-Image-2025-11-25-at-15.07.49-1.jpeg 1080w\" sizes=\"auto, (max-width: 1024px) 100vw, 1024px\" \/><\/figure>\n\n\n\n<figure class=\"wp-block-image size-large\"><img loading=\"lazy\" decoding=\"async\" width=\"1024\" height=\"462\" src=\"https:\/\/maetinganoticias.com\/wp-content\/uploads\/2025\/11\/WhatsApp-Image-2025-11-25-at-15.08.04-1-1024x462.jpeg\" alt=\"\" class=\"wp-image-10087\" srcset=\"https:\/\/maetinganoticias.com\/wp-content\/uploads\/2025\/11\/WhatsApp-Image-2025-11-25-at-15.08.04-1-1024x462.jpeg 1024w, https:\/\/maetinganoticias.com\/wp-content\/uploads\/2025\/11\/WhatsApp-Image-2025-11-25-at-15.08.04-1-300x135.jpeg 300w, https:\/\/maetinganoticias.com\/wp-content\/uploads\/2025\/11\/WhatsApp-Image-2025-11-25-at-15.08.04-1-768x346.jpeg 768w, https:\/\/maetinganoticias.com\/wp-content\/uploads\/2025\/11\/WhatsApp-Image-2025-11-25-at-15.08.04-1-931x420.jpeg 931w, https:\/\/maetinganoticias.com\/wp-content\/uploads\/2025\/11\/WhatsApp-Image-2025-11-25-at-15.08.04-1-150x68.jpeg 150w, https:\/\/maetinganoticias.com\/wp-content\/uploads\/2025\/11\/WhatsApp-Image-2025-11-25-at-15.08.04-1-696x314.jpeg 696w, https:\/\/maetinganoticias.com\/wp-content\/uploads\/2025\/11\/WhatsApp-Image-2025-11-25-at-15.08.04-1-1068x482.jpeg 1068w, https:\/\/maetinganoticias.com\/wp-content\/uploads\/2025\/11\/WhatsApp-Image-2025-11-25-at-15.08.04-1.jpeg 1080w\" sizes=\"auto, (max-width: 1024px) 100vw, 1024px\" \/><\/figure>\n","protected":false},"excerpt":{"rendered":"<p>A Prefeitura Municipal de Guajeru promoveu, na noite desta sexta-feira (21), um momento inesquec\u00edvel para a comunidade. Por meio da Secretaria Municipal de Assist\u00eancia e Desenvolvimento Social, o CRAS Zilda Arns realizou a culmin\u00e2ncia do projeto Grupo de V\u00ednculo Sons do Sert\u00e3o, reunindo crian\u00e7as, adolescentes e jovens em um espet\u00e1culo marcado por emo\u00e7\u00e3o, cultura e [&hellip;]<\/p>\n","protected":false},"author":1,"featured_media":10084,"comment_status":"open","ping_status":"open","sticky":false,"template":"","format":"standard","meta":{"om_disable_all_campaigns":false,"_monsterinsights_skip_tracking":false,"_monsterinsights_sitenote_active":false,"_monsterinsights_sitenote_note":"","_monsterinsights_sitenote_category":0,"_uf_show_specific_survey":0,"_uf_disable_surveys":false,"footnotes":""},"categories":[8],"tags":[],"class_list":{"0":"post-10075","1":"post","2":"type-post","3":"status-publish","4":"format-standard","5":"has-post-thumbnail","7":"category-guajeru"},"yoast_head":"<!-- This site is optimized with the Yoast SEO plugin v27.4 - https:\/\/yoast.com\/product\/yoast-seo-wordpress\/ -->\n<title>Guajeru celebra talento e inclus\u00e3o em noite especial do projeto \u201cSons do Sert\u00e3o\u201d - Maetinga Not\u00edcias<\/title>\n<meta name=\"robots\" content=\"index, follow, max-snippet:-1, max-image-preview:large, max-video-preview:-1\" \/>\n<link rel=\"canonical\" href=\"https:\/\/maetinganoticias.com\/index.php\/2025\/11\/25\/guajeru-celebra-talento-e-inclusao-em-noite-especial-do-projeto-sons-do-sertao\/\" \/>\n<meta property=\"og:locale\" content=\"pt_BR\" \/>\n<meta property=\"og:type\" content=\"article\" \/>\n<meta property=\"og:title\" content=\"Guajeru celebra talento e inclus\u00e3o em noite especial do projeto \u201cSons do Sert\u00e3o\u201d - Maetinga Not\u00edcias\" \/>\n<meta property=\"og:description\" content=\"A Prefeitura Municipal de Guajeru promoveu, na noite desta sexta-feira (21), um momento inesquec\u00edvel para a comunidade. Por meio da Secretaria Municipal de Assist\u00eancia e Desenvolvimento Social, o CRAS Zilda Arns realizou a culmin\u00e2ncia do projeto Grupo de V\u00ednculo Sons do Sert\u00e3o, reunindo crian\u00e7as, adolescentes e jovens em um espet\u00e1culo marcado por emo\u00e7\u00e3o, cultura e [&hellip;]\" \/>\n<meta property=\"og:url\" content=\"https:\/\/maetinganoticias.com\/index.php\/2025\/11\/25\/guajeru-celebra-talento-e-inclusao-em-noite-especial-do-projeto-sons-do-sertao\/\" \/>\n<meta property=\"og:site_name\" content=\"Maetinga Not\u00edcias\" \/>\n<meta property=\"article:published_time\" content=\"2025-11-25T18:11:56+00:00\" \/>\n<meta property=\"article:modified_time\" content=\"2025-11-25T18:30:06+00:00\" \/>\n<meta property=\"og:image\" content=\"https:\/\/maetinganoticias.com\/wp-content\/uploads\/2025\/11\/WhatsApp-Image-2025-11-25-at-15.08.55.jpeg\" \/>\n\t<meta property=\"og:image:width\" content=\"1080\" \/>\n\t<meta property=\"og:image:height\" content=\"557\" \/>\n\t<meta property=\"og:image:type\" content=\"image\/jpeg\" \/>\n<meta name=\"author\" content=\"Maetinga Not\u00edcias\" \/>\n<meta name=\"twitter:card\" content=\"summary_large_image\" \/>\n<meta name=\"twitter:label1\" content=\"Escrito por\" \/>\n\t<meta name=\"twitter:data1\" content=\"Maetinga Not\u00edcias\" \/>\n\t<meta name=\"twitter:label2\" content=\"Est. tempo de leitura\" \/>\n\t<meta name=\"twitter:data2\" content=\"3 minutos\" \/>\n<script type=\"application\/ld+json\" class=\"yoast-schema-graph\">{\"@context\":\"https:\\\/\\\/schema.org\",\"@graph\":[{\"@type\":[\"Article\",\"BlogPosting\"],\"@id\":\"https:\\\/\\\/maetinganoticias.com\\\/index.php\\\/2025\\\/11\\\/25\\\/guajeru-celebra-talento-e-inclusao-em-noite-especial-do-projeto-sons-do-sertao\\\/#article\",\"isPartOf\":{\"@id\":\"https:\\\/\\\/maetinganoticias.com\\\/index.php\\\/2025\\\/11\\\/25\\\/guajeru-celebra-talento-e-inclusao-em-noite-especial-do-projeto-sons-do-sertao\\\/\"},\"author\":{\"name\":\"Maetinga Not\u00edcias\",\"@id\":\"https:\\\/\\\/maetinganoticias.com\\\/#\\\/schema\\\/person\\\/968cf95e67a6810fc7fb35bbc9016962\"},\"headline\":\"Guajeru celebra talento e inclus\u00e3o em noite especial do projeto \u201cSons do Sert\u00e3o\u201d\",\"datePublished\":\"2025-11-25T18:11:56+00:00\",\"dateModified\":\"2025-11-25T18:30:06+00:00\",\"mainEntityOfPage\":{\"@id\":\"https:\\\/\\\/maetinganoticias.com\\\/index.php\\\/2025\\\/11\\\/25\\\/guajeru-celebra-talento-e-inclusao-em-noite-especial-do-projeto-sons-do-sertao\\\/\"},\"wordCount\":278,\"commentCount\":0,\"publisher\":{\"@id\":\"https:\\\/\\\/maetinganoticias.com\\\/#organization\"},\"image\":{\"@id\":\"https:\\\/\\\/maetinganoticias.com\\\/index.php\\\/2025\\\/11\\\/25\\\/guajeru-celebra-talento-e-inclusao-em-noite-especial-do-projeto-sons-do-sertao\\\/#primaryimage\"},\"thumbnailUrl\":\"https:\\\/\\\/maetinganoticias.com\\\/wp-content\\\/uploads\\\/2025\\\/11\\\/WhatsApp-Image-2025-11-25-at-15.08.55.jpeg\",\"articleSection\":[\"Guajer\u00fa\"],\"inLanguage\":\"pt-BR\",\"potentialAction\":[{\"@type\":\"CommentAction\",\"name\":\"Comment\",\"target\":[\"https:\\\/\\\/maetinganoticias.com\\\/index.php\\\/2025\\\/11\\\/25\\\/guajeru-celebra-talento-e-inclusao-em-noite-especial-do-projeto-sons-do-sertao\\\/#respond\"]}]},{\"@type\":\"WebPage\",\"@id\":\"https:\\\/\\\/maetinganoticias.com\\\/index.php\\\/2025\\\/11\\\/25\\\/guajeru-celebra-talento-e-inclusao-em-noite-especial-do-projeto-sons-do-sertao\\\/\",\"url\":\"https:\\\/\\\/maetinganoticias.com\\\/index.php\\\/2025\\\/11\\\/25\\\/guajeru-celebra-talento-e-inclusao-em-noite-especial-do-projeto-sons-do-sertao\\\/\",\"name\":\"Guajeru celebra talento e inclus\u00e3o em noite especial do projeto \u201cSons do Sert\u00e3o\u201d - Maetinga Not\u00edcias\",\"isPartOf\":{\"@id\":\"https:\\\/\\\/maetinganoticias.com\\\/#website\"},\"primaryImageOfPage\":{\"@id\":\"https:\\\/\\\/maetinganoticias.com\\\/index.php\\\/2025\\\/11\\\/25\\\/guajeru-celebra-talento-e-inclusao-em-noite-especial-do-projeto-sons-do-sertao\\\/#primaryimage\"},\"image\":{\"@id\":\"https:\\\/\\\/maetinganoticias.com\\\/index.php\\\/2025\\\/11\\\/25\\\/guajeru-celebra-talento-e-inclusao-em-noite-especial-do-projeto-sons-do-sertao\\\/#primaryimage\"},\"thumbnailUrl\":\"https:\\\/\\\/maetinganoticias.com\\\/wp-content\\\/uploads\\\/2025\\\/11\\\/WhatsApp-Image-2025-11-25-at-15.08.55.jpeg\",\"datePublished\":\"2025-11-25T18:11:56+00:00\",\"dateModified\":\"2025-11-25T18:30:06+00:00\",\"breadcrumb\":{\"@id\":\"https:\\\/\\\/maetinganoticias.com\\\/index.php\\\/2025\\\/11\\\/25\\\/guajeru-celebra-talento-e-inclusao-em-noite-especial-do-projeto-sons-do-sertao\\\/#breadcrumb\"},\"inLanguage\":\"pt-BR\",\"potentialAction\":[{\"@type\":\"ReadAction\",\"target\":[\"https:\\\/\\\/maetinganoticias.com\\\/index.php\\\/2025\\\/11\\\/25\\\/guajeru-celebra-talento-e-inclusao-em-noite-especial-do-projeto-sons-do-sertao\\\/\"]}]},{\"@type\":\"ImageObject\",\"inLanguage\":\"pt-BR\",\"@id\":\"https:\\\/\\\/maetinganoticias.com\\\/index.php\\\/2025\\\/11\\\/25\\\/guajeru-celebra-talento-e-inclusao-em-noite-especial-do-projeto-sons-do-sertao\\\/#primaryimage\",\"url\":\"https:\\\/\\\/maetinganoticias.com\\\/wp-content\\\/uploads\\\/2025\\\/11\\\/WhatsApp-Image-2025-11-25-at-15.08.55.jpeg\",\"contentUrl\":\"https:\\\/\\\/maetinganoticias.com\\\/wp-content\\\/uploads\\\/2025\\\/11\\\/WhatsApp-Image-2025-11-25-at-15.08.55.jpeg\",\"width\":1080,\"height\":557},{\"@type\":\"BreadcrumbList\",\"@id\":\"https:\\\/\\\/maetinganoticias.com\\\/index.php\\\/2025\\\/11\\\/25\\\/guajeru-celebra-talento-e-inclusao-em-noite-especial-do-projeto-sons-do-sertao\\\/#breadcrumb\",\"itemListElement\":[{\"@type\":\"ListItem\",\"position\":1,\"name\":\"In\u00edcio\",\"item\":\"https:\\\/\\\/maetinganoticias.com\\\/\"},{\"@type\":\"ListItem\",\"position\":2,\"name\":\"Guajeru celebra talento e inclus\u00e3o em noite especial do projeto \u201cSons do Sert\u00e3o\u201d\"}]},{\"@type\":\"WebSite\",\"@id\":\"https:\\\/\\\/maetinganoticias.com\\\/#website\",\"url\":\"https:\\\/\\\/maetinganoticias.com\\\/\",\"name\":\"Maetinga Not\u00edcias\",\"description\":\"A Voz do Interior Baiano!\",\"publisher\":{\"@id\":\"https:\\\/\\\/maetinganoticias.com\\\/#organization\"},\"potentialAction\":[{\"@type\":\"SearchAction\",\"target\":{\"@type\":\"EntryPoint\",\"urlTemplate\":\"https:\\\/\\\/maetinganoticias.com\\\/?s={search_term_string}\"},\"query-input\":{\"@type\":\"PropertyValueSpecification\",\"valueRequired\":true,\"valueName\":\"search_term_string\"}}],\"inLanguage\":\"pt-BR\"},{\"@type\":\"Organization\",\"@id\":\"https:\\\/\\\/maetinganoticias.com\\\/#organization\",\"name\":\"Maetinga Not\u00edcias\",\"url\":\"https:\\\/\\\/maetinganoticias.com\\\/\",\"logo\":{\"@type\":\"ImageObject\",\"inLanguage\":\"pt-BR\",\"@id\":\"https:\\\/\\\/maetinganoticias.com\\\/#\\\/schema\\\/logo\\\/image\\\/\",\"url\":\"https:\\\/\\\/maetinganoticias.com\\\/wp-content\\\/uploads\\\/2023\\\/07\\\/cropped-cropped-cropped-cropped-BUSINESS-3-42-1.png\",\"contentUrl\":\"https:\\\/\\\/maetinganoticias.com\\\/wp-content\\\/uploads\\\/2023\\\/07\\\/cropped-cropped-cropped-cropped-BUSINESS-3-42-1.png\",\"width\":485,\"height\":109,\"caption\":\"Maetinga Not\u00edcias\"},\"image\":{\"@id\":\"https:\\\/\\\/maetinganoticias.com\\\/#\\\/schema\\\/logo\\\/image\\\/\"}},{\"@type\":\"Person\",\"@id\":\"https:\\\/\\\/maetinganoticias.com\\\/#\\\/schema\\\/person\\\/968cf95e67a6810fc7fb35bbc9016962\",\"name\":\"Maetinga Not\u00edcias\",\"image\":{\"@type\":\"ImageObject\",\"inLanguage\":\"pt-BR\",\"@id\":\"https:\\\/\\\/secure.gravatar.com\\\/avatar\\\/32e078313a5ca37a6c8d44e716ed4f9e87ecfde7222d2b88a1424bd49654f187?s=96&d=mm&r=g\",\"url\":\"https:\\\/\\\/secure.gravatar.com\\\/avatar\\\/32e078313a5ca37a6c8d44e716ed4f9e87ecfde7222d2b88a1424bd49654f187?s=96&d=mm&r=g\",\"contentUrl\":\"https:\\\/\\\/secure.gravatar.com\\\/avatar\\\/32e078313a5ca37a6c8d44e716ed4f9e87ecfde7222d2b88a1424bd49654f187?s=96&d=mm&r=g\",\"caption\":\"Maetinga Not\u00edcias\"},\"description\":\"A voz do Interior Baiano!\",\"sameAs\":[\"https:\\\/\\\/maetinganoticias.com\",\"https:\\\/\\\/www.instagram.com\\\/blogmaetinganoticias\\\/\"],\"url\":\"https:\\\/\\\/maetinganoticias.com\\\/index.php\\\/author\\\/carlosvianna13\\\/\"}]}<\/script>\n<!-- \/ Yoast SEO plugin. -->","yoast_head_json":{"title":"Guajeru celebra talento e inclus\u00e3o em noite especial do projeto \u201cSons do Sert\u00e3o\u201d - Maetinga Not\u00edcias","robots":{"index":"index","follow":"follow","max-snippet":"max-snippet:-1","max-image-preview":"max-image-preview:large","max-video-preview":"max-video-preview:-1"},"canonical":"https:\/\/maetinganoticias.com\/index.php\/2025\/11\/25\/guajeru-celebra-talento-e-inclusao-em-noite-especial-do-projeto-sons-do-sertao\/","og_locale":"pt_BR","og_type":"article","og_title":"Guajeru celebra talento e inclus\u00e3o em noite especial do projeto \u201cSons do Sert\u00e3o\u201d - Maetinga Not\u00edcias","og_description":"A Prefeitura Municipal de Guajeru promoveu, na noite desta sexta-feira (21), um momento inesquec\u00edvel para a comunidade. Por meio da Secretaria Municipal de Assist\u00eancia e Desenvolvimento Social, o CRAS Zilda Arns realizou a culmin\u00e2ncia do projeto Grupo de V\u00ednculo Sons do Sert\u00e3o, reunindo crian\u00e7as, adolescentes e jovens em um espet\u00e1culo marcado por emo\u00e7\u00e3o, cultura e [&hellip;]","og_url":"https:\/\/maetinganoticias.com\/index.php\/2025\/11\/25\/guajeru-celebra-talento-e-inclusao-em-noite-especial-do-projeto-sons-do-sertao\/","og_site_name":"Maetinga Not\u00edcias","article_published_time":"2025-11-25T18:11:56+00:00","article_modified_time":"2025-11-25T18:30:06+00:00","og_image":[{"width":1080,"height":557,"url":"https:\/\/maetinganoticias.com\/wp-content\/uploads\/2025\/11\/WhatsApp-Image-2025-11-25-at-15.08.55.jpeg","type":"image\/jpeg"}],"author":"Maetinga Not\u00edcias","twitter_card":"summary_large_image","twitter_misc":{"Escrito por":"Maetinga Not\u00edcias","Est. tempo de leitura":"3 minutos"},"schema":{"@context":"https:\/\/schema.org","@graph":[{"@type":["Article","BlogPosting"],"@id":"https:\/\/maetinganoticias.com\/index.php\/2025\/11\/25\/guajeru-celebra-talento-e-inclusao-em-noite-especial-do-projeto-sons-do-sertao\/#article","isPartOf":{"@id":"https:\/\/maetinganoticias.com\/index.php\/2025\/11\/25\/guajeru-celebra-talento-e-inclusao-em-noite-especial-do-projeto-sons-do-sertao\/"},"author":{"name":"Maetinga Not\u00edcias","@id":"https:\/\/maetinganoticias.com\/#\/schema\/person\/968cf95e67a6810fc7fb35bbc9016962"},"headline":"Guajeru celebra talento e inclus\u00e3o em noite especial do projeto \u201cSons do Sert\u00e3o\u201d","datePublished":"2025-11-25T18:11:56+00:00","dateModified":"2025-11-25T18:30:06+00:00","mainEntityOfPage":{"@id":"https:\/\/maetinganoticias.com\/index.php\/2025\/11\/25\/guajeru-celebra-talento-e-inclusao-em-noite-especial-do-projeto-sons-do-sertao\/"},"wordCount":278,"commentCount":0,"publisher":{"@id":"https:\/\/maetinganoticias.com\/#organization"},"image":{"@id":"https:\/\/maetinganoticias.com\/index.php\/2025\/11\/25\/guajeru-celebra-talento-e-inclusao-em-noite-especial-do-projeto-sons-do-sertao\/#primaryimage"},"thumbnailUrl":"https:\/\/maetinganoticias.com\/wp-content\/uploads\/2025\/11\/WhatsApp-Image-2025-11-25-at-15.08.55.jpeg","articleSection":["Guajer\u00fa"],"inLanguage":"pt-BR","potentialAction":[{"@type":"CommentAction","name":"Comment","target":["https:\/\/maetinganoticias.com\/index.php\/2025\/11\/25\/guajeru-celebra-talento-e-inclusao-em-noite-especial-do-projeto-sons-do-sertao\/#respond"]}]},{"@type":"WebPage","@id":"https:\/\/maetinganoticias.com\/index.php\/2025\/11\/25\/guajeru-celebra-talento-e-inclusao-em-noite-especial-do-projeto-sons-do-sertao\/","url":"https:\/\/maetinganoticias.com\/index.php\/2025\/11\/25\/guajeru-celebra-talento-e-inclusao-em-noite-especial-do-projeto-sons-do-sertao\/","name":"Guajeru celebra talento e inclus\u00e3o em noite especial do projeto \u201cSons do Sert\u00e3o\u201d - Maetinga Not\u00edcias","isPartOf":{"@id":"https:\/\/maetinganoticias.com\/#website"},"primaryImageOfPage":{"@id":"https:\/\/maetinganoticias.com\/index.php\/2025\/11\/25\/guajeru-celebra-talento-e-inclusao-em-noite-especial-do-projeto-sons-do-sertao\/#primaryimage"},"image":{"@id":"https:\/\/maetinganoticias.com\/index.php\/2025\/11\/25\/guajeru-celebra-talento-e-inclusao-em-noite-especial-do-projeto-sons-do-sertao\/#primaryimage"},"thumbnailUrl":"https:\/\/maetinganoticias.com\/wp-content\/uploads\/2025\/11\/WhatsApp-Image-2025-11-25-at-15.08.55.jpeg","datePublished":"2025-11-25T18:11:56+00:00","dateModified":"2025-11-25T18:30:06+00:00","breadcrumb":{"@id":"https:\/\/maetinganoticias.com\/index.php\/2025\/11\/25\/guajeru-celebra-talento-e-inclusao-em-noite-especial-do-projeto-sons-do-sertao\/#breadcrumb"},"inLanguage":"pt-BR","potentialAction":[{"@type":"ReadAction","target":["https:\/\/maetinganoticias.com\/index.php\/2025\/11\/25\/guajeru-celebra-talento-e-inclusao-em-noite-especial-do-projeto-sons-do-sertao\/"]}]},{"@type":"ImageObject","inLanguage":"pt-BR","@id":"https:\/\/maetinganoticias.com\/index.php\/2025\/11\/25\/guajeru-celebra-talento-e-inclusao-em-noite-especial-do-projeto-sons-do-sertao\/#primaryimage","url":"https:\/\/maetinganoticias.com\/wp-content\/uploads\/2025\/11\/WhatsApp-Image-2025-11-25-at-15.08.55.jpeg","contentUrl":"https:\/\/maetinganoticias.com\/wp-content\/uploads\/2025\/11\/WhatsApp-Image-2025-11-25-at-15.08.55.jpeg","width":1080,"height":557},{"@type":"BreadcrumbList","@id":"https:\/\/maetinganoticias.com\/index.php\/2025\/11\/25\/guajeru-celebra-talento-e-inclusao-em-noite-especial-do-projeto-sons-do-sertao\/#breadcrumb","itemListElement":[{"@type":"ListItem","position":1,"name":"In\u00edcio","item":"https:\/\/maetinganoticias.com\/"},{"@type":"ListItem","position":2,"name":"Guajeru celebra talento e inclus\u00e3o em noite especial do projeto \u201cSons do Sert\u00e3o\u201d"}]},{"@type":"WebSite","@id":"https:\/\/maetinganoticias.com\/#website","url":"https:\/\/maetinganoticias.com\/","name":"Maetinga Not\u00edcias","description":"A Voz do Interior Baiano!","publisher":{"@id":"https:\/\/maetinganoticias.com\/#organization"},"potentialAction":[{"@type":"SearchAction","target":{"@type":"EntryPoint","urlTemplate":"https:\/\/maetinganoticias.com\/?s={search_term_string}"},"query-input":{"@type":"PropertyValueSpecification","valueRequired":true,"valueName":"search_term_string"}}],"inLanguage":"pt-BR"},{"@type":"Organization","@id":"https:\/\/maetinganoticias.com\/#organization","name":"Maetinga Not\u00edcias","url":"https:\/\/maetinganoticias.com\/","logo":{"@type":"ImageObject","inLanguage":"pt-BR","@id":"https:\/\/maetinganoticias.com\/#\/schema\/logo\/image\/","url":"https:\/\/maetinganoticias.com\/wp-content\/uploads\/2023\/07\/cropped-cropped-cropped-cropped-BUSINESS-3-42-1.png","contentUrl":"https:\/\/maetinganoticias.com\/wp-content\/uploads\/2023\/07\/cropped-cropped-cropped-cropped-BUSINESS-3-42-1.png","width":485,"height":109,"caption":"Maetinga Not\u00edcias"},"image":{"@id":"https:\/\/maetinganoticias.com\/#\/schema\/logo\/image\/"}},{"@type":"Person","@id":"https:\/\/maetinganoticias.com\/#\/schema\/person\/968cf95e67a6810fc7fb35bbc9016962","name":"Maetinga Not\u00edcias","image":{"@type":"ImageObject","inLanguage":"pt-BR","@id":"https:\/\/secure.gravatar.com\/avatar\/32e078313a5ca37a6c8d44e716ed4f9e87ecfde7222d2b88a1424bd49654f187?s=96&d=mm&r=g","url":"https:\/\/secure.gravatar.com\/avatar\/32e078313a5ca37a6c8d44e716ed4f9e87ecfde7222d2b88a1424bd49654f187?s=96&d=mm&r=g","contentUrl":"https:\/\/secure.gravatar.com\/avatar\/32e078313a5ca37a6c8d44e716ed4f9e87ecfde7222d2b88a1424bd49654f187?s=96&d=mm&r=g","caption":"Maetinga Not\u00edcias"},"description":"A voz do Interior Baiano!","sameAs":["https:\/\/maetinganoticias.com","https:\/\/www.instagram.com\/blogmaetinganoticias\/"],"url":"https:\/\/maetinganoticias.com\/index.php\/author\/carlosvianna13\/"}]}},"_links":{"self":[{"href":"https:\/\/maetinganoticias.com\/index.php\/wp-json\/wp\/v2\/posts\/10075","targetHints":{"allow":["GET"]}}],"collection":[{"href":"https:\/\/maetinganoticias.com\/index.php\/wp-json\/wp\/v2\/posts"}],"about":[{"href":"https:\/\/maetinganoticias.com\/index.php\/wp-json\/wp\/v2\/types\/post"}],"author":[{"embeddable":true,"href":"https:\/\/maetinganoticias.com\/index.php\/wp-json\/wp\/v2\/users\/1"}],"replies":[{"embeddable":true,"href":"https:\/\/maetinganoticias.com\/index.php\/wp-json\/wp\/v2\/comments?post=10075"}],"version-history":[{"count":2,"href":"https:\/\/maetinganoticias.com\/index.php\/wp-json\/wp\/v2\/posts\/10075\/revisions"}],"predecessor-version":[{"id":10097,"href":"https:\/\/maetinganoticias.com\/index.php\/wp-json\/wp\/v2\/posts\/10075\/revisions\/10097"}],"wp:featuredmedia":[{"embeddable":true,"href":"https:\/\/maetinganoticias.com\/index.php\/wp-json\/wp\/v2\/media\/10084"}],"wp:attachment":[{"href":"https:\/\/maetinganoticias.com\/index.php\/wp-json\/wp\/v2\/media?parent=10075"}],"wp:term":[{"taxonomy":"category","embeddable":true,"href":"https:\/\/maetinganoticias.com\/index.php\/wp-json\/wp\/v2\/categories?post=10075"},{"taxonomy":"post_tag","embeddable":true,"href":"https:\/\/maetinganoticias.com\/index.php\/wp-json\/wp\/v2\/tags?post=10075"}],"curies":[{"name":"wp","href":"https:\/\/api.w.org\/{rel}","templated":true}]}}