{"id":10056,"date":"2025-11-24T20:31:56","date_gmt":"2025-11-24T23:31:56","guid":{"rendered":"https:\/\/maetinganoticias.com\/?p=10056"},"modified":"2025-11-24T20:31:57","modified_gmt":"2025-11-24T23:31:57","slug":"prefeito-phellipe-brito-destaca-uniao-e-gratidao-em-evento-que-inaugurou-o-novo-centro-educacional-em-ituacu","status":"publish","type":"post","link":"https:\/\/maetinganoticias.com\/index.php\/2025\/11\/24\/prefeito-phellipe-brito-destaca-uniao-e-gratidao-em-evento-que-inaugurou-o-novo-centro-educacional-em-ituacu\/","title":{"rendered":"Prefeito Phellipe Brito destaca uni\u00e3o e gratid\u00e3o em evento que inaugurou o novo Centro Educacional em Itua\u00e7u"},"content":{"rendered":"\n<p>O munic\u00edpio de Itua\u00e7u viveu um momento marcado por emo\u00e7\u00e3o, uni\u00e3o e reconhecimento. Durante a visita do governador Jer\u00f4nimo Rodrigues realizada nesta \u00faltima sexta, onde foi inaugurado o novo Centro Educacional em Itua\u00e7u, o prefeito <strong>Phellipe Brito<\/strong> expressou gratid\u00e3o pela presen\u00e7a e participa\u00e7\u00e3o de todos que contribu\u00edram para o sucesso do evento, refor\u00e7ando o compromisso coletivo com o desenvolvimento da cidade.<\/p>\n\n\n\n<p>Em seu discurso, o gestor destacou a import\u00e2ncia dos estudantes, funcion\u00e1rios e da comunidade escolar para o fortalecimento das a\u00e7\u00f5es municipais. Ele fez quest\u00e3o de agradecer especialmente aos <strong>alunos<\/strong>, cuja energia e entusiasmo deram brilho \u00e0 programa\u00e7\u00e3o, e \u00e0 <strong>Banda Marcial Fan Juw<\/strong>, que mais uma vez demonstrou talento e dedica\u00e7\u00e3o.<\/p>\n\n\n\n<p><em><strong>\u201cEu sigo agradecendo, de cora\u00e7\u00e3o, a presen\u00e7a de cada um que esteve conosco nesse momento t\u00e3o especial para o nosso munic\u00edpio. Muito obrigado a todos que caminham junto conosco, fortalecendo nossa Itua\u00e7u e mostrando, mais uma vez, que quando trabalhamos unidos, avan\u00e7amos ainda mais. Gratid\u00e3o sempre!\u201d<\/strong><\/em> \u2014 afirmou o prefeito Phellipe Brito.<\/p>\n\n\n\n<p>O prefeito tamb\u00e9m ressaltou o papel dos <strong>funcion\u00e1rios do col\u00e9gio<\/strong>, que atuaram com empenho para que tudo acontecesse da melhor forma poss\u00edvel, refor\u00e7ando que cada detalhe \u00e9 resultado do trabalho conjunto.<\/p>\n\n\n\n<p>O evento evidenciou a for\u00e7a da uni\u00e3o entre gest\u00e3o municipal, escola e comunidade. Segundo Phellipe Brito, essa parceria \u00e9 fundamental para que Itua\u00e7u continue avan\u00e7ando com responsabilidade, respeito e compromisso com o futuro.<\/p>\n\n\n\n<p>A administra\u00e7\u00e3o municipal segue refor\u00e7ando a\u00e7\u00f5es que valorizam a educa\u00e7\u00e3o, a cultura e o envolvimento social \u2014 pilares essenciais para o fortalecimento de Itua\u00e7u e para a constru\u00e7\u00e3o de novas conquistas.<\/p>\n\n\n\n<figure class=\"wp-block-image size-large\"><img loading=\"lazy\" decoding=\"async\" width=\"1024\" height=\"688\" src=\"https:\/\/maetinganoticias.com\/wp-content\/uploads\/2025\/11\/WhatsApp-Image-2025-11-24-at-20.31.34-1024x688.jpeg\" alt=\"\" class=\"wp-image-10065\" srcset=\"https:\/\/maetinganoticias.com\/wp-content\/uploads\/2025\/11\/WhatsApp-Image-2025-11-24-at-20.31.34-1024x688.jpeg 1024w, https:\/\/maetinganoticias.com\/wp-content\/uploads\/2025\/11\/WhatsApp-Image-2025-11-24-at-20.31.34-300x202.jpeg 300w, https:\/\/maetinganoticias.com\/wp-content\/uploads\/2025\/11\/WhatsApp-Image-2025-11-24-at-20.31.34-768x516.jpeg 768w, https:\/\/maetinganoticias.com\/wp-content\/uploads\/2025\/11\/WhatsApp-Image-2025-11-24-at-20.31.34-625x420.jpeg 625w, https:\/\/maetinganoticias.com\/wp-content\/uploads\/2025\/11\/WhatsApp-Image-2025-11-24-at-20.31.34-150x101.jpeg 150w, https:\/\/maetinganoticias.com\/wp-content\/uploads\/2025\/11\/WhatsApp-Image-2025-11-24-at-20.31.34-696x468.jpeg 696w, https:\/\/maetinganoticias.com\/wp-content\/uploads\/2025\/11\/WhatsApp-Image-2025-11-24-at-20.31.34-1068x718.jpeg 1068w, https:\/\/maetinganoticias.com\/wp-content\/uploads\/2025\/11\/WhatsApp-Image-2025-11-24-at-20.31.34.jpeg 1079w\" sizes=\"auto, (max-width: 1024px) 100vw, 1024px\" \/><\/figure>\n\n\n\n<figure class=\"wp-block-image size-large\"><img loading=\"lazy\" decoding=\"async\" width=\"1024\" height=\"524\" src=\"https:\/\/maetinganoticias.com\/wp-content\/uploads\/2025\/11\/WhatsApp-Image-2025-11-24-at-20.29.45-1024x524.jpeg\" alt=\"\" class=\"wp-image-10057\" srcset=\"https:\/\/maetinganoticias.com\/wp-content\/uploads\/2025\/11\/WhatsApp-Image-2025-11-24-at-20.29.45-1024x524.jpeg 1024w, https:\/\/maetinganoticias.com\/wp-content\/uploads\/2025\/11\/WhatsApp-Image-2025-11-24-at-20.29.45-300x154.jpeg 300w, https:\/\/maetinganoticias.com\/wp-content\/uploads\/2025\/11\/WhatsApp-Image-2025-11-24-at-20.29.45-768x393.jpeg 768w, https:\/\/maetinganoticias.com\/wp-content\/uploads\/2025\/11\/WhatsApp-Image-2025-11-24-at-20.29.45-820x420.jpeg 820w, https:\/\/maetinganoticias.com\/wp-content\/uploads\/2025\/11\/WhatsApp-Image-2025-11-24-at-20.29.45-150x77.jpeg 150w, https:\/\/maetinganoticias.com\/wp-content\/uploads\/2025\/11\/WhatsApp-Image-2025-11-24-at-20.29.45-696x356.jpeg 696w, https:\/\/maetinganoticias.com\/wp-content\/uploads\/2025\/11\/WhatsApp-Image-2025-11-24-at-20.29.45-1068x547.jpeg 1068w, https:\/\/maetinganoticias.com\/wp-content\/uploads\/2025\/11\/WhatsApp-Image-2025-11-24-at-20.29.45.jpeg 1080w\" sizes=\"auto, (max-width: 1024px) 100vw, 1024px\" \/><\/figure>\n\n\n\n<figure class=\"wp-block-image size-large\"><img loading=\"lazy\" decoding=\"async\" width=\"1024\" height=\"576\" src=\"https:\/\/maetinganoticias.com\/wp-content\/uploads\/2025\/11\/WhatsApp-Image-2025-11-24-at-20.29.24-1024x576.jpeg\" alt=\"\" class=\"wp-image-10059\" srcset=\"https:\/\/maetinganoticias.com\/wp-content\/uploads\/2025\/11\/WhatsApp-Image-2025-11-24-at-20.29.24-1024x576.jpeg 1024w, https:\/\/maetinganoticias.com\/wp-content\/uploads\/2025\/11\/WhatsApp-Image-2025-11-24-at-20.29.24-300x169.jpeg 300w, https:\/\/maetinganoticias.com\/wp-content\/uploads\/2025\/11\/WhatsApp-Image-2025-11-24-at-20.29.24-768x432.jpeg 768w, https:\/\/maetinganoticias.com\/wp-content\/uploads\/2025\/11\/WhatsApp-Image-2025-11-24-at-20.29.24-746x420.jpeg 746w, https:\/\/maetinganoticias.com\/wp-content\/uploads\/2025\/11\/WhatsApp-Image-2025-11-24-at-20.29.24-150x84.jpeg 150w, https:\/\/maetinganoticias.com\/wp-content\/uploads\/2025\/11\/WhatsApp-Image-2025-11-24-at-20.29.24-696x392.jpeg 696w, https:\/\/maetinganoticias.com\/wp-content\/uploads\/2025\/11\/WhatsApp-Image-2025-11-24-at-20.29.24-1068x601.jpeg 1068w, https:\/\/maetinganoticias.com\/wp-content\/uploads\/2025\/11\/WhatsApp-Image-2025-11-24-at-20.29.24.jpeg 1080w\" sizes=\"auto, (max-width: 1024px) 100vw, 1024px\" \/><\/figure>\n\n\n\n<figure class=\"wp-block-image size-large\"><img loading=\"lazy\" decoding=\"async\" width=\"1024\" height=\"516\" src=\"https:\/\/maetinganoticias.com\/wp-content\/uploads\/2025\/11\/WhatsApp-Image-2025-11-24-at-20.29.04-1024x516.jpeg\" alt=\"\" class=\"wp-image-10060\" srcset=\"https:\/\/maetinganoticias.com\/wp-content\/uploads\/2025\/11\/WhatsApp-Image-2025-11-24-at-20.29.04-1024x516.jpeg 1024w, https:\/\/maetinganoticias.com\/wp-content\/uploads\/2025\/11\/WhatsApp-Image-2025-11-24-at-20.29.04-300x151.jpeg 300w, https:\/\/maetinganoticias.com\/wp-content\/uploads\/2025\/11\/WhatsApp-Image-2025-11-24-at-20.29.04-768x387.jpeg 768w, https:\/\/maetinganoticias.com\/wp-content\/uploads\/2025\/11\/WhatsApp-Image-2025-11-24-at-20.29.04-834x420.jpeg 834w, https:\/\/maetinganoticias.com\/wp-content\/uploads\/2025\/11\/WhatsApp-Image-2025-11-24-at-20.29.04-150x76.jpeg 150w, https:\/\/maetinganoticias.com\/wp-content\/uploads\/2025\/11\/WhatsApp-Image-2025-11-24-at-20.29.04-696x351.jpeg 696w, https:\/\/maetinganoticias.com\/wp-content\/uploads\/2025\/11\/WhatsApp-Image-2025-11-24-at-20.29.04-1068x538.jpeg 1068w, https:\/\/maetinganoticias.com\/wp-content\/uploads\/2025\/11\/WhatsApp-Image-2025-11-24-at-20.29.04.jpeg 1080w\" sizes=\"auto, (max-width: 1024px) 100vw, 1024px\" \/><\/figure>\n\n\n\n<figure class=\"wp-block-image size-large\"><img loading=\"lazy\" decoding=\"async\" width=\"1024\" height=\"512\" src=\"https:\/\/maetinganoticias.com\/wp-content\/uploads\/2025\/11\/WhatsApp-Image-2025-11-24-at-20.28.53-1024x512.jpeg\" alt=\"\" class=\"wp-image-10061\" srcset=\"https:\/\/maetinganoticias.com\/wp-content\/uploads\/2025\/11\/WhatsApp-Image-2025-11-24-at-20.28.53-1024x512.jpeg 1024w, https:\/\/maetinganoticias.com\/wp-content\/uploads\/2025\/11\/WhatsApp-Image-2025-11-24-at-20.28.53-300x150.jpeg 300w, https:\/\/maetinganoticias.com\/wp-content\/uploads\/2025\/11\/WhatsApp-Image-2025-11-24-at-20.28.53-768x384.jpeg 768w, https:\/\/maetinganoticias.com\/wp-content\/uploads\/2025\/11\/WhatsApp-Image-2025-11-24-at-20.28.53-840x420.jpeg 840w, https:\/\/maetinganoticias.com\/wp-content\/uploads\/2025\/11\/WhatsApp-Image-2025-11-24-at-20.28.53-150x75.jpeg 150w, https:\/\/maetinganoticias.com\/wp-content\/uploads\/2025\/11\/WhatsApp-Image-2025-11-24-at-20.28.53-696x348.jpeg 696w, https:\/\/maetinganoticias.com\/wp-content\/uploads\/2025\/11\/WhatsApp-Image-2025-11-24-at-20.28.53-1068x534.jpeg 1068w, https:\/\/maetinganoticias.com\/wp-content\/uploads\/2025\/11\/WhatsApp-Image-2025-11-24-at-20.28.53.jpeg 1080w\" sizes=\"auto, (max-width: 1024px) 100vw, 1024px\" \/><\/figure>\n\n\n\n<figure class=\"wp-block-image size-large\"><img loading=\"lazy\" decoding=\"async\" width=\"1024\" height=\"582\" src=\"https:\/\/maetinganoticias.com\/wp-content\/uploads\/2025\/11\/WhatsApp-Image-2025-11-24-at-20.28.42-1024x582.jpeg\" alt=\"\" class=\"wp-image-10063\" srcset=\"https:\/\/maetinganoticias.com\/wp-content\/uploads\/2025\/11\/WhatsApp-Image-2025-11-24-at-20.28.42-1024x582.jpeg 1024w, https:\/\/maetinganoticias.com\/wp-content\/uploads\/2025\/11\/WhatsApp-Image-2025-11-24-at-20.28.42-300x170.jpeg 300w, https:\/\/maetinganoticias.com\/wp-content\/uploads\/2025\/11\/WhatsApp-Image-2025-11-24-at-20.28.42-768x436.jpeg 768w, https:\/\/maetinganoticias.com\/wp-content\/uploads\/2025\/11\/WhatsApp-Image-2025-11-24-at-20.28.42-739x420.jpeg 739w, https:\/\/maetinganoticias.com\/wp-content\/uploads\/2025\/11\/WhatsApp-Image-2025-11-24-at-20.28.42-150x85.jpeg 150w, https:\/\/maetinganoticias.com\/wp-content\/uploads\/2025\/11\/WhatsApp-Image-2025-11-24-at-20.28.42-696x395.jpeg 696w, https:\/\/maetinganoticias.com\/wp-content\/uploads\/2025\/11\/WhatsApp-Image-2025-11-24-at-20.28.42-1068x607.jpeg 1068w, https:\/\/maetinganoticias.com\/wp-content\/uploads\/2025\/11\/WhatsApp-Image-2025-11-24-at-20.28.42.jpeg 1079w\" sizes=\"auto, (max-width: 1024px) 100vw, 1024px\" \/><\/figure>\n","protected":false},"excerpt":{"rendered":"<p>O munic\u00edpio de Itua\u00e7u viveu um momento marcado por emo\u00e7\u00e3o, uni\u00e3o e reconhecimento. Durante a visita do governador Jer\u00f4nimo Rodrigues realizada nesta \u00faltima sexta, onde foi inaugurado o novo Centro Educacional em Itua\u00e7u, o prefeito Phellipe Brito expressou gratid\u00e3o pela presen\u00e7a e participa\u00e7\u00e3o de todos que contribu\u00edram para o sucesso do evento, refor\u00e7ando o compromisso [&hellip;]<\/p>\n","protected":false},"author":1,"featured_media":10064,"comment_status":"open","ping_status":"open","sticky":false,"template":"","format":"standard","meta":{"om_disable_all_campaigns":false,"_monsterinsights_skip_tracking":false,"_monsterinsights_sitenote_active":false,"_monsterinsights_sitenote_note":"","_monsterinsights_sitenote_category":0,"_uf_show_specific_survey":0,"_uf_disable_surveys":false,"footnotes":""},"categories":[9],"tags":[],"class_list":{"0":"post-10056","1":"post","2":"type-post","3":"status-publish","4":"format-standard","5":"has-post-thumbnail","7":"category-ituacu"},"yoast_head":"<!-- This site is optimized with the Yoast SEO plugin v27.5 - https:\/\/yoast.com\/product\/yoast-seo-wordpress\/ -->\n<title>Prefeito Phellipe Brito destaca uni\u00e3o e gratid\u00e3o em evento que inaugurou o novo Centro Educacional em Itua\u00e7u - Maetinga Not\u00edcias<\/title>\n<meta name=\"robots\" content=\"index, follow, max-snippet:-1, max-image-preview:large, max-video-preview:-1\" \/>\n<link rel=\"canonical\" href=\"https:\/\/maetinganoticias.com\/index.php\/2025\/11\/24\/prefeito-phellipe-brito-destaca-uniao-e-gratidao-em-evento-que-inaugurou-o-novo-centro-educacional-em-ituacu\/\" \/>\n<meta property=\"og:locale\" content=\"pt_BR\" \/>\n<meta property=\"og:type\" content=\"article\" \/>\n<meta property=\"og:title\" content=\"Prefeito Phellipe Brito destaca uni\u00e3o e gratid\u00e3o em evento que inaugurou o novo Centro Educacional em Itua\u00e7u - Maetinga Not\u00edcias\" \/>\n<meta property=\"og:description\" content=\"O munic\u00edpio de Itua\u00e7u viveu um momento marcado por emo\u00e7\u00e3o, uni\u00e3o e reconhecimento. Durante a visita do governador Jer\u00f4nimo Rodrigues realizada nesta \u00faltima sexta, onde foi inaugurado o novo Centro Educacional em Itua\u00e7u, o prefeito Phellipe Brito expressou gratid\u00e3o pela presen\u00e7a e participa\u00e7\u00e3o de todos que contribu\u00edram para o sucesso do evento, refor\u00e7ando o compromisso [&hellip;]\" \/>\n<meta property=\"og:url\" content=\"https:\/\/maetinganoticias.com\/index.php\/2025\/11\/24\/prefeito-phellipe-brito-destaca-uniao-e-gratidao-em-evento-que-inaugurou-o-novo-centro-educacional-em-ituacu\/\" \/>\n<meta property=\"og:site_name\" content=\"Maetinga Not\u00edcias\" \/>\n<meta property=\"article:published_time\" content=\"2025-11-24T23:31:56+00:00\" \/>\n<meta property=\"article:modified_time\" content=\"2025-11-24T23:31:57+00:00\" \/>\n<meta property=\"og:image\" content=\"https:\/\/maetinganoticias.com\/wp-content\/uploads\/2025\/11\/WhatsApp-Image-2025-11-24-at-20.29.35-1.jpeg\" \/>\n\t<meta property=\"og:image:width\" content=\"1080\" \/>\n\t<meta property=\"og:image:height\" content=\"567\" \/>\n\t<meta property=\"og:image:type\" content=\"image\/jpeg\" \/>\n<meta name=\"author\" content=\"Maetinga Not\u00edcias\" \/>\n<meta name=\"twitter:card\" content=\"summary_large_image\" \/>\n<meta name=\"twitter:label1\" content=\"Escrito por\" \/>\n\t<meta name=\"twitter:data1\" content=\"Maetinga Not\u00edcias\" \/>\n\t<meta name=\"twitter:label2\" content=\"Est. tempo de leitura\" \/>\n\t<meta name=\"twitter:data2\" content=\"3 minutos\" \/>\n<script type=\"application\/ld+json\" class=\"yoast-schema-graph\">{\"@context\":\"https:\\\/\\\/schema.org\",\"@graph\":[{\"@type\":[\"Article\",\"BlogPosting\"],\"@id\":\"https:\\\/\\\/maetinganoticias.com\\\/index.php\\\/2025\\\/11\\\/24\\\/prefeito-phellipe-brito-destaca-uniao-e-gratidao-em-evento-que-inaugurou-o-novo-centro-educacional-em-ituacu\\\/#article\",\"isPartOf\":{\"@id\":\"https:\\\/\\\/maetinganoticias.com\\\/index.php\\\/2025\\\/11\\\/24\\\/prefeito-phellipe-brito-destaca-uniao-e-gratidao-em-evento-que-inaugurou-o-novo-centro-educacional-em-ituacu\\\/\"},\"author\":{\"name\":\"Maetinga Not\u00edcias\",\"@id\":\"https:\\\/\\\/maetinganoticias.com\\\/#\\\/schema\\\/person\\\/968cf95e67a6810fc7fb35bbc9016962\"},\"headline\":\"Prefeito Phellipe Brito destaca uni\u00e3o e gratid\u00e3o em evento que inaugurou o novo Centro Educacional em Itua\u00e7u\",\"datePublished\":\"2025-11-24T23:31:56+00:00\",\"dateModified\":\"2025-11-24T23:31:57+00:00\",\"mainEntityOfPage\":{\"@id\":\"https:\\\/\\\/maetinganoticias.com\\\/index.php\\\/2025\\\/11\\\/24\\\/prefeito-phellipe-brito-destaca-uniao-e-gratidao-em-evento-que-inaugurou-o-novo-centro-educacional-em-ituacu\\\/\"},\"wordCount\":313,\"commentCount\":0,\"publisher\":{\"@id\":\"https:\\\/\\\/maetinganoticias.com\\\/#organization\"},\"image\":{\"@id\":\"https:\\\/\\\/maetinganoticias.com\\\/index.php\\\/2025\\\/11\\\/24\\\/prefeito-phellipe-brito-destaca-uniao-e-gratidao-em-evento-que-inaugurou-o-novo-centro-educacional-em-ituacu\\\/#primaryimage\"},\"thumbnailUrl\":\"https:\\\/\\\/maetinganoticias.com\\\/wp-content\\\/uploads\\\/2025\\\/11\\\/WhatsApp-Image-2025-11-24-at-20.29.35-1.jpeg\",\"articleSection\":[\"Itua\u00e7u\"],\"inLanguage\":\"pt-BR\",\"potentialAction\":[{\"@type\":\"CommentAction\",\"name\":\"Comment\",\"target\":[\"https:\\\/\\\/maetinganoticias.com\\\/index.php\\\/2025\\\/11\\\/24\\\/prefeito-phellipe-brito-destaca-uniao-e-gratidao-em-evento-que-inaugurou-o-novo-centro-educacional-em-ituacu\\\/#respond\"]}]},{\"@type\":\"WebPage\",\"@id\":\"https:\\\/\\\/maetinganoticias.com\\\/index.php\\\/2025\\\/11\\\/24\\\/prefeito-phellipe-brito-destaca-uniao-e-gratidao-em-evento-que-inaugurou-o-novo-centro-educacional-em-ituacu\\\/\",\"url\":\"https:\\\/\\\/maetinganoticias.com\\\/index.php\\\/2025\\\/11\\\/24\\\/prefeito-phellipe-brito-destaca-uniao-e-gratidao-em-evento-que-inaugurou-o-novo-centro-educacional-em-ituacu\\\/\",\"name\":\"Prefeito Phellipe Brito destaca uni\u00e3o e gratid\u00e3o em evento que inaugurou o novo Centro Educacional em Itua\u00e7u - Maetinga Not\u00edcias\",\"isPartOf\":{\"@id\":\"https:\\\/\\\/maetinganoticias.com\\\/#website\"},\"primaryImageOfPage\":{\"@id\":\"https:\\\/\\\/maetinganoticias.com\\\/index.php\\\/2025\\\/11\\\/24\\\/prefeito-phellipe-brito-destaca-uniao-e-gratidao-em-evento-que-inaugurou-o-novo-centro-educacional-em-ituacu\\\/#primaryimage\"},\"image\":{\"@id\":\"https:\\\/\\\/maetinganoticias.com\\\/index.php\\\/2025\\\/11\\\/24\\\/prefeito-phellipe-brito-destaca-uniao-e-gratidao-em-evento-que-inaugurou-o-novo-centro-educacional-em-ituacu\\\/#primaryimage\"},\"thumbnailUrl\":\"https:\\\/\\\/maetinganoticias.com\\\/wp-content\\\/uploads\\\/2025\\\/11\\\/WhatsApp-Image-2025-11-24-at-20.29.35-1.jpeg\",\"datePublished\":\"2025-11-24T23:31:56+00:00\",\"dateModified\":\"2025-11-24T23:31:57+00:00\",\"breadcrumb\":{\"@id\":\"https:\\\/\\\/maetinganoticias.com\\\/index.php\\\/2025\\\/11\\\/24\\\/prefeito-phellipe-brito-destaca-uniao-e-gratidao-em-evento-que-inaugurou-o-novo-centro-educacional-em-ituacu\\\/#breadcrumb\"},\"inLanguage\":\"pt-BR\",\"potentialAction\":[{\"@type\":\"ReadAction\",\"target\":[\"https:\\\/\\\/maetinganoticias.com\\\/index.php\\\/2025\\\/11\\\/24\\\/prefeito-phellipe-brito-destaca-uniao-e-gratidao-em-evento-que-inaugurou-o-novo-centro-educacional-em-ituacu\\\/\"]}]},{\"@type\":\"ImageObject\",\"inLanguage\":\"pt-BR\",\"@id\":\"https:\\\/\\\/maetinganoticias.com\\\/index.php\\\/2025\\\/11\\\/24\\\/prefeito-phellipe-brito-destaca-uniao-e-gratidao-em-evento-que-inaugurou-o-novo-centro-educacional-em-ituacu\\\/#primaryimage\",\"url\":\"https:\\\/\\\/maetinganoticias.com\\\/wp-content\\\/uploads\\\/2025\\\/11\\\/WhatsApp-Image-2025-11-24-at-20.29.35-1.jpeg\",\"contentUrl\":\"https:\\\/\\\/maetinganoticias.com\\\/wp-content\\\/uploads\\\/2025\\\/11\\\/WhatsApp-Image-2025-11-24-at-20.29.35-1.jpeg\",\"width\":1080,\"height\":567},{\"@type\":\"BreadcrumbList\",\"@id\":\"https:\\\/\\\/maetinganoticias.com\\\/index.php\\\/2025\\\/11\\\/24\\\/prefeito-phellipe-brito-destaca-uniao-e-gratidao-em-evento-que-inaugurou-o-novo-centro-educacional-em-ituacu\\\/#breadcrumb\",\"itemListElement\":[{\"@type\":\"ListItem\",\"position\":1,\"name\":\"In\u00edcio\",\"item\":\"https:\\\/\\\/maetinganoticias.com\\\/\"},{\"@type\":\"ListItem\",\"position\":2,\"name\":\"Prefeito Phellipe Brito destaca uni\u00e3o e gratid\u00e3o em evento que inaugurou o novo Centro Educacional em Itua\u00e7u\"}]},{\"@type\":\"WebSite\",\"@id\":\"https:\\\/\\\/maetinganoticias.com\\\/#website\",\"url\":\"https:\\\/\\\/maetinganoticias.com\\\/\",\"name\":\"Maetinga Not\u00edcias\",\"description\":\"A Voz do Interior Baiano!\",\"publisher\":{\"@id\":\"https:\\\/\\\/maetinganoticias.com\\\/#organization\"},\"potentialAction\":[{\"@type\":\"SearchAction\",\"target\":{\"@type\":\"EntryPoint\",\"urlTemplate\":\"https:\\\/\\\/maetinganoticias.com\\\/?s={search_term_string}\"},\"query-input\":{\"@type\":\"PropertyValueSpecification\",\"valueRequired\":true,\"valueName\":\"search_term_string\"}}],\"inLanguage\":\"pt-BR\"},{\"@type\":\"Organization\",\"@id\":\"https:\\\/\\\/maetinganoticias.com\\\/#organization\",\"name\":\"Maetinga Not\u00edcias\",\"url\":\"https:\\\/\\\/maetinganoticias.com\\\/\",\"logo\":{\"@type\":\"ImageObject\",\"inLanguage\":\"pt-BR\",\"@id\":\"https:\\\/\\\/maetinganoticias.com\\\/#\\\/schema\\\/logo\\\/image\\\/\",\"url\":\"https:\\\/\\\/maetinganoticias.com\\\/wp-content\\\/uploads\\\/2023\\\/07\\\/cropped-cropped-cropped-cropped-BUSINESS-3-42-1.png\",\"contentUrl\":\"https:\\\/\\\/maetinganoticias.com\\\/wp-content\\\/uploads\\\/2023\\\/07\\\/cropped-cropped-cropped-cropped-BUSINESS-3-42-1.png\",\"width\":485,\"height\":109,\"caption\":\"Maetinga Not\u00edcias\"},\"image\":{\"@id\":\"https:\\\/\\\/maetinganoticias.com\\\/#\\\/schema\\\/logo\\\/image\\\/\"}},{\"@type\":\"Person\",\"@id\":\"https:\\\/\\\/maetinganoticias.com\\\/#\\\/schema\\\/person\\\/968cf95e67a6810fc7fb35bbc9016962\",\"name\":\"Maetinga Not\u00edcias\",\"image\":{\"@type\":\"ImageObject\",\"inLanguage\":\"pt-BR\",\"@id\":\"https:\\\/\\\/secure.gravatar.com\\\/avatar\\\/32e078313a5ca37a6c8d44e716ed4f9e87ecfde7222d2b88a1424bd49654f187?s=96&d=mm&r=g\",\"url\":\"https:\\\/\\\/secure.gravatar.com\\\/avatar\\\/32e078313a5ca37a6c8d44e716ed4f9e87ecfde7222d2b88a1424bd49654f187?s=96&d=mm&r=g\",\"contentUrl\":\"https:\\\/\\\/secure.gravatar.com\\\/avatar\\\/32e078313a5ca37a6c8d44e716ed4f9e87ecfde7222d2b88a1424bd49654f187?s=96&d=mm&r=g\",\"caption\":\"Maetinga Not\u00edcias\"},\"description\":\"A voz do Interior Baiano!\",\"sameAs\":[\"https:\\\/\\\/maetinganoticias.com\",\"https:\\\/\\\/www.instagram.com\\\/blogmaetinganoticias\\\/\"],\"url\":\"https:\\\/\\\/maetinganoticias.com\\\/index.php\\\/author\\\/carlosvianna13\\\/\"}]}<\/script>\n<!-- \/ Yoast SEO plugin. -->","yoast_head_json":{"title":"Prefeito Phellipe Brito destaca uni\u00e3o e gratid\u00e3o em evento que inaugurou o novo Centro Educacional em Itua\u00e7u - Maetinga Not\u00edcias","robots":{"index":"index","follow":"follow","max-snippet":"max-snippet:-1","max-image-preview":"max-image-preview:large","max-video-preview":"max-video-preview:-1"},"canonical":"https:\/\/maetinganoticias.com\/index.php\/2025\/11\/24\/prefeito-phellipe-brito-destaca-uniao-e-gratidao-em-evento-que-inaugurou-o-novo-centro-educacional-em-ituacu\/","og_locale":"pt_BR","og_type":"article","og_title":"Prefeito Phellipe Brito destaca uni\u00e3o e gratid\u00e3o em evento que inaugurou o novo Centro Educacional em Itua\u00e7u - Maetinga Not\u00edcias","og_description":"O munic\u00edpio de Itua\u00e7u viveu um momento marcado por emo\u00e7\u00e3o, uni\u00e3o e reconhecimento. Durante a visita do governador Jer\u00f4nimo Rodrigues realizada nesta \u00faltima sexta, onde foi inaugurado o novo Centro Educacional em Itua\u00e7u, o prefeito Phellipe Brito expressou gratid\u00e3o pela presen\u00e7a e participa\u00e7\u00e3o de todos que contribu\u00edram para o sucesso do evento, refor\u00e7ando o compromisso [&hellip;]","og_url":"https:\/\/maetinganoticias.com\/index.php\/2025\/11\/24\/prefeito-phellipe-brito-destaca-uniao-e-gratidao-em-evento-que-inaugurou-o-novo-centro-educacional-em-ituacu\/","og_site_name":"Maetinga Not\u00edcias","article_published_time":"2025-11-24T23:31:56+00:00","article_modified_time":"2025-11-24T23:31:57+00:00","og_image":[{"width":1080,"height":567,"url":"https:\/\/maetinganoticias.com\/wp-content\/uploads\/2025\/11\/WhatsApp-Image-2025-11-24-at-20.29.35-1.jpeg","type":"image\/jpeg"}],"author":"Maetinga Not\u00edcias","twitter_card":"summary_large_image","twitter_misc":{"Escrito por":"Maetinga Not\u00edcias","Est. tempo de leitura":"3 minutos"},"schema":{"@context":"https:\/\/schema.org","@graph":[{"@type":["Article","BlogPosting"],"@id":"https:\/\/maetinganoticias.com\/index.php\/2025\/11\/24\/prefeito-phellipe-brito-destaca-uniao-e-gratidao-em-evento-que-inaugurou-o-novo-centro-educacional-em-ituacu\/#article","isPartOf":{"@id":"https:\/\/maetinganoticias.com\/index.php\/2025\/11\/24\/prefeito-phellipe-brito-destaca-uniao-e-gratidao-em-evento-que-inaugurou-o-novo-centro-educacional-em-ituacu\/"},"author":{"name":"Maetinga Not\u00edcias","@id":"https:\/\/maetinganoticias.com\/#\/schema\/person\/968cf95e67a6810fc7fb35bbc9016962"},"headline":"Prefeito Phellipe Brito destaca uni\u00e3o e gratid\u00e3o em evento que inaugurou o novo Centro Educacional em Itua\u00e7u","datePublished":"2025-11-24T23:31:56+00:00","dateModified":"2025-11-24T23:31:57+00:00","mainEntityOfPage":{"@id":"https:\/\/maetinganoticias.com\/index.php\/2025\/11\/24\/prefeito-phellipe-brito-destaca-uniao-e-gratidao-em-evento-que-inaugurou-o-novo-centro-educacional-em-ituacu\/"},"wordCount":313,"commentCount":0,"publisher":{"@id":"https:\/\/maetinganoticias.com\/#organization"},"image":{"@id":"https:\/\/maetinganoticias.com\/index.php\/2025\/11\/24\/prefeito-phellipe-brito-destaca-uniao-e-gratidao-em-evento-que-inaugurou-o-novo-centro-educacional-em-ituacu\/#primaryimage"},"thumbnailUrl":"https:\/\/maetinganoticias.com\/wp-content\/uploads\/2025\/11\/WhatsApp-Image-2025-11-24-at-20.29.35-1.jpeg","articleSection":["Itua\u00e7u"],"inLanguage":"pt-BR","potentialAction":[{"@type":"CommentAction","name":"Comment","target":["https:\/\/maetinganoticias.com\/index.php\/2025\/11\/24\/prefeito-phellipe-brito-destaca-uniao-e-gratidao-em-evento-que-inaugurou-o-novo-centro-educacional-em-ituacu\/#respond"]}]},{"@type":"WebPage","@id":"https:\/\/maetinganoticias.com\/index.php\/2025\/11\/24\/prefeito-phellipe-brito-destaca-uniao-e-gratidao-em-evento-que-inaugurou-o-novo-centro-educacional-em-ituacu\/","url":"https:\/\/maetinganoticias.com\/index.php\/2025\/11\/24\/prefeito-phellipe-brito-destaca-uniao-e-gratidao-em-evento-que-inaugurou-o-novo-centro-educacional-em-ituacu\/","name":"Prefeito Phellipe Brito destaca uni\u00e3o e gratid\u00e3o em evento que inaugurou o novo Centro Educacional em Itua\u00e7u - Maetinga Not\u00edcias","isPartOf":{"@id":"https:\/\/maetinganoticias.com\/#website"},"primaryImageOfPage":{"@id":"https:\/\/maetinganoticias.com\/index.php\/2025\/11\/24\/prefeito-phellipe-brito-destaca-uniao-e-gratidao-em-evento-que-inaugurou-o-novo-centro-educacional-em-ituacu\/#primaryimage"},"image":{"@id":"https:\/\/maetinganoticias.com\/index.php\/2025\/11\/24\/prefeito-phellipe-brito-destaca-uniao-e-gratidao-em-evento-que-inaugurou-o-novo-centro-educacional-em-ituacu\/#primaryimage"},"thumbnailUrl":"https:\/\/maetinganoticias.com\/wp-content\/uploads\/2025\/11\/WhatsApp-Image-2025-11-24-at-20.29.35-1.jpeg","datePublished":"2025-11-24T23:31:56+00:00","dateModified":"2025-11-24T23:31:57+00:00","breadcrumb":{"@id":"https:\/\/maetinganoticias.com\/index.php\/2025\/11\/24\/prefeito-phellipe-brito-destaca-uniao-e-gratidao-em-evento-que-inaugurou-o-novo-centro-educacional-em-ituacu\/#breadcrumb"},"inLanguage":"pt-BR","potentialAction":[{"@type":"ReadAction","target":["https:\/\/maetinganoticias.com\/index.php\/2025\/11\/24\/prefeito-phellipe-brito-destaca-uniao-e-gratidao-em-evento-que-inaugurou-o-novo-centro-educacional-em-ituacu\/"]}]},{"@type":"ImageObject","inLanguage":"pt-BR","@id":"https:\/\/maetinganoticias.com\/index.php\/2025\/11\/24\/prefeito-phellipe-brito-destaca-uniao-e-gratidao-em-evento-que-inaugurou-o-novo-centro-educacional-em-ituacu\/#primaryimage","url":"https:\/\/maetinganoticias.com\/wp-content\/uploads\/2025\/11\/WhatsApp-Image-2025-11-24-at-20.29.35-1.jpeg","contentUrl":"https:\/\/maetinganoticias.com\/wp-content\/uploads\/2025\/11\/WhatsApp-Image-2025-11-24-at-20.29.35-1.jpeg","width":1080,"height":567},{"@type":"BreadcrumbList","@id":"https:\/\/maetinganoticias.com\/index.php\/2025\/11\/24\/prefeito-phellipe-brito-destaca-uniao-e-gratidao-em-evento-que-inaugurou-o-novo-centro-educacional-em-ituacu\/#breadcrumb","itemListElement":[{"@type":"ListItem","position":1,"name":"In\u00edcio","item":"https:\/\/maetinganoticias.com\/"},{"@type":"ListItem","position":2,"name":"Prefeito Phellipe Brito destaca uni\u00e3o e gratid\u00e3o em evento que inaugurou o novo Centro Educacional em Itua\u00e7u"}]},{"@type":"WebSite","@id":"https:\/\/maetinganoticias.com\/#website","url":"https:\/\/maetinganoticias.com\/","name":"Maetinga Not\u00edcias","description":"A Voz do Interior Baiano!","publisher":{"@id":"https:\/\/maetinganoticias.com\/#organization"},"potentialAction":[{"@type":"SearchAction","target":{"@type":"EntryPoint","urlTemplate":"https:\/\/maetinganoticias.com\/?s={search_term_string}"},"query-input":{"@type":"PropertyValueSpecification","valueRequired":true,"valueName":"search_term_string"}}],"inLanguage":"pt-BR"},{"@type":"Organization","@id":"https:\/\/maetinganoticias.com\/#organization","name":"Maetinga Not\u00edcias","url":"https:\/\/maetinganoticias.com\/","logo":{"@type":"ImageObject","inLanguage":"pt-BR","@id":"https:\/\/maetinganoticias.com\/#\/schema\/logo\/image\/","url":"https:\/\/maetinganoticias.com\/wp-content\/uploads\/2023\/07\/cropped-cropped-cropped-cropped-BUSINESS-3-42-1.png","contentUrl":"https:\/\/maetinganoticias.com\/wp-content\/uploads\/2023\/07\/cropped-cropped-cropped-cropped-BUSINESS-3-42-1.png","width":485,"height":109,"caption":"Maetinga Not\u00edcias"},"image":{"@id":"https:\/\/maetinganoticias.com\/#\/schema\/logo\/image\/"}},{"@type":"Person","@id":"https:\/\/maetinganoticias.com\/#\/schema\/person\/968cf95e67a6810fc7fb35bbc9016962","name":"Maetinga Not\u00edcias","image":{"@type":"ImageObject","inLanguage":"pt-BR","@id":"https:\/\/secure.gravatar.com\/avatar\/32e078313a5ca37a6c8d44e716ed4f9e87ecfde7222d2b88a1424bd49654f187?s=96&d=mm&r=g","url":"https:\/\/secure.gravatar.com\/avatar\/32e078313a5ca37a6c8d44e716ed4f9e87ecfde7222d2b88a1424bd49654f187?s=96&d=mm&r=g","contentUrl":"https:\/\/secure.gravatar.com\/avatar\/32e078313a5ca37a6c8d44e716ed4f9e87ecfde7222d2b88a1424bd49654f187?s=96&d=mm&r=g","caption":"Maetinga Not\u00edcias"},"description":"A voz do Interior Baiano!","sameAs":["https:\/\/maetinganoticias.com","https:\/\/www.instagram.com\/blogmaetinganoticias\/"],"url":"https:\/\/maetinganoticias.com\/index.php\/author\/carlosvianna13\/"}]}},"_links":{"self":[{"href":"https:\/\/maetinganoticias.com\/index.php\/wp-json\/wp\/v2\/posts\/10056","targetHints":{"allow":["GET"]}}],"collection":[{"href":"https:\/\/maetinganoticias.com\/index.php\/wp-json\/wp\/v2\/posts"}],"about":[{"href":"https:\/\/maetinganoticias.com\/index.php\/wp-json\/wp\/v2\/types\/post"}],"author":[{"embeddable":true,"href":"https:\/\/maetinganoticias.com\/index.php\/wp-json\/wp\/v2\/users\/1"}],"replies":[{"embeddable":true,"href":"https:\/\/maetinganoticias.com\/index.php\/wp-json\/wp\/v2\/comments?post=10056"}],"version-history":[{"count":1,"href":"https:\/\/maetinganoticias.com\/index.php\/wp-json\/wp\/v2\/posts\/10056\/revisions"}],"predecessor-version":[{"id":10066,"href":"https:\/\/maetinganoticias.com\/index.php\/wp-json\/wp\/v2\/posts\/10056\/revisions\/10066"}],"wp:featuredmedia":[{"embeddable":true,"href":"https:\/\/maetinganoticias.com\/index.php\/wp-json\/wp\/v2\/media\/10064"}],"wp:attachment":[{"href":"https:\/\/maetinganoticias.com\/index.php\/wp-json\/wp\/v2\/media?parent=10056"}],"wp:term":[{"taxonomy":"category","embeddable":true,"href":"https:\/\/maetinganoticias.com\/index.php\/wp-json\/wp\/v2\/categories?post=10056"},{"taxonomy":"post_tag","embeddable":true,"href":"https:\/\/maetinganoticias.com\/index.php\/wp-json\/wp\/v2\/tags?post=10056"}],"curies":[{"name":"wp","href":"https:\/\/api.w.org\/{rel}","templated":true}]}}